{"id":1038,"date":"2010-12-06T06:07:26","date_gmt":"2010-12-06T06:07:26","guid":{"rendered":"https:\/\/szelkialto.hu\/?p=1038"},"modified":"2014-06-04T08:40:41","modified_gmt":"2014-06-04T06:40:41","slug":"bertok-laszlo-75-eves","status":"publish","type":"post","link":"https:\/\/szelkialto.hu\/?p=1038","title":{"rendered":"Bert\u00f3k L\u00e1szl\u00f3 75 \u00e9ves"},"content":{"rendered":"<p><img loading=\"lazy\" decoding=\"async\" style=\"float: right; margin: 0px 20px;\" src=\"https:\/\/szelkialto.hu\/wp-content\/uploads\/bertok_laszlo.jpg\" alt=\"Bert\u00f3k L\u00e1szl\u00f3\" width=\"222\" height=\"170\" \/>Szeretettel k\u00f6sz\u00f6ntj\u00fck a 75 \u00e9ves Bert\u00f3k L\u00e1szl\u00f3t!<\/p>\n<p>Tisztelet\u00e9re 2010. december 9-\u00e9n 17:00 \u00f3rakor a M\u0171v\u00e9szetek \u00e9s Irodalom H\u00e1za programot szervez, amelyen k\u00f6zrem\u0171k\u00f6dnek:<\/p>\n<p style=\"padding-left: 30px;\"><strong>L\u00e1z\u00e1r Bal\u00e1zs, S\u00f3lyom Katalin, Cs\u0171r\u00f6s Mikl\u00f3s, Halmai Tam\u00e1s, M\u00e1rton L\u00e1szl\u00f3 \u00e9s a Sz\u00e9lki\u00e1lt\u00f3 egy\u00fcttes<\/strong><\/p>\n","protected":false},"excerpt":{"rendered":"<p>Szeretettel k\u00f6sz\u00f6ntj\u00fck a 75 \u00e9ves Bert\u00f3k L\u00e1szl\u00f3t! Tisztelet\u00e9re 2010. december 9-\u00e9n 17:00 \u00f3rakor a M\u0171v\u00e9szetek \u00e9s Irodalom H\u00e1za programot szervez, amelyen k\u00f6zrem\u0171k\u00f6dnek: L\u00e1z\u00e1r Bal\u00e1zs, S\u00f3lyom Katalin, Cs\u0171r\u00f6s Mikl\u00f3s, Halmai Tam\u00e1s, M\u00e1rton L\u00e1szl\u00f3 \u00e9s a Sz\u00e9lki\u00e1lt\u00f3 egy\u00fcttes<\/p>\n","protected":false},"author":3,"featured_media":0,"comment_status":"open","ping_status":"closed","sticky":false,"template":"","format":"standard","meta":{"footnotes":"","_links_to":"","_links_to_target":""},"categories":[12,11],"tags":[36,37,38],"class_list":["post-1038","post","type-post","status-publish","format-standard","hentry","category-irodalom-2","category-koltok","tag-bertok-laszlo","tag-lazar-balazs","tag-solyom-kati"],"rttpg_featured_image_url":null,"rttpg_author":{"display_name":"Fenyvesi B\u00e9la","author_link":"https:\/\/szelkialto.hu\/?author=3"},"rttpg_comment":0,"rttpg_category":"<a href=\"https:\/\/szelkialto.hu\/?cat=12\" rel=\"category\">irodalom<\/a> <a href=\"https:\/\/szelkialto.hu\/?cat=11\" rel=\"category\">k\u00f6lt\u0151k<\/a>","rttpg_excerpt":"Szeretettel k\u00f6sz\u00f6ntj\u00fck a 75 \u00e9ves Bert\u00f3k L\u00e1szl\u00f3t! Tisztelet\u00e9re 2010. december 9-\u00e9n 17:00 \u00f3rakor a M\u0171v\u00e9szetek \u00e9s Irodalom H\u00e1za programot szervez, amelyen k\u00f6zrem\u0171k\u00f6dnek: L\u00e1z\u00e1r Bal\u00e1zs, S\u00f3lyom Katalin, Cs\u0171r\u00f6s Mikl\u00f3s, Halmai Tam\u00e1s, M\u00e1rton L\u00e1szl\u00f3 \u00e9s a Sz\u00e9lki\u00e1lt\u00f3 egy\u00fcttes","_links":{"self":[{"href":"https:\/\/szelkialto.hu\/index.php?rest_route=\/wp\/v2\/posts\/1038","targetHints":{"allow":["GET"]}}],"collection":[{"href":"https:\/\/szelkialto.hu\/index.php?rest_route=\/wp\/v2\/posts"}],"about":[{"href":"https:\/\/szelkialto.hu\/index.php?rest_route=\/wp\/v2\/types\/post"}],"author":[{"embeddable":true,"href":"https:\/\/szelkialto.hu\/index.php?rest_route=\/wp\/v2\/users\/3"}],"replies":[{"embeddable":true,"href":"https:\/\/szelkialto.hu\/index.php?rest_route=%2Fwp%2Fv2%2Fcomments&post=1038"}],"version-history":[{"count":1,"href":"https:\/\/szelkialto.hu\/index.php?rest_route=\/wp\/v2\/posts\/1038\/revisions"}],"predecessor-version":[{"id":2848,"href":"https:\/\/szelkialto.hu\/index.php?rest_route=\/wp\/v2\/posts\/1038\/revisions\/2848"}],"wp:attachment":[{"href":"https:\/\/szelkialto.hu\/index.php?rest_route=%2Fwp%2Fv2%2Fmedia&parent=1038"}],"wp:term":[{"taxonomy":"category","embeddable":true,"href":"https:\/\/szelkialto.hu\/index.php?rest_route=%2Fwp%2Fv2%2Fcategories&post=1038"},{"taxonomy":"post_tag","embeddable":true,"href":"https:\/\/szelkialto.hu\/index.php?rest_route=%2Fwp%2Fv2%2Ftags&post=1038"}],"curies":[{"name":"wp","href":"https:\/\/api.w.org\/{rel}","templated":true}]}}