{"id":1046,"date":"2011-01-16T08:30:50","date_gmt":"2011-01-16T08:30:50","guid":{"rendered":"https:\/\/szelkialto.hu\/?p=1046"},"modified":"2014-11-10T06:01:37","modified_gmt":"2014-11-10T05:01:37","slug":"pincerol-pincere-variaciok-vincere","status":"publish","type":"post","link":"https:\/\/szelkialto.hu\/?p=1046","title":{"rendered":"Pinc\u00e9r\u0151l pinc\u00e9re &#8211; vari\u00e1ci\u00f3k Vinc\u00e9re"},"content":{"rendered":"<p><b>Vince-napi pincej\u00e1r\u00e1s<\/b><br \/>2011. janu\u00e1r 22. szombat<br \/><em>Sikl\u00f3s \u2013 Kishars\u00e1ny \u2013 Nagyhars\u00e1ny \u2013 Vill\u00e1ny<\/em><\/p>\n<p><b>14.00 Vylyan Sz\u0151l\u0151birtok \u00e9s Pinc\u00e9szet, Kishars\u00e1ny<\/b><br \/>Ez m\u00e1r a negyedik Vince napi \u201eszertart\u00e1s\u201d lesz a Vylyan sz\u0151l\u0151ben! Zajlott a Vince-nap m\u00e1r naps\u00fct\u00e9ses \u00e9s deres-k\u00f6d\u00f6s \u00e9g alatt is, most k\u00edv\u00e1ncsian v\u00e1rjuk, hogy ez\u00fattal megcsordul, vagy f\u00e9nylik Vince&#8230;<\/p>\n<p style=\"text-align: center;\"><img loading=\"lazy\" decoding=\"async\" title=\"Vince nap - 2010\" src=\"http:\/\/villanyiborvidek.hu\/images\/stories\/programok\/vylyan-szelkialto.jpg\" alt=\"Vince nap - 2010\" width=\"437\" height=\"291\" \/><\/p>\n<p>Az \u0151si \u00fatmutat\u00e1s szerint igyeksz\u00fcnk ism\u00e9t mindent megtenni, amit a hagyom\u00e1ny megk\u00f6vetel, mint p\u00e9ld\u00e1ul dalok, j\u00e1t\u00e9kok, k\u00f6z\u00f6s Vincevessz\u0151 v\u00e1g\u00e1s. A lelkeket M\u00e9sz\u00e1ros Istv\u00e1n melengeti tov\u00e1bb, majd bort k\u00f3stolunk Ipacs Szab\u00f3 Istv\u00e1nnal, a Tenkes Cs\u00e1rda h\u00e1zi finoms\u00e1gaival \u00e9s a Sz\u00e9lki\u00e1lt\u00f3k zen\u00e9j\u00e9vel k\u00eds\u00e9rve.<\/p>\n<p>A nap r\u00e9szletes programja <a href=\"http:\/\/www.vylyan.hu\/esemeny\/201\" target=\"_blank\"><b>itt<\/b><\/a> tal\u00e1lhat\u00f3.<\/p>\n<p>Itt pedig egy kedvcsin\u00e1l\u00f3 vide\u00f3 2010-b\u0151l:<\/p>\n<p style=\"text-align: center;\">\n<object id=\"viddler\" width=\"437\" height=\"370\" data=\"http:\/\/www.viddler.com\/player\/d40a05f1\/\" type=\"application\/x-shockwave-flash\"><param name=\"data\" value=\"http:\/\/www.viddler.com\/player\/d40a05f1\/\" \/><param name=\"allowScriptAccess\" value=\"always\" \/><param name=\"allowFullScreen\" value=\"true\" \/><param name=\"flashvars\" value=\"fake=1\" \/><param name=\"src\" value=\"http:\/\/www.viddler.com\/player\/d40a05f1\/\" \/><param name=\"name\" value=\"viddler\" \/><param name=\"allowfullscreen\" value=\"true\" \/><\/object><\/p>\n","protected":false},"excerpt":{"rendered":"<p>Vince-napi pincej\u00e1r\u00e1s2011. janu\u00e1r 22. szombatSikl\u00f3s \u2013 Kishars\u00e1ny \u2013 Nagyhars\u00e1ny \u2013 Vill\u00e1ny 14.00 Vylyan Sz\u0151l\u0151birtok \u00e9s Pinc\u00e9szet, Kishars\u00e1nyEz m\u00e1r a negyedik Vince napi \u201eszertart\u00e1s\u201d lesz a Vylyan sz\u0151l\u0151ben! Zajlott a Vince-nap m\u00e1r naps\u00fct\u00e9ses \u00e9s deres-k\u00f6d\u00f6s \u00e9g alatt is, most k\u00edv\u00e1ncsian v\u00e1rjuk,&#46;&#46;&#46;<\/p>\n","protected":false},"author":3,"featured_media":0,"comment_status":"open","ping_status":"closed","sticky":false,"template":"","format":"standard","meta":{"footnotes":"","_links_to":"","_links_to_target":""},"categories":[4,7],"tags":[33,35,34],"class_list":["post-1046","post","type-post","status-publish","format-standard","hentry","category-koncertek","category-zenekar","tag-bor","tag-kisharsany","tag-vylyan"],"rttpg_featured_image_url":null,"rttpg_author":{"display_name":"Fenyvesi B\u00e9la","author_link":"https:\/\/szelkialto.hu\/?author=3"},"rttpg_comment":0,"rttpg_category":"<a href=\"https:\/\/szelkialto.hu\/?cat=4\" rel=\"category\">koncertek<\/a> <a href=\"https:\/\/szelkialto.hu\/?cat=7\" rel=\"category\">zenekar<\/a>","rttpg_excerpt":"Vince-napi pincej\u00e1r\u00e1s2011. janu\u00e1r 22. szombatSikl\u00f3s \u2013 Kishars\u00e1ny \u2013 Nagyhars\u00e1ny \u2013 Vill\u00e1ny 14.00 Vylyan Sz\u0151l\u0151birtok \u00e9s Pinc\u00e9szet, Kishars\u00e1nyEz m\u00e1r a negyedik Vince napi \u201eszertart\u00e1s\u201d lesz a Vylyan sz\u0151l\u0151ben! Zajlott a Vince-nap m\u00e1r naps\u00fct\u00e9ses \u00e9s deres-k\u00f6d\u00f6s \u00e9g alatt is, most k\u00edv\u00e1ncsian v\u00e1rjuk,&#46;&#46;&#46;","_links":{"self":[{"href":"https:\/\/szelkialto.hu\/index.php?rest_route=\/wp\/v2\/posts\/1046","targetHints":{"allow":["GET"]}}],"collection":[{"href":"https:\/\/szelkialto.hu\/index.php?rest_route=\/wp\/v2\/posts"}],"about":[{"href":"https:\/\/szelkialto.hu\/index.php?rest_route=\/wp\/v2\/types\/post"}],"author":[{"embeddable":true,"href":"https:\/\/szelkialto.hu\/index.php?rest_route=\/wp\/v2\/users\/3"}],"replies":[{"embeddable":true,"href":"https:\/\/szelkialto.hu\/index.php?rest_route=%2Fwp%2Fv2%2Fcomments&post=1046"}],"version-history":[{"count":1,"href":"https:\/\/szelkialto.hu\/index.php?rest_route=\/wp\/v2\/posts\/1046\/revisions"}],"predecessor-version":[{"id":2978,"href":"https:\/\/szelkialto.hu\/index.php?rest_route=\/wp\/v2\/posts\/1046\/revisions\/2978"}],"wp:attachment":[{"href":"https:\/\/szelkialto.hu\/index.php?rest_route=%2Fwp%2Fv2%2Fmedia&parent=1046"}],"wp:term":[{"taxonomy":"category","embeddable":true,"href":"https:\/\/szelkialto.hu\/index.php?rest_route=%2Fwp%2Fv2%2Fcategories&post=1046"},{"taxonomy":"post_tag","embeddable":true,"href":"https:\/\/szelkialto.hu\/index.php?rest_route=%2Fwp%2Fv2%2Ftags&post=1046"}],"curies":[{"name":"wp","href":"https:\/\/api.w.org\/{rel}","templated":true}]}}