{"id":1048,"date":"2010-11-17T08:34:46","date_gmt":"2010-11-17T08:34:46","guid":{"rendered":"https:\/\/szelkialto.hu\/?p=1048"},"modified":"2014-08-01T18:28:39","modified_gmt":"2014-08-01T16:28:39","slug":"lato-kor-a-dominikanus-hazban","status":"publish","type":"post","link":"https:\/\/szelkialto.hu\/?p=1048","title":{"rendered":"L\u00e1t\u00f3-k\u00f6r a Dominik\u00e1nus H\u00e1zban"},"content":{"rendered":"<p><img loading=\"lazy\" decoding=\"async\" style=\"float: right; margin: 0px 10px; title=\"Jarmeczky Istv\u00e1n\" src=\"..\/images\/jarmeczky.png\" alt=\"Jarmeczky Istv\u00e1n\" width=\"160\" height=\"166\" \/>2010. november 30-\u00e1n 18:00 \u00f3rakor a Dominik\u00e1nus H\u00e1zban, a <b>L\u00e1t\u00f3-K\u00f6r <\/b>sorozat keret\u00e9n bel\u00fcl <b>Lakner Tam\u00e1s<\/b>, a Sz\u00e9lki\u00e1lt\u00f3 egy\u00fcttes vezet\u0151je besz\u00e9lget <a href=\"http:\/\/www.jarmeczky.hu\" target=\"_blank\"><b>Jarmeczky Istv\u00e1n<\/b><\/a> fest\u0151m\u0171v\u00e9sszel.<\/p>\n<p>A h\u00edr m\u00e1sik Sz\u00e9lki\u00e1lt\u00f3s vonatkoz\u00e1sa, hogy Istv\u00e1n bar\u00e1tunk tervezte az egy\u00fcttes els\u0151 \u00e9s egyetlen kislemez\u00e9nek a bor\u00edt\u00f3j\u00e1t 1985-ben.<\/p>\n<p>Jarmeczky Istv\u00e1n 1976-ban a P\u00e9csi Tan\u00e1rk\u00e9pz\u0151 F\u0151iskola rajz szak\u00e1n v\u00e9gzett, 1995-t\u0151l a M\u0171v\u00e9szeti Alap, a P\u00e9cs-Baranya M\u0171v\u00e9szeinek T\u00e1rsas\u00e1ga \u00e9s a Sikl\u00f3si Szalon tagja. 1999-ben megkapta a Baranya megye m\u0171v\u00e9szeti d\u00edj\u00e1t. P\u00e1lyakezd\u00e9se \u00f3ta folyamatosan tan\u00edt, szakk\u00f6r\u00f6ket vezet az Ap\u00e1czai Nevel\u00e9si K\u00f6zpontban.<\/p>\n<p>A program rendez\u0151je a <a href=\"http:\/\/pecsikult.hu\/hu\/events\/show\/101977\/lato-kor\" target=\"_blank\"><b>P\u00e9csi Kultur\u00e1lis K\u00f6zpont<\/b><\/a><\/p>\n","protected":false},"excerpt":{"rendered":"","protected":false},"author":3,"featured_media":0,"comment_status":"open","ping_status":"closed","sticky":false,"template":"","format":"standard","meta":{"footnotes":"","_links_to":"","_links_to_target":""},"categories":[7],"tags":[40,39],"class_list":["post-1048","post","type-post","status-publish","format-standard","hentry","category-zenekar","tag-dominikanus-haz","tag-jarmeczky-istvan"],"rttpg_featured_image_url":null,"rttpg_author":{"display_name":"Fenyvesi B\u00e9la","author_link":"https:\/\/szelkialto.hu\/?author=3"},"rttpg_comment":0,"rttpg_category":"<a href=\"https:\/\/szelkialto.hu\/?cat=7\" rel=\"category\">zenekar<\/a>","rttpg_excerpt":null,"_links":{"self":[{"href":"https:\/\/szelkialto.hu\/index.php?rest_route=\/wp\/v2\/posts\/1048","targetHints":{"allow":["GET"]}}],"collection":[{"href":"https:\/\/szelkialto.hu\/index.php?rest_route=\/wp\/v2\/posts"}],"about":[{"href":"https:\/\/szelkialto.hu\/index.php?rest_route=\/wp\/v2\/types\/post"}],"author":[{"embeddable":true,"href":"https:\/\/szelkialto.hu\/index.php?rest_route=\/wp\/v2\/users\/3"}],"replies":[{"embeddable":true,"href":"https:\/\/szelkialto.hu\/index.php?rest_route=%2Fwp%2Fv2%2Fcomments&post=1048"}],"version-history":[{"count":1,"href":"https:\/\/szelkialto.hu\/index.php?rest_route=\/wp\/v2\/posts\/1048\/revisions"}],"predecessor-version":[{"id":2913,"href":"https:\/\/szelkialto.hu\/index.php?rest_route=\/wp\/v2\/posts\/1048\/revisions\/2913"}],"wp:attachment":[{"href":"https:\/\/szelkialto.hu\/index.php?rest_route=%2Fwp%2Fv2%2Fmedia&parent=1048"}],"wp:term":[{"taxonomy":"category","embeddable":true,"href":"https:\/\/szelkialto.hu\/index.php?rest_route=%2Fwp%2Fv2%2Fcategories&post=1048"},{"taxonomy":"post_tag","embeddable":true,"href":"https:\/\/szelkialto.hu\/index.php?rest_route=%2Fwp%2Fv2%2Ftags&post=1048"}],"curies":[{"name":"wp","href":"https:\/\/api.w.org\/{rel}","templated":true}]}}