{"id":1050,"date":"2010-09-20T08:36:33","date_gmt":"2010-09-20T08:36:33","guid":{"rendered":"https:\/\/szelkialto.hu\/?p=1050"},"modified":"2014-06-04T08:40:54","modified_gmt":"2014-06-04T06:40:54","slug":"bertok-laszlo-uj-verseskotetenek-bemutatoja","status":"publish","type":"post","link":"https:\/\/szelkialto.hu\/?p=1050","title":{"rendered":"Bert\u00f3k L\u00e1szl\u00f3 \u00faj versesk\u00f6tet\u00e9nek bemutat\u00f3ja"},"content":{"rendered":"<p><b>Bert\u00f3k L\u00e1szl\u00f3: P\u00e9nteken vas\u00e1rnap<\/b> c\u00edm\u0171 k\u00f6tet\u00e9nek zen\u00e9s bemutat\u00f3j\u00e1t P\u00e9csett a M\u0171v\u00e9szetek \u00e9s Irodalom H\u00e1z\u00e1ban tartj\u00e1k 2010. szeptember 30-\u00e1n 18:00 \u00f3rakor.<\/p>\n<p>A k\u00f6lt\u0151t k\u00e9rdezik \u00e9s verseit elmondj\u00e1k: <b>S\u00f3lyom Katalin<\/b> \u00e9s <b>L\u00e1z\u00e1r Bal\u00e1zs<\/b> sz\u00ednm\u0171v\u00e9szek.<\/p>\n<p>Az esten k\u00f6zrem\u0171k\u00f6dik a <b>Canticum P\u00e9csi N\u0151i Kamarak\u00f3rus<\/b>, valamint Bert\u00f3k L\u00e1szl\u00f3 \u00faj \u00e9s r\u00e9gebbi megzen\u00e9s\u00edtett verseinek el\u0151ad\u00e1s\u00e1val a <b>Sz\u00e9lki\u00e1lt\u00f3 egy\u00fcttes<\/b>.<\/p>\n","protected":false},"excerpt":{"rendered":"<p>Bert\u00f3k L\u00e1szl\u00f3: P\u00e9nteken vas\u00e1rnap c\u00edm\u0171 k\u00f6tet\u00e9nek zen\u00e9s bemutat\u00f3j\u00e1t P\u00e9csett a M\u0171v\u00e9szetek \u00e9s Irodalom H\u00e1z\u00e1ban tartj\u00e1k 2010. szeptember 30-\u00e1n 18:00 \u00f3rakor. A k\u00f6lt\u0151t k\u00e9rdezik \u00e9s verseit elmondj\u00e1k: S\u00f3lyom Katalin \u00e9s L\u00e1z\u00e1r Bal\u00e1zs sz\u00ednm\u0171v\u00e9szek. Az esten k\u00f6zrem\u0171k\u00f6dik a Canticum P\u00e9csi N\u0151i Kamarak\u00f3rus,&#46;&#46;&#46;<\/p>\n","protected":false},"author":3,"featured_media":0,"comment_status":"open","ping_status":"closed","sticky":false,"template":"","format":"standard","meta":{"footnotes":"","_links_to":"","_links_to_target":""},"categories":[12,11,7],"tags":[36,37,38],"class_list":["post-1050","post","type-post","status-publish","format-standard","hentry","category-irodalom-2","category-koltok","category-zenekar","tag-bertok-laszlo","tag-lazar-balazs","tag-solyom-kati"],"rttpg_featured_image_url":null,"rttpg_author":{"display_name":"Fenyvesi B\u00e9la","author_link":"https:\/\/szelkialto.hu\/?author=3"},"rttpg_comment":0,"rttpg_category":"<a href=\"https:\/\/szelkialto.hu\/?cat=12\" rel=\"category\">irodalom<\/a> <a href=\"https:\/\/szelkialto.hu\/?cat=11\" rel=\"category\">k\u00f6lt\u0151k<\/a> <a href=\"https:\/\/szelkialto.hu\/?cat=7\" rel=\"category\">zenekar<\/a>","rttpg_excerpt":"Bert\u00f3k L\u00e1szl\u00f3: P\u00e9nteken vas\u00e1rnap c\u00edm\u0171 k\u00f6tet\u00e9nek zen\u00e9s bemutat\u00f3j\u00e1t P\u00e9csett a M\u0171v\u00e9szetek \u00e9s Irodalom H\u00e1z\u00e1ban tartj\u00e1k 2010. szeptember 30-\u00e1n 18:00 \u00f3rakor. A k\u00f6lt\u0151t k\u00e9rdezik \u00e9s verseit elmondj\u00e1k: S\u00f3lyom Katalin \u00e9s L\u00e1z\u00e1r Bal\u00e1zs sz\u00ednm\u0171v\u00e9szek. Az esten k\u00f6zrem\u0171k\u00f6dik a Canticum P\u00e9csi N\u0151i Kamarak\u00f3rus,&#46;&#46;&#46;","_links":{"self":[{"href":"https:\/\/szelkialto.hu\/index.php?rest_route=\/wp\/v2\/posts\/1050","targetHints":{"allow":["GET"]}}],"collection":[{"href":"https:\/\/szelkialto.hu\/index.php?rest_route=\/wp\/v2\/posts"}],"about":[{"href":"https:\/\/szelkialto.hu\/index.php?rest_route=\/wp\/v2\/types\/post"}],"author":[{"embeddable":true,"href":"https:\/\/szelkialto.hu\/index.php?rest_route=\/wp\/v2\/users\/3"}],"replies":[{"embeddable":true,"href":"https:\/\/szelkialto.hu\/index.php?rest_route=%2Fwp%2Fv2%2Fcomments&post=1050"}],"version-history":[{"count":1,"href":"https:\/\/szelkialto.hu\/index.php?rest_route=\/wp\/v2\/posts\/1050\/revisions"}],"predecessor-version":[{"id":2849,"href":"https:\/\/szelkialto.hu\/index.php?rest_route=\/wp\/v2\/posts\/1050\/revisions\/2849"}],"wp:attachment":[{"href":"https:\/\/szelkialto.hu\/index.php?rest_route=%2Fwp%2Fv2%2Fmedia&parent=1050"}],"wp:term":[{"taxonomy":"category","embeddable":true,"href":"https:\/\/szelkialto.hu\/index.php?rest_route=%2Fwp%2Fv2%2Fcategories&post=1050"},{"taxonomy":"post_tag","embeddable":true,"href":"https:\/\/szelkialto.hu\/index.php?rest_route=%2Fwp%2Fv2%2Ftags&post=1050"}],"curies":[{"name":"wp","href":"https:\/\/api.w.org\/{rel}","templated":true}]}}