{"id":1055,"date":"2010-09-08T05:41:19","date_gmt":"2010-09-08T05:41:19","guid":{"rendered":"https:\/\/szelkialto.hu\/?p=1055"},"modified":"2014-11-10T06:04:41","modified_gmt":"2014-11-10T05:04:41","slug":"meghalt-gergely-janos-tanar-ur","status":"publish","type":"post","link":"https:\/\/szelkialto.hu\/?p=1055","title":{"rendered":"Meghalt Gergely J\u00e1nos tan\u00e1r \u00far"},"content":{"rendered":"<p><img loading=\"lazy\" decoding=\"async\" style=\"vertical-align: top; float: right; margin-left: 10px; margin-right: 10px;\" title=\"Gergely J\u00e1nos\" src=\"http:\/\/www.titpecs.hu\/foto\/gergely_janos.jpg\" alt=\"Gergely J\u00e1nos\" width=\"80\" height=\"106\" \/>2010. szeptember 7-\u00e9n d\u00e9lut\u00e1n meghalt Gergely J\u00e1nos tan\u00e1r \u00far.<\/p>\n<p>Gergely J\u00e1nos tan\u00e1r \u00far \u2013 vagy ahogyan k\u00e9s\u0151bb minden hozz\u00e1 k\u00f6zelebb \u00e1ll\u00f3 h\u00edvta: <b>a Gergely<\/b> \u2013 N\u00e9pi Koll\u00e9gista volt m\u00e1r k\u00f6z\u00e9piskol\u00e1s kor\u00e1ban Cegl\u00e9den, a D\u00f3zsa Gy\u00f6rgy N\u00e9pi Koll\u00e9giumban,  <em>\u201e&#8230;az \u00e1ldott, \u00e1tkozott N\u00e9pi koll\u00e9giumban, amelyet annyian el\u00edt\u00e9lnek ma, meg annyira el\u00edt\u00e9lte a R\u00e1kosi is, pedig valami nagy dolgot csin\u00e1ltak! \u0150k csin\u00e1lt\u00e1k meg a homo politicus-t, a tev\u00e9keny embert, a t\u00e1rsadalomra nyitott, szolg\u00e1lni akar\u00f3 embert&#8230;\u201d,<\/em> ahol 1949-ben \u00e9retts\u00e9gizett \u00e9s ahonnan Budapestre, a <b>K\u0151r\u00f6si Csoma N\u00e9pi Koll\u00e9giumba<\/b> ker\u00fclt a sikeres egyetemi felv\u00e9teli ut\u00e1n.<\/p>\n<p>Az egyetemen olyan tan\u00e1rai voltak, mint pl. <b>Pais Dezs\u0151<\/b> (1886-1973), <b>Zsiray Mikl\u00f3s<\/b> (1892-1955), <b>Eckhardt S\u00e1ndor<\/b> (1890-1969), <em>\u201eaki opera\u00e9nekesk\u00e9nt Balassi \u00e9s a klasszicizmus szak\u00e9rt\u0151je volt, mellesleg pedig francia sz\u00f3t\u00e1rt \u00edrt&#8230;\u201d<\/em>, <b>Gy\u0151ri J\u00e1nos<\/b> (1908-1973), <em>\u201eaki balettm\u0171v\u00e9szk\u00e9nt a P\u00e1rizsi Oper\u00e1ban t\u00e1ncolt \u00e9s k\u00f6zben a Sorbonne-on tan\u00edtotta a romantik\u00e1t.\u201d<\/em> Vagy <b>Gyergyai Albert<\/b>, <em>\u201eFlaubert szak\u00e9rt\u0151, akinek Proustot is  k\u00f6sz\u00f6nhett\u00fck. Zseni\u00e1lis ember volt, akit \u00fagy \u00fclt\u00fcnk k\u00f6r\u00fcl, mint a jurt\u00e1ban a mesemond\u00f3t&#8230;\u201d<\/em><\/p>\n<p>1953-ban ker\u00fclt P\u00e9csre, el\u0151sz\u00f6r a <b>Nagy Lajos Gimn\u00e1ziumban<\/b> tan\u00edtott, de nem sokkal k\u00e9s\u0151bb m\u00e1r \u2013 Pais Dezs\u0151nek Temesi Mih\u00e1lyhoz, a <b>P\u00e9csi Tan\u00e1rk\u00e9pz\u0151 F\u0151iskola Nyelv\u00e9szeti Tansz\u00e9k\u00e9nek<\/b> vezet\u0151j\u00e9hez \u00edrott levele seg\u00edts\u00e9g\u00e9vel \u2013 a tansz\u00e9k <b>tan\u00e1ra<\/b> volt.<\/p>\n<p>Megtartva ezt a munk\u00e1j\u00e1t is, <b>1968-t\u00f3l igazgatta a P\u00e9csi Tan\u00e1rk\u00e9pz\u0151 F\u0151iskola koll\u00e9gium\u00e1t<\/b>, ahol \u00fagy pr\u00f3b\u00e1lt dolgozni, hogy a koll\u00e9gium ne csak alv\u00f3hely legyen, hanem \u00e9l\u00e9nk szellemi, m\u0171v\u00e9szeti k\u00f6zpont a leend\u0151 \u00e9rtelmis\u00e9giek sz\u00e1m\u00e1ra, ahol a hallgat\u00f3k \u00e9s a lak\u00f3k mindig tal\u00e1lhassanak maguknak fontos \u00e9s \u00e9rdekes esem\u00e9nyeket. Az \u00e9p\u00fclet eg\u00e9sz nap nyitva \u00e1llt a nem koll\u00e9gist\u00e1k el\u0151tt is.<\/p>\n<p><em>\u201e&#8230;Gyergyaira csak egy mondattal visszat\u00e9rve: Amikor \u00e9n 1968-ban elv\u00e1llaltam a Tan\u00e1rk\u00e9pz\u0151 F\u0151iskola koll\u00e9gium\u00e1nak ir\u00e1ny\u00edt\u00e1s\u00e1t, akkor bennem az \u00e9lt, hogy az E\u00f6tv\u00f6s Koll\u00e9giumi hagyom\u00e1nyokat, a N\u00c9KOSZ-i hagyom\u00e1\u00adnyokat, a protest\u00e1ns erd\u00e9lyi, pataki \u00e9s debreceni hagyom\u00e1nyokat be\u00e9p\u00edtsem az embernevel\u00e9sbe, mert nem v\u00e1llonvereget\u0151, a l\u00e1bmos\u00e1s ellen\u0151rizget\u0151, meg a l\u00e1nyok \u00f6l\u00e9be vil\u00e1g\u00edt\u00f3 koll\u00e9giumi vezet\u0151kre van sz\u00fcks\u00e9g szerintem fel\u00adn\u0151tt koroszt\u00e1lyban, hanem olyanokra, akik kinyitj\u00e1k a vil\u00e1gra a szeml\u00e9let\u00fc\u00adket, mert szerintem a m\u0171velts\u00e9g szeml\u00e9leti k\u00e9rd\u00e9s, nem  adatt\u00e1r halmaz bir\u00adtokl\u00e1sa, hanem min\u00e9l kevesebb, de hiteles forr\u00e1sokb\u00f3l szerzett adat alapj\u00e1n olyan vil\u00e1gszeml\u00e9let, hogy az ember biztons\u00e1ggal tudjon a v\u00e9gtelenben a maga v\u00e9gess\u00e9g\u00e9vel eligazodni&#8230;\u201d<\/em><\/p>\n<p>A fenti hitvall\u00e1s szellem\u00e9ben Gyergyai Albert volt az els\u0151 vend\u00e9g 1968. november 30-\u00e1n azok hossz\u00fa sor\u00e1b\u00f3l, akik a koll\u00e9giumban el\u0151ad\u00e1so\u00adkat tartottak. Az els\u0151 el\u0151ad\u00e1sa az E\u00f6tv\u00f6s Koll\u00e9giumr\u00f3l, a m\u00e1sodik pedig az <em>\u201eEm\u00adl\u00e9keim a Nyugat k\u00f6lt\u0151ir\u0151l&#8230;\u201d<\/em> c\u00edmet viselte.<\/p>\n<p>Gergely tan\u00e1r \u00far felkarolta \u00e9s t\u00e1mogatta a m\u0171v\u00e9szeti csoportosul\u00e1so\u00adkat. \u00cdgy alakult meg a koll\u00e9giumban p\u00e9ld\u00e1ul a k\u00e9s\u0151bbi <b>Koml\u00f3i (majd P\u00e9csi) Spiritu\u00e1l\u00e9 egy\u00fcttes<\/b>, amelynek \u00e9pp\u00fagy volt testnevel\u00e9s, mint \u00e9\u00adnek szakos tagja \u00e9s akikkel a k\u00e9s\u0151bbiekben nem egyszer l\u00e9pt\u00fcnk f\u00f6l k\u00f6z\u00f6sen.<\/p>\n<p>Mint az orsz\u00e1g egyik fels\u0151oktat\u00e1si int\u00e9zm\u00e9ny\u00e9nek koll\u00e9giumi igazgat\u00f3ja rendszeresen r\u00e9szt vett az orsz\u00e1gos szervezetek tal\u00e1lkoz\u00f3in, tov\u00e1bb\u00adk\u00e9pz\u00e9sein \u00e9s tan\u00e1cskoz\u00e1sain, ahol soha nem mulasztotta el aj\u00e1nlani koll\u00e9gium\u00e1nak m\u0171v\u00e9szeti csoportjainak produkci\u00f3it. Hogy ezt m\u00e9g ha\u00adt\u00e9konyabban tegye, azt tal\u00e1lta ki, hogy a nagyobb horderej\u0171 orsz\u00e1gos koll\u00e9giumi esem\u00e9nyekre elv\u00e1llalta, hogy megszervezi a kultur\u00e1lis prog\u00adramot \u00fagy, hogy a rendez\u0151knek ez ne ker\u00fclj\u00f6n p\u00e9nz\u00e9be, csak egy n\u00e9\u00adh\u00e1ny f\u0151s vacsor\u00e1ba a koll\u00e9giumi menz\u00e1n, \u00e9s n\u00e9h\u00e1ny f\u0151re sz\u00f3l\u00f3 koll\u00e9\u00adgiumi sz\u00e1ll\u00e1sba.<\/p>\n<p>Ezeket az eg\u00e9sz est\u00e9t bet\u00f6lt\u0151 programokat azt\u00e1n rendszerint vagy a Spiritu\u00e1l\u00e9, vagy a <b>Sz\u00e9lki\u00e1lt\u00f3 egy\u00fcttes<\/b> adt\u00e1k. \u00cdgy mondhatjuk azt, hogy az egy\u00fcttes els\u0151 koncertszervez\u0151j\u00e9t Gergely J\u00e1\u00adnosnak h\u00edvt\u00e1k. Ily m\u00f3don r\u00f6vid id\u0151 alatt ismertek \u00e9s n\u00e9pszer\u0171ek lett\u00fcnk az orsz\u00e1g t\u00f6bb egyetemi \u00e9s koll\u00e9giumi klubj\u00e1ban Szegedt\u0151l, Ny\u00edregy\u00adh\u00e1z\u00e1n \u00e9s Budapesten \u00e1t Szombathelyig.<\/p>\n<p><em>Az id\u00e9zetek egy vele 2007-ben folytatott besz\u00e9lget\u00e9s\u00fcnkb\u0151l val\u00f3k,  amikor a Sz\u00e9lki\u00e1lt\u00f3 t\u00f6rt\u00e9net\u00e9t feldolgoz\u00f3 szakdolgozatomhoz gy\u0171jt\u00f6ttem  az anyagot.<\/em><\/p>\n<p style=\"text-align: right;\"><em>Fenyvesi B\u00e9la<\/em><\/p>\n<p style=\"text-align: left;\">Vony\u00f3 J\u00f3zsef gy\u00e1szh\u00edr\u00e9t a Gergelyr\u0151l <b><a href=\"http:\/\/www.btk.pte.hu\/hirek\/625\" target=\"_blank\">itt<\/a><\/b> olvashatj\u00e1tok.<\/p>\n<p style=\"text-align: left;\">Andy Rouse, a <b><a href=\"http:\/\/simplyenglish.andyrouse.com\/\" target=\"_blank\">Simply English<\/a><\/b> egy\u00fcttes alap\u00edt\u00f3j\u00e1nak angol nyelv\u0171 b\u00facs\u00faztat\u00f3j\u00e1t <a href=\"http:\/\/simplyenglish.andyrouse.com\/hu\/news\/27\/\" target=\"_blank\"><b>itt<\/b><\/a> olvashatj\u00e1tok.<\/p>\n","protected":false},"excerpt":{"rendered":"<p>2010. szeptember 7-\u00e9n d\u00e9lut\u00e1n meghalt Gergely J\u00e1nos tan\u00e1r \u00far. Gergely J\u00e1nos tan\u00e1r \u00far \u2013 vagy ahogyan k\u00e9s\u0151bb minden hozz\u00e1 k\u00f6zelebb \u00e1ll\u00f3 h\u00edvta: a Gergely \u2013 N\u00e9pi Koll\u00e9gista volt m\u00e1r k\u00f6z\u00e9piskol\u00e1s kor\u00e1ban Cegl\u00e9den, a D\u00f3zsa Gy\u00f6rgy N\u00e9pi Koll\u00e9giumban, \u201e&#8230;az \u00e1ldott, \u00e1tkozott&#46;&#46;&#46;<\/p>\n","protected":false},"author":3,"featured_media":0,"comment_status":"open","ping_status":"closed","sticky":false,"template":"","format":"standard","meta":{"footnotes":"","_links_to":"","_links_to_target":""},"categories":[7],"tags":[41],"class_list":["post-1055","post","type-post","status-publish","format-standard","hentry","category-zenekar","tag-gergely-janos"],"rttpg_featured_image_url":null,"rttpg_author":{"display_name":"Fenyvesi B\u00e9la","author_link":"https:\/\/szelkialto.hu\/?author=3"},"rttpg_comment":3,"rttpg_category":"<a href=\"https:\/\/szelkialto.hu\/?cat=7\" rel=\"category\">zenekar<\/a>","rttpg_excerpt":"2010. szeptember 7-\u00e9n d\u00e9lut\u00e1n meghalt Gergely J\u00e1nos tan\u00e1r \u00far. Gergely J\u00e1nos tan\u00e1r \u00far \u2013 vagy ahogyan k\u00e9s\u0151bb minden hozz\u00e1 k\u00f6zelebb \u00e1ll\u00f3 h\u00edvta: a Gergely \u2013 N\u00e9pi Koll\u00e9gista volt m\u00e1r k\u00f6z\u00e9piskol\u00e1s kor\u00e1ban Cegl\u00e9den, a D\u00f3zsa Gy\u00f6rgy N\u00e9pi Koll\u00e9giumban, \u201e&#8230;az \u00e1ldott, \u00e1tkozott&#46;&#46;&#46;","_links":{"self":[{"href":"https:\/\/szelkialto.hu\/index.php?rest_route=\/wp\/v2\/posts\/1055","targetHints":{"allow":["GET"]}}],"collection":[{"href":"https:\/\/szelkialto.hu\/index.php?rest_route=\/wp\/v2\/posts"}],"about":[{"href":"https:\/\/szelkialto.hu\/index.php?rest_route=\/wp\/v2\/types\/post"}],"author":[{"embeddable":true,"href":"https:\/\/szelkialto.hu\/index.php?rest_route=\/wp\/v2\/users\/3"}],"replies":[{"embeddable":true,"href":"https:\/\/szelkialto.hu\/index.php?rest_route=%2Fwp%2Fv2%2Fcomments&post=1055"}],"version-history":[{"count":1,"href":"https:\/\/szelkialto.hu\/index.php?rest_route=\/wp\/v2\/posts\/1055\/revisions"}],"predecessor-version":[{"id":2985,"href":"https:\/\/szelkialto.hu\/index.php?rest_route=\/wp\/v2\/posts\/1055\/revisions\/2985"}],"wp:attachment":[{"href":"https:\/\/szelkialto.hu\/index.php?rest_route=%2Fwp%2Fv2%2Fmedia&parent=1055"}],"wp:term":[{"taxonomy":"category","embeddable":true,"href":"https:\/\/szelkialto.hu\/index.php?rest_route=%2Fwp%2Fv2%2Fcategories&post=1055"},{"taxonomy":"post_tag","embeddable":true,"href":"https:\/\/szelkialto.hu\/index.php?rest_route=%2Fwp%2Fv2%2Ftags&post=1055"}],"curies":[{"name":"wp","href":"https:\/\/api.w.org\/{rel}","templated":true}]}}