{"id":1062,"date":"2010-06-27T08:51:23","date_gmt":"2010-06-27T08:51:23","guid":{"rendered":"https:\/\/szelkialto.hu\/?p=1062"},"modified":"2014-06-07T06:24:14","modified_gmt":"2014-06-07T04:24:14","slug":"a-szelkialto-a-iii-siofolk-fesztivalon","status":"publish","type":"post","link":"https:\/\/szelkialto.hu\/?p=1062","title":{"rendered":"Sz\u00e9lki\u00e1lt\u00f3 a III. Si\u00f3folk Fesztiv\u00e1lon"},"content":{"rendered":"<p><b>III. Si\u00f3folk Fesztiv\u00e1l<br \/>Si\u00f3fok, 2010. j\u00falius 23-25.<\/b><\/p>\n<p>A fesztiv\u00e1l egyik napj\u00e1n a hagyom\u00e1nyos magyar n\u00e9pzen\u00e9t autentikus el\u0151ad\u00e1sm\u00f3dban hallgathatja a k\u00f6z\u00f6ns\u00e9g, m\u00e1snap a nemzetis\u00e9gek hagyom\u00e1nyaib\u00f3l kaphatunk \u00edzel\u00edt\u0151t, a h\u00e9tv\u00e9ge utols\u00f3 napj\u00e1n pedig azok a neves el\u0151ad\u00f3k \u00e1llnak sz\u00ednpadra, akik \u00faj utat keresve, a folkl\u00f3rt m\u00e1s zenei st\u00edlussal \u00f6tv\u00f6zve k\u00f6zvet\u00edtik a ma embere fel\u00e9.<\/p>\n<p>Gyermekel\u0151ad\u00e1sok, kicsiknek val\u00f3 n\u00e9pi j\u00e1t\u00e9kok \u00e9s foglakoz\u00e1sok, k\u00e9zm\u0171ves v\u00e1s\u00e1r \u00e9s bemutat\u00f3k is sz\u00ednes\u00edtik a Si\u00f3folk Fesztiv\u00e1lt.<\/p>\n<p>Program:<\/p>\n<p>2010. j\u00falius 23. (p\u00e9ntek)<\/p>\n<p><b>17.00 Bukfenc &#8211; a Sz\u00e9lki\u00e1lt\u00f3 egy\u00fcttes koncertje gyerekeknek<\/b><br \/>18.00 A Balaton T\u00e1ncegy\u00fcttes m\u0171sora<br \/>18.50 T\u00e1nch\u00e1z a Balaton T\u00e1ncegy\u00fcttessel<br \/>19.15 Csillagok palot\u00e1ja \u2013 a Seb\u0151 egy\u00fcttes koncertje<br \/>20.15 T\u00e1nch\u00e1z a Balaton T\u00e1ncegy\u00fcttessel<br \/>21.00 A Cs\u00edk Zenekar koncertje<br \/>Vend\u00e9g: Kiss Tibor (Quimby)<\/p>\n<p>2010. j\u00falius 24. (szombat)<\/p>\n<p>11.00 Mes\u00e9be sz\u0151tt t\u00e1nc, t\u00e1ncba sz\u0151tt mese &#8211; a G\u00f6r\u00f6mb\u0151 Komp\u00e1nia interakt\u00edv zen\u00e9s,<br \/>mes\u00e9s, t\u00e1ncos el\u0151ad\u00e1sa<br \/>17.00 A Hold \u00fatja &#8211; t\u00e1ncsz\u00ednh\u00e1z a szarvasi Tessedik T\u00e1ncegy\u00fcttes el\u0151ad\u00e1s\u00e1ban<br \/>18.00 A Moh\u00e1cs Nemzetis\u00e9gi N\u00e9pt\u00e1ncegy\u00fcttes nemzetis\u00e9gi n\u00e9met t\u00e1nch\u00e1za<br \/>19.00 A Vujicsics Egy\u00fcttes koncertje<br \/>20.00 A Moh\u00e1cs Nemzetis\u00e9gi N\u00e9pt\u00e1ncegy\u00fcttes nemzetis\u00e9gi horv\u00e1t t\u00e1nch\u00e1za<br \/>21.00 A Kalyi Jag egy\u00fcttes cig\u00e1ny n\u00e9pzenei koncertje<br \/>22.00 T\u00e1nch\u00e1z a Balaton T\u00e1ncegy\u00fcttessel<\/p>\n<p>2010. j\u00falius 25. (vas\u00e1rnap)<\/p>\n<p>11.00 \u00c1kom B\u00e1kom \u2013 a Mak\u00e1m egy\u00fcttes gyermekkoncertje<br \/>17.00 Zar\u00e1ndok\u00e9nek &#8211; a Mak\u00e1m egy\u00fcttes koncertje<br \/>18.30 Nikola Parov \u00e9s Herczku \u00c1gnes koncertje<br \/>20.00 Bogn\u00e1r Szilvia \u00e9s zenekar\u00e1nak koncertje<br \/>22.00 Besh o droM koncert<\/p>\n","protected":false},"excerpt":{"rendered":"<p>III. Si\u00f3folk Fesztiv\u00e1lSi\u00f3fok, 2010. j\u00falius 23-25. A fesztiv\u00e1l egyik napj\u00e1n a hagyom\u00e1nyos magyar n\u00e9pzen\u00e9t autentikus el\u0151ad\u00e1sm\u00f3dban hallgathatja a k\u00f6z\u00f6ns\u00e9g, m\u00e1snap a nemzetis\u00e9gek hagyom\u00e1nyaib\u00f3l kaphatunk \u00edzel\u00edt\u0151t, a h\u00e9tv\u00e9ge utols\u00f3 napj\u00e1n pedig azok a neves el\u0151ad\u00f3k \u00e1llnak sz\u00ednpadra, akik \u00faj utat keresve,&#46;&#46;&#46;<\/p>\n","protected":false},"author":3,"featured_media":0,"comment_status":"open","ping_status":"closed","sticky":false,"template":"","format":"standard","meta":{"footnotes":"","_links_to":"","_links_to_target":""},"categories":[4,7],"tags":[45,44,42,43,22],"class_list":["post-1062","post","type-post","status-publish","format-standard","hentry","category-koncertek","category-zenekar","tag-bognar-szilvia","tag-herczku-agnes","tag-makam","tag-nikola-parov","tag-sebo-ferenc"],"rttpg_featured_image_url":null,"rttpg_author":{"display_name":"Fenyvesi B\u00e9la","author_link":"https:\/\/szelkialto.hu\/?author=3"},"rttpg_comment":0,"rttpg_category":"<a href=\"https:\/\/szelkialto.hu\/?cat=4\" rel=\"category\">koncertek<\/a> <a href=\"https:\/\/szelkialto.hu\/?cat=7\" rel=\"category\">zenekar<\/a>","rttpg_excerpt":"III. Si\u00f3folk Fesztiv\u00e1lSi\u00f3fok, 2010. j\u00falius 23-25. A fesztiv\u00e1l egyik napj\u00e1n a hagyom\u00e1nyos magyar n\u00e9pzen\u00e9t autentikus el\u0151ad\u00e1sm\u00f3dban hallgathatja a k\u00f6z\u00f6ns\u00e9g, m\u00e1snap a nemzetis\u00e9gek hagyom\u00e1nyaib\u00f3l kaphatunk \u00edzel\u00edt\u0151t, a h\u00e9tv\u00e9ge utols\u00f3 napj\u00e1n pedig azok a neves el\u0151ad\u00f3k \u00e1llnak sz\u00ednpadra, akik \u00faj utat keresve,&#46;&#46;&#46;","_links":{"self":[{"href":"https:\/\/szelkialto.hu\/index.php?rest_route=\/wp\/v2\/posts\/1062","targetHints":{"allow":["GET"]}}],"collection":[{"href":"https:\/\/szelkialto.hu\/index.php?rest_route=\/wp\/v2\/posts"}],"about":[{"href":"https:\/\/szelkialto.hu\/index.php?rest_route=\/wp\/v2\/types\/post"}],"author":[{"embeddable":true,"href":"https:\/\/szelkialto.hu\/index.php?rest_route=\/wp\/v2\/users\/3"}],"replies":[{"embeddable":true,"href":"https:\/\/szelkialto.hu\/index.php?rest_route=%2Fwp%2Fv2%2Fcomments&post=1062"}],"version-history":[{"count":1,"href":"https:\/\/szelkialto.hu\/index.php?rest_route=\/wp\/v2\/posts\/1062\/revisions"}],"predecessor-version":[{"id":2858,"href":"https:\/\/szelkialto.hu\/index.php?rest_route=\/wp\/v2\/posts\/1062\/revisions\/2858"}],"wp:attachment":[{"href":"https:\/\/szelkialto.hu\/index.php?rest_route=%2Fwp%2Fv2%2Fmedia&parent=1062"}],"wp:term":[{"taxonomy":"category","embeddable":true,"href":"https:\/\/szelkialto.hu\/index.php?rest_route=%2Fwp%2Fv2%2Fcategories&post=1062"},{"taxonomy":"post_tag","embeddable":true,"href":"https:\/\/szelkialto.hu\/index.php?rest_route=%2Fwp%2Fv2%2Ftags&post=1062"}],"curies":[{"name":"wp","href":"https:\/\/api.w.org\/{rel}","templated":true}]}}