{"id":1064,"date":"2010-06-15T08:52:36","date_gmt":"2010-06-15T08:52:36","guid":{"rendered":"https:\/\/szelkialto.hu\/?p=1064"},"modified":"2014-11-10T06:01:15","modified_gmt":"2014-11-10T05:01:15","slug":"szelkialto-kalaka-kozos-koncert","status":"publish","type":"post","link":"https:\/\/szelkialto.hu\/?p=1064","title":{"rendered":"Sz\u00e9lki\u00e1lt\u00f3 &#8211; Kal\u00e1ka k\u00f6z\u00f6s k\u00f6ncert"},"content":{"rendered":"<p><b>2010.j\u00fanius 20. 19:00 P\u00e9cs, D\u00f3m t\u00e9r<br \/>S\u00e9tat\u00e9r Fesztiv\u00e1l<\/b><br \/><b>Kal\u00e1ka \u2013 Sz\u00e9lki\u00e1lt\u00f3 koncert<\/b><\/p>\n<p>Az elm\u00falt \u00e9vekben a nagy sikernek \u00e9s \u00e9rdekl\u0151d\u00e9snek k\u00f6sz\u00f6nhet\u0151en m\u00e1r-m\u00e1r hagyom\u00e1nyoss\u00e1 v\u00e1lt a Sz\u00e9lki\u00e1lt\u00f3 \u00e9s a Kal\u00e1ka k\u00f6z\u00f6s koncertje a S\u00e9tat\u00e9ren, ahol var\u00e1zslatos k\u00f6rnyezetben \u00e9lvezheti b\u00e1rki a koncertet.<\/p>\n<p>A m\u0171sorban mindketten megmutatjuk az elm\u00falt \u00e9v leg\u00fajabb versmegzen\u00e9s\u00edt\u00e9seit, de a k\u00f6z\u00f6ns\u00e9g bizton sz\u00e1m\u00edthat arra is, hogy a koncerten elhangzanak a &#8220;nagy&#8221; Kal\u00e1ka \u00e9s Sz\u00e9lki\u00e1lt\u00f3 &#8220;sl\u00e1gerek&#8221; is, \u00e9s az is biztos, hogy most is lesznek olyanok, amelyeket k\u00f6z\u00f6sen adunk el\u0151.<\/p>\n<p>\u00dajra megpr\u00f3b\u00e1ljuk kimuzsik\u00e1lni a versekb\u0151l a dallamot&#8230;<\/p>\n<p>A Kal\u00e1ka tagjai:<br \/><b>Gryllus D\u00e1niel, Gryllus Vilmos, Becze G\u00e1bor \u00e9s Radv\u00e1nyi Bal\u00e1zs<\/b><\/p>\n<p>A Sz\u00e9lki\u00e1lt\u00f3 tagjai:<br \/><b>Lakner Tam\u00e1s, Fenyvesi B\u00e9la, Rozs Tam\u00e1s \u00e9s Kereszt\u00e9ny B\u00e9la<\/b><\/p>\n<p>A koncert ut\u00e1n <b>A Kal\u00e1ka (els\u0151) 40 \u00e9ve<\/b> c. k\u00f6nyvet dedik\u00e1lj\u00e1k az egy\u00fcttes tagjai.<\/p>\n<p>Es\u0151helysz\u00edn: <b>ZenePark<\/b><\/p>\n<p>Megval\u00f3sul a P\u00e9cs2010 Eur\u00f3pa Kultur\u00e1lis F\u0151v\u00e1rosa program keret\u00e9ben.<\/p>\n<p>Rendez\u0151: P\u00e9csi Kultur\u00e1lis K\u00f6zpont<\/p>\n","protected":false},"excerpt":{"rendered":"<p>2010.j\u00fanius 20. 19:00 P\u00e9cs, D\u00f3m t\u00e9rS\u00e9tat\u00e9r Fesztiv\u00e1lKal\u00e1ka \u2013 Sz\u00e9lki\u00e1lt\u00f3 koncert Az elm\u00falt \u00e9vekben a nagy sikernek \u00e9s \u00e9rdekl\u0151d\u00e9snek k\u00f6sz\u00f6nhet\u0151en m\u00e1r-m\u00e1r hagyom\u00e1nyoss\u00e1 v\u00e1lt a Sz\u00e9lki\u00e1lt\u00f3 \u00e9s a Kal\u00e1ka k\u00f6z\u00f6s koncertje a S\u00e9tat\u00e9ren, ahol var\u00e1zslatos k\u00f6rnyezetben \u00e9lvezheti b\u00e1rki a koncertet. A m\u0171sorban&#46;&#46;&#46;<\/p>\n","protected":false},"author":3,"featured_media":0,"comment_status":"open","ping_status":"closed","sticky":false,"template":"","format":"standard","meta":{"footnotes":"","_links_to":"","_links_to_target":""},"categories":[4,7],"tags":[24],"class_list":["post-1064","post","type-post","status-publish","format-standard","hentry","category-koncertek","category-zenekar","tag-kalaka"],"rttpg_featured_image_url":null,"rttpg_author":{"display_name":"Fenyvesi B\u00e9la","author_link":"https:\/\/szelkialto.hu\/?author=3"},"rttpg_comment":0,"rttpg_category":"<a href=\"https:\/\/szelkialto.hu\/?cat=4\" rel=\"category\">koncertek<\/a> <a href=\"https:\/\/szelkialto.hu\/?cat=7\" rel=\"category\">zenekar<\/a>","rttpg_excerpt":"2010.j\u00fanius 20. 19:00 P\u00e9cs, D\u00f3m t\u00e9rS\u00e9tat\u00e9r Fesztiv\u00e1lKal\u00e1ka \u2013 Sz\u00e9lki\u00e1lt\u00f3 koncert Az elm\u00falt \u00e9vekben a nagy sikernek \u00e9s \u00e9rdekl\u0151d\u00e9snek k\u00f6sz\u00f6nhet\u0151en m\u00e1r-m\u00e1r hagyom\u00e1nyoss\u00e1 v\u00e1lt a Sz\u00e9lki\u00e1lt\u00f3 \u00e9s a Kal\u00e1ka k\u00f6z\u00f6s koncertje a S\u00e9tat\u00e9ren, ahol var\u00e1zslatos k\u00f6rnyezetben \u00e9lvezheti b\u00e1rki a koncertet. A m\u0171sorban&#46;&#46;&#46;","_links":{"self":[{"href":"https:\/\/szelkialto.hu\/index.php?rest_route=\/wp\/v2\/posts\/1064","targetHints":{"allow":["GET"]}}],"collection":[{"href":"https:\/\/szelkialto.hu\/index.php?rest_route=\/wp\/v2\/posts"}],"about":[{"href":"https:\/\/szelkialto.hu\/index.php?rest_route=\/wp\/v2\/types\/post"}],"author":[{"embeddable":true,"href":"https:\/\/szelkialto.hu\/index.php?rest_route=\/wp\/v2\/users\/3"}],"replies":[{"embeddable":true,"href":"https:\/\/szelkialto.hu\/index.php?rest_route=%2Fwp%2Fv2%2Fcomments&post=1064"}],"version-history":[{"count":1,"href":"https:\/\/szelkialto.hu\/index.php?rest_route=\/wp\/v2\/posts\/1064\/revisions"}],"predecessor-version":[{"id":2977,"href":"https:\/\/szelkialto.hu\/index.php?rest_route=\/wp\/v2\/posts\/1064\/revisions\/2977"}],"wp:attachment":[{"href":"https:\/\/szelkialto.hu\/index.php?rest_route=%2Fwp%2Fv2%2Fmedia&parent=1064"}],"wp:term":[{"taxonomy":"category","embeddable":true,"href":"https:\/\/szelkialto.hu\/index.php?rest_route=%2Fwp%2Fv2%2Fcategories&post=1064"},{"taxonomy":"post_tag","embeddable":true,"href":"https:\/\/szelkialto.hu\/index.php?rest_route=%2Fwp%2Fv2%2Ftags&post=1064"}],"curies":[{"name":"wp","href":"https:\/\/api.w.org\/{rel}","templated":true}]}}