{"id":1078,"date":"2010-05-14T09:09:26","date_gmt":"2010-05-14T09:09:26","guid":{"rendered":"https:\/\/szelkialto.hu\/?p=1078"},"modified":"2014-11-10T06:00:19","modified_gmt":"2014-11-10T05:00:19","slug":"szelkialto-a-xxi-pecsi-folknapokon","status":"publish","type":"post","link":"https:\/\/szelkialto.hu\/?p=1078","title":{"rendered":"Sz\u00e9lki\u00e1lt\u00f3 a XXI. P\u00e9csi Folknapokon"},"content":{"rendered":"<p><b>2010. m\u00e1jus 20-22.<br \/>XXI. P\u00e9csi Folknapok, Nemzetk\u00f6zi N\u00e9pzenei Fesztiv\u00e1l<br \/>Ur\u00e1nia Mozi<\/b><\/p>\n<p>A P\u00e9csi Folknapok a d\u00e9l-dun\u00e1nt\u00fali r\u00e9gi\u00f3 legjelent\u0151sebb n\u00e9pzenei fesztiv\u00e1ljak\u00e9nt 1986 \u00f3ta ny\u00fajt v\u00e1logat\u00e1st a K\u00e1rp\u00e1t-medence nemzetis\u00e9geinek \u00e9s a vil\u00e1g n\u00e9peinek tradicion\u00e1lis zenei \u00e9rt\u00e9keib\u0151l. A m\u0171faj legsz\u00ednvonalasabb hazai el\u0151ad\u00f3i mellett m\u00e1s eur\u00f3pai n\u00e9pcsoportok, valamint t\u00e1volabbi, egzotikus kult\u00far\u00e1k k\u00e9pvisel\u0151i gazdag\u00edtj\u00e1k a koncertsorozat palett\u00e1j\u00e1t. A fesztiv\u00e1lon a hagyom\u00e1nyos hangszeres \u00e9s vok\u00e1lis n\u00e9pzen\u00e9t autentikus el\u0151ad\u00e1sm\u00f3dban megsz\u00f3laltat\u00f3 zenekarok, valamint a m\u00e9g fellelhet\u0151 adatk\u00f6zl\u0151 muzsikusok mellett megjelennek az \u00faj utakat keres\u0151 produkci\u00f3k is, amelyek a folkl\u00f3rt ihlet\u0151 forr\u00e1sk\u00e9nt felhaszn\u00e1lva, m\u00e1s zenei st\u00edlusokkal \u00f6tv\u00f6zve k\u00f6zvet\u00edtik a ma embere fel\u00e9. A napjainkban igen n\u00e9pszer\u0171 vil\u00e1gzenei \u00e9s cossover projektek \u00edgy a 21. sz\u00e1zad ig\u00e9nyeivel \u00e9s a fiatalok zenei \u00edzl\u00e9s\u00e9vel is l\u00e9p\u00e9st tartva eg\u00e9sz\u00edtik ki az eredeti, tradicion\u00e1lis zenei \u00f6r\u00f6ks\u00e9g bemutat\u00e1s\u00e1t. A koncertprogramot est\u00e9nk\u00e9nt t\u00e1nch\u00e1zak k\u00f6vetik, a fell\u00e9p\u0151 zenekarok k\u00f6zrem\u0171k\u00f6d\u00e9s\u00e9vel.<\/p>\n<p>Bel\u00e9p\u0151: 1300 Ft\/nap<\/p>\n<p>Jegyek kaphat\u00f3k az Inform\u00e1ci\u00f3s Irod\u00e1nkban (Sz\u00e9chenyi t\u00e9r 1.) \u00e9s a Ticketportal rendszer\u00e9n kereszt\u00fcl<\/p>\n<p>PROGRAM<\/p>\n<p><b>m\u00e1jus 20. (cs\u00fct\u00f6rt\u00f6k) 19.30<\/b><br \/>Vizin Zenekar &#8211; P\u00e9cs<br \/>Simply English &#8211; P\u00e9cs<br \/>Sz\u00e1szcs\u00e1v\u00e1si Zenekar &#8211; K\u00fck\u00fcll\u0151 mente, Erd\u00e9ly<\/p>\n<p>22.30 Folk-kocsma, Sz\u00e1szcs\u00e1v\u00e1si \u00e9s Vizin-t\u00e1nch\u00e1z<\/p>\n<p><b>m\u00e1jus 21. (p\u00e9ntek) 19.30<\/b><br \/>Zeng\u0151 Egy\u00fcttes &#8211; P\u00e9cs<br \/>Mak\u00e1m &#8211; Budapest<br \/>Lucero Flamenco &#8211; Spanyolorsz\u00e1g<\/p>\n<p>22.30 Folk-kocsma, Zeng\u0151-t\u00e1nch\u00e1z<\/p>\n<p><b>m\u00e1jus 22. (szombat) 19.30<\/b><br \/>Vedan Kolod &#8211; Szib\u00e9ria, Oroszorsz\u00e1g<br \/>Sz\u00e9lki\u00e1lt\u00f3 Egy\u00fcttes &#8211; P\u00e9cs<br \/>Cs\u00edk Zenekar &#8211; Budapest<\/p>\n<p>22.30 Folk-kocsma, Cs\u00edk- \u00e9s Zeng\u0151-t\u00e1nch\u00e1z<\/p>\n<p><b>P\u00dcNK\u00d6SD\u00d6L\u0150 A S\u00c9TAT\u00c9REN<br \/>A P\u00e9csi Folknapok k\u00eds\u00e9r\u0151programja<\/b><\/p>\n<p><b>m\u00e1jus 22. (szombat)<\/b><\/p>\n<p>11.00-18.00 Kisinasok k\u00e9zm\u0171ves Tanod\u00e1ja-j\u00e1tsz\u00f3h\u00e1z a Tolna Megyei  N\u00e9pm\u0171v\u00e9szeti Egyes\u00fclet \u00e9s a Kapt\u00e1r Egyes\u00fclet k\u00e9zm\u0171veseivel.<br \/>Eg\u00e9sz nap  k\u00e9zm\u0171ves bemutat\u00f3k!<\/p>\n<p>11.00: Csip-csup mese &#8211; a Gal\u00f3ca B\u00e1bt\u00e1rsul\u00e1s el\u0151ad\u00e1s\u00e1ban<br \/>15.00: P\u00fcnk\u00f6sdi koncert &#8211; Balassa \u00c9dua \u00e9s Zayzon Tam\u00e1s el\u0151ad\u00e1sa<br \/>16.00: P\u00fcnk\u00f6sd\u00f6l\u0151<\/p>\n<p style=\"padding-left: 30px;\"><em>K\u00f6zrem\u0171k\u00f6dnek p\u00e9csi \u00e9s P\u00e9cs k\u00f6rny\u00e9ki \u00e1ltal\u00e1nos iskol\u00e1k gyerekt\u00e1ncosai<\/em><\/p>\n<p>16.15: T\u00e1ncssoportok egy\u00e9ni bemutatkoz\u00e1sai.<br \/>17.00: P\u00fcnk\u00f6sd\u00f6l\u0151<\/p>\n<p style=\"padding-left: 30px;\"><em>K\u00f6zrem\u0171k\u00f6dnek p\u00e9csi \u00e9s P\u00e9cs k\u00f6rny\u00e9ki \u00e1ltal\u00e1nos iskol\u00e1k gyerekt\u00e1ncosai<\/em><\/p>\n<p>17.30: P\u00fcnk\u00f6sdi kir\u00e1lykisasszony-Kolompos Egy\u00fcttes koncertje<\/p>\n<p><b>m\u00e1jus 23. (vas\u00e1rnap)<\/b><\/p>\n<p>11.00-18.00 K\u00f6rt\u00e9fa logikai j\u00e1tsz\u00f3h\u00e1z<br \/>Eg\u00e9sz nap k\u00e9zm\u0171ves bemutat\u00f3k!<\/p>\n<p>10.30: A Nemzetk\u00f6zi Borrendi Vil\u00e1gtal\u00e1lkoz\u00f3n r\u00e9sztvev\u0151 70 Borrend d\u00edszes felvonul\u00e1sa a Belv\u00e1rosi templomt\u00f3l a Szepessy szoborig<br \/>11.00: Pannon Vol\u00e1n Zrt. Bart\u00f3k B\u00e9la F\u00e9rfikar bordalokat \u00e9nekel<\/p>\n<p style=\"padding-left: 30px;\"><em>Vez\u00e9nyel: Lakner Tam\u00e1s (DLA)<\/em><\/p>\n<p>11.15: Juhos Egy\u00fcttes gyerekkoncertje<br \/>15.30: P\u00fcnk\u00f6sd\u00f6l\u0151-Szered\u00e1s Egy\u00fcttes m\u0171sora<br \/>17.00: Hamupip\u0151ke c\u00edm\u0171 b\u00e1bel\u0151ad\u00e1s-\u00d6rd\u00f6gszek\u00e9r Komp\u00e1nia<br \/>18.00: Tam\u00e1si Koncert F\u00fav\u00f3szenekar t\u00e9rzen\u00e9je<\/p>\n<p>Rendez\u0151: P\u00e9csi Kultur\u00e1lis K\u00f6zpont<\/p>\n<p><b>T\u00e1mogat\u00f3k:<\/b><br \/><em>P\u00e9cs MJV \u00d6nkorm\u00e1nyzata<br \/>P\u00e9cs2010 Menedzsment K\u00f6zpont<br \/>Eur\u00f3pa Kultur\u00e1lis F\u0151v\u00e1rosa<br \/>Hungarofest Nonprofit Kft.<br \/>Magyar Turizmus Zrt.<br \/>Nemzeti Kultur\u00e1lis Alap<br \/>Oktat\u00e1si \u00e9s Kultur\u00e1lis Miniszt\u00e9rium<br \/>Sz\u00ednes RTV<\/em><\/p>\n","protected":false},"excerpt":{"rendered":"<p>2010. m\u00e1jus 20-22.XXI. P\u00e9csi Folknapok, Nemzetk\u00f6zi N\u00e9pzenei Fesztiv\u00e1lUr\u00e1nia Mozi A P\u00e9csi Folknapok a d\u00e9l-dun\u00e1nt\u00fali r\u00e9gi\u00f3 legjelent\u0151sebb n\u00e9pzenei fesztiv\u00e1ljak\u00e9nt 1986 \u00f3ta ny\u00fajt v\u00e1logat\u00e1st a K\u00e1rp\u00e1t-medence nemzetis\u00e9geinek \u00e9s a vil\u00e1g n\u00e9peinek tradicion\u00e1lis zenei \u00e9rt\u00e9keib\u0151l. A m\u0171faj legsz\u00ednvonalasabb hazai el\u0151ad\u00f3i mellett m\u00e1s eur\u00f3pai&#46;&#46;&#46;<\/p>\n","protected":false},"author":3,"featured_media":0,"comment_status":"open","ping_status":"closed","sticky":false,"template":"","format":"standard","meta":{"footnotes":"","_links_to":"","_links_to_target":""},"categories":[4,7],"tags":[],"class_list":["post-1078","post","type-post","status-publish","format-standard","hentry","category-koncertek","category-zenekar"],"rttpg_featured_image_url":null,"rttpg_author":{"display_name":"Fenyvesi B\u00e9la","author_link":"https:\/\/szelkialto.hu\/?author=3"},"rttpg_comment":0,"rttpg_category":"<a href=\"https:\/\/szelkialto.hu\/?cat=4\" rel=\"category\">koncertek<\/a> <a href=\"https:\/\/szelkialto.hu\/?cat=7\" rel=\"category\">zenekar<\/a>","rttpg_excerpt":"2010. m\u00e1jus 20-22.XXI. P\u00e9csi Folknapok, Nemzetk\u00f6zi N\u00e9pzenei Fesztiv\u00e1lUr\u00e1nia Mozi A P\u00e9csi Folknapok a d\u00e9l-dun\u00e1nt\u00fali r\u00e9gi\u00f3 legjelent\u0151sebb n\u00e9pzenei fesztiv\u00e1ljak\u00e9nt 1986 \u00f3ta ny\u00fajt v\u00e1logat\u00e1st a K\u00e1rp\u00e1t-medence nemzetis\u00e9geinek \u00e9s a vil\u00e1g n\u00e9peinek tradicion\u00e1lis zenei \u00e9rt\u00e9keib\u0151l. A m\u0171faj legsz\u00ednvonalasabb hazai el\u0151ad\u00f3i mellett m\u00e1s eur\u00f3pai&#46;&#46;&#46;","_links":{"self":[{"href":"https:\/\/szelkialto.hu\/index.php?rest_route=\/wp\/v2\/posts\/1078","targetHints":{"allow":["GET"]}}],"collection":[{"href":"https:\/\/szelkialto.hu\/index.php?rest_route=\/wp\/v2\/posts"}],"about":[{"href":"https:\/\/szelkialto.hu\/index.php?rest_route=\/wp\/v2\/types\/post"}],"author":[{"embeddable":true,"href":"https:\/\/szelkialto.hu\/index.php?rest_route=\/wp\/v2\/users\/3"}],"replies":[{"embeddable":true,"href":"https:\/\/szelkialto.hu\/index.php?rest_route=%2Fwp%2Fv2%2Fcomments&post=1078"}],"version-history":[{"count":1,"href":"https:\/\/szelkialto.hu\/index.php?rest_route=\/wp\/v2\/posts\/1078\/revisions"}],"predecessor-version":[{"id":2974,"href":"https:\/\/szelkialto.hu\/index.php?rest_route=\/wp\/v2\/posts\/1078\/revisions\/2974"}],"wp:attachment":[{"href":"https:\/\/szelkialto.hu\/index.php?rest_route=%2Fwp%2Fv2%2Fmedia&parent=1078"}],"wp:term":[{"taxonomy":"category","embeddable":true,"href":"https:\/\/szelkialto.hu\/index.php?rest_route=%2Fwp%2Fv2%2Fcategories&post=1078"},{"taxonomy":"post_tag","embeddable":true,"href":"https:\/\/szelkialto.hu\/index.php?rest_route=%2Fwp%2Fv2%2Ftags&post=1078"}],"curies":[{"name":"wp","href":"https:\/\/api.w.org\/{rel}","templated":true}]}}