{"id":1081,"date":"2010-02-28T09:12:18","date_gmt":"2010-02-28T09:12:18","guid":{"rendered":"https:\/\/szelkialto.hu\/?p=1081"},"modified":"2014-11-10T06:00:48","modified_gmt":"2014-11-10T05:00:48","slug":"szelkialto-a-duna-tv-ben","status":"publish","type":"post","link":"https:\/\/szelkialto.hu\/?p=1081","title":{"rendered":"Sz\u00e9lki\u00e1lt\u00f3 a Duna TV-ben"},"content":{"rendered":"<p>2010. m\u00e1rcius 7-\u00e9n 21:55<\/p>\n<p><b>Penge<\/b><\/p>\n<p>A k\u00e9t m\u0171sorvezet\u0151, Lovasi Andr\u00e1s \u00e9s Lackfi J\u00e1nos ez\u00fattal a harminc\u00f6t \u00e9ve muzsik\u00e1l\u00f3 Sz\u00e9lki\u00e1lt\u00f3 egy\u00fcttest k\u00e9rte, hozz\u00e1k el zsebben a szerelmes J\u00f3zsef Attil\u00e1t.<\/p>\n<p>K\u00f6lt\u0151vend\u00e9g lesz Kiss Judit \u00c1gnes, b\u00e1rki kaphat \u201efriss h\u00e1zi koszt\u201d, Moln\u00e1r Krisztina Rita dalsz\u00f6veg\u00e9t muzsik\u00e1lja a Budapest B\u00e1r a Hamvad\u00f3 cigarettav\u00e9g n\u00f3t\u00e1j\u00e1ra, Keresztes Nagy \u00c1rp\u00e1d r\u00e9gi-\u00faj h\u00faron zeng r\u00e9gi-\u00faj n\u00f3t\u00e1t.<\/p>\n<p>Rendez\u0151: Luk\u00e1cs Gabriella<br \/>Szerkeszt\u0151: Hajd\u00fa G\u00e1bor<\/p>\n<p>(Ism\u00e9tl\u00e9s: m\u00e1rcius 10. szerda 8:40)<\/p>\n","protected":false},"excerpt":{"rendered":"<p>2010. m\u00e1rcius 7-\u00e9n 21:55 Penge A k\u00e9t m\u0171sorvezet\u0151, Lovasi Andr\u00e1s \u00e9s Lackfi J\u00e1nos ez\u00fattal a harminc\u00f6t \u00e9ve muzsik\u00e1l\u00f3 Sz\u00e9lki\u00e1lt\u00f3 egy\u00fcttest k\u00e9rte, hozz\u00e1k el zsebben a szerelmes J\u00f3zsef Attil\u00e1t. K\u00f6lt\u0151vend\u00e9g lesz Kiss Judit \u00c1gnes, b\u00e1rki kaphat \u201efriss h\u00e1zi koszt\u201d, Moln\u00e1r Krisztina&#46;&#46;&#46;<\/p>\n","protected":false},"author":3,"featured_media":0,"comment_status":"open","ping_status":"closed","sticky":false,"template":"","format":"standard","meta":{"footnotes":"","_links_to":"","_links_to_target":""},"categories":[12,13,7],"tags":[],"class_list":["post-1081","post","type-post","status-publish","format-standard","hentry","category-irodalom-2","category-tv","category-zenekar"],"rttpg_featured_image_url":null,"rttpg_author":{"display_name":"Fenyvesi B\u00e9la","author_link":"https:\/\/szelkialto.hu\/?author=3"},"rttpg_comment":0,"rttpg_category":"<a href=\"https:\/\/szelkialto.hu\/?cat=12\" rel=\"category\">irodalom<\/a> <a href=\"https:\/\/szelkialto.hu\/?cat=13\" rel=\"category\">telev\u00edzi\u00f3<\/a> <a href=\"https:\/\/szelkialto.hu\/?cat=7\" rel=\"category\">zenekar<\/a>","rttpg_excerpt":"2010. m\u00e1rcius 7-\u00e9n 21:55 Penge A k\u00e9t m\u0171sorvezet\u0151, Lovasi Andr\u00e1s \u00e9s Lackfi J\u00e1nos ez\u00fattal a harminc\u00f6t \u00e9ve muzsik\u00e1l\u00f3 Sz\u00e9lki\u00e1lt\u00f3 egy\u00fcttest k\u00e9rte, hozz\u00e1k el zsebben a szerelmes J\u00f3zsef Attil\u00e1t. K\u00f6lt\u0151vend\u00e9g lesz Kiss Judit \u00c1gnes, b\u00e1rki kaphat \u201efriss h\u00e1zi koszt\u201d, Moln\u00e1r Krisztina&#46;&#46;&#46;","_links":{"self":[{"href":"https:\/\/szelkialto.hu\/index.php?rest_route=\/wp\/v2\/posts\/1081","targetHints":{"allow":["GET"]}}],"collection":[{"href":"https:\/\/szelkialto.hu\/index.php?rest_route=\/wp\/v2\/posts"}],"about":[{"href":"https:\/\/szelkialto.hu\/index.php?rest_route=\/wp\/v2\/types\/post"}],"author":[{"embeddable":true,"href":"https:\/\/szelkialto.hu\/index.php?rest_route=\/wp\/v2\/users\/3"}],"replies":[{"embeddable":true,"href":"https:\/\/szelkialto.hu\/index.php?rest_route=%2Fwp%2Fv2%2Fcomments&post=1081"}],"version-history":[{"count":1,"href":"https:\/\/szelkialto.hu\/index.php?rest_route=\/wp\/v2\/posts\/1081\/revisions"}],"predecessor-version":[{"id":2975,"href":"https:\/\/szelkialto.hu\/index.php?rest_route=\/wp\/v2\/posts\/1081\/revisions\/2975"}],"wp:attachment":[{"href":"https:\/\/szelkialto.hu\/index.php?rest_route=%2Fwp%2Fv2%2Fmedia&parent=1081"}],"wp:term":[{"taxonomy":"category","embeddable":true,"href":"https:\/\/szelkialto.hu\/index.php?rest_route=%2Fwp%2Fv2%2Fcategories&post=1081"},{"taxonomy":"post_tag","embeddable":true,"href":"https:\/\/szelkialto.hu\/index.php?rest_route=%2Fwp%2Fv2%2Ftags&post=1081"}],"curies":[{"name":"wp","href":"https:\/\/api.w.org\/{rel}","templated":true}]}}