{"id":1091,"date":"2010-01-31T09:57:32","date_gmt":"2010-01-31T09:57:32","guid":{"rendered":"https:\/\/szelkialto.hu\/?p=1091"},"modified":"2014-06-04T08:41:27","modified_gmt":"2014-06-04T06:41:27","slug":"duna-tv-penge","status":"publish","type":"post","link":"https:\/\/szelkialto.hu\/?p=1091","title":{"rendered":"Duna TV &#8211; Penge"},"content":{"rendered":"<p><b>Versek zen\u00e9ben, zene a versben &#8211; Peng\u0151 h\u00farok, penge\u00e9les elm\u00e9k<\/b><\/p>\n<p>A havonta egyszer, vas\u00e1rnap este jelentkez\u0151 Penge a min\u0151s\u00e9g \u00e9s k\u00f6zvetlens\u00e9g elegy\u00e9vel szeretne hatni: j\u00f3 \u00e9s er\u0151s, kort\u00e1rs \u00e9s klasszikus magyar versek, kit\u0171n\u0151 zen\u00e9szek szerepelnek k\u00f6nnyen befogadhat\u00f3, de nem &#8220;kereskedelmi&#8221; t\u00e1lal\u00e1sban.<\/p>\n<p>A m\u0171sor k\u00f6zel\u00edti egym\u00e1shoz a klasszikus \u00e9s a kort\u00e1rs k\u00f6lt\u00e9szetet, verset \u00e9s zen\u00e9t, megmutatja, hogy nincs k\u00f6z\u00f6tt\u00fck szakad\u00e9k: a ma l\u00edrikusa ott folytatja, ahol a tegnapi abbahagyta. A Peng\u00e9b\u0151l megtudhatjuk, hogy nincs magas \u00e9s alacsony kult\u00fara, csak j\u00f3 \u00e9s rossz m\u0171. A k\u00f6nnyed sl\u00e1ger j\u00f3 kezekben \u00e9rt\u00e9kk\u00e9 v\u00e1lhat, a kult\u00farkincs unalmasan el\u0151vezetve halott, k\u00f6telez\u0151 olvasm\u00e1ny.<\/p>\n<p>A h\u00e1zigazd\u00e1k bevezetik a n\u00e9z\u0151t a k\u00f6lt\u00e9szet \u00e9s a zene m\u0171hely\u00e9be, lesz\u00e1ll\u00edtj\u00e1k a m\u0171v\u00e9szetet az \u00fcnnepi talapzatr\u00f3l, emberi k\u00f6zels\u00e9gbe hozz\u00e1k, hiszen mindennapi t\u00e1rsunk.<\/p>\n<p>M\u0171sorvezet\u0151k: <b>Lackfi J\u00e1nos<\/b>, <b>Lovasi Andr\u00e1s<\/b><\/p>\n","protected":false},"excerpt":{"rendered":"<p>Versek zen\u00e9ben, zene a versben &#8211; Peng\u0151 h\u00farok, penge\u00e9les elm\u00e9k A havonta egyszer, vas\u00e1rnap este jelentkez\u0151 Penge a min\u0151s\u00e9g \u00e9s k\u00f6zvetlens\u00e9g elegy\u00e9vel szeretne hatni: j\u00f3 \u00e9s er\u0151s, kort\u00e1rs \u00e9s klasszikus magyar versek, kit\u0171n\u0151 zen\u00e9szek szerepelnek k\u00f6nnyen befogadhat\u00f3, de nem &#8220;kereskedelmi&#8221;&#46;&#46;&#46;<\/p>\n","protected":false},"author":3,"featured_media":0,"comment_status":"open","ping_status":"closed","sticky":false,"template":"","format":"standard","meta":{"footnotes":"","_links_to":"","_links_to_target":""},"categories":[13],"tags":[],"class_list":["post-1091","post","type-post","status-publish","format-standard","hentry","category-tv"],"rttpg_featured_image_url":null,"rttpg_author":{"display_name":"Fenyvesi B\u00e9la","author_link":"https:\/\/szelkialto.hu\/?author=3"},"rttpg_comment":0,"rttpg_category":"<a href=\"https:\/\/szelkialto.hu\/?cat=13\" rel=\"category\">telev\u00edzi\u00f3<\/a>","rttpg_excerpt":"Versek zen\u00e9ben, zene a versben &#8211; Peng\u0151 h\u00farok, penge\u00e9les elm\u00e9k A havonta egyszer, vas\u00e1rnap este jelentkez\u0151 Penge a min\u0151s\u00e9g \u00e9s k\u00f6zvetlens\u00e9g elegy\u00e9vel szeretne hatni: j\u00f3 \u00e9s er\u0151s, kort\u00e1rs \u00e9s klasszikus magyar versek, kit\u0171n\u0151 zen\u00e9szek szerepelnek k\u00f6nnyen befogadhat\u00f3, de nem &#8220;kereskedelmi&#8221;&#46;&#46;&#46;","_links":{"self":[{"href":"https:\/\/szelkialto.hu\/index.php?rest_route=\/wp\/v2\/posts\/1091","targetHints":{"allow":["GET"]}}],"collection":[{"href":"https:\/\/szelkialto.hu\/index.php?rest_route=\/wp\/v2\/posts"}],"about":[{"href":"https:\/\/szelkialto.hu\/index.php?rest_route=\/wp\/v2\/types\/post"}],"author":[{"embeddable":true,"href":"https:\/\/szelkialto.hu\/index.php?rest_route=\/wp\/v2\/users\/3"}],"replies":[{"embeddable":true,"href":"https:\/\/szelkialto.hu\/index.php?rest_route=%2Fwp%2Fv2%2Fcomments&post=1091"}],"version-history":[{"count":1,"href":"https:\/\/szelkialto.hu\/index.php?rest_route=\/wp\/v2\/posts\/1091\/revisions"}],"predecessor-version":[{"id":2852,"href":"https:\/\/szelkialto.hu\/index.php?rest_route=\/wp\/v2\/posts\/1091\/revisions\/2852"}],"wp:attachment":[{"href":"https:\/\/szelkialto.hu\/index.php?rest_route=%2Fwp%2Fv2%2Fmedia&parent=1091"}],"wp:term":[{"taxonomy":"category","embeddable":true,"href":"https:\/\/szelkialto.hu\/index.php?rest_route=%2Fwp%2Fv2%2Fcategories&post=1091"},{"taxonomy":"post_tag","embeddable":true,"href":"https:\/\/szelkialto.hu\/index.php?rest_route=%2Fwp%2Fv2%2Ftags&post=1091"}],"curies":[{"name":"wp","href":"https:\/\/api.w.org\/{rel}","templated":true}]}}