{"id":1093,"date":"2010-01-09T09:59:31","date_gmt":"2010-01-09T09:59:31","guid":{"rendered":"https:\/\/szelkialto.hu\/?p=1093"},"modified":"2014-11-10T06:01:49","modified_gmt":"2014-11-10T05:01:49","slug":"pecs2010-europa-kulturalis-fovarosa","status":"publish","type":"post","link":"https:\/\/szelkialto.hu\/?p=1093","title":{"rendered":"P\u00e9cs2010 Eur\u00f3pa Kultur\u00e1lis F\u0151v\u00e1rosa"},"content":{"rendered":"<p>2010. janu\u00e1r 10-\u00e9n 18:00 P\u00e9cs, Sz\u00e9chenyi t\u00e9r<\/p>\n<p><b>P\u00e9cs2010 Eur\u00f3pa Kultur\u00e1lis F\u0151v\u00e1ros megnyit\u00f3 g\u00e1la<\/b><br \/>A megnyit\u00f3t a Magyar Telev\u00edzi\u00f3 1-es csatorn\u00e1ja \u00e9l\u0151ben k\u00f6zvet\u00edti.<\/p>\n<p>K\u00e9tezer \u00e9v t\u00f6rt\u00e9nelm\u00e9nek \u00e9s kult\u00far\u00e1j\u00e1nak egym\u00e1sra \u00e9p\u00fclt r\u00e9tegei jelennek meg a nyit\u00f3g\u00e1l\u00e1ban, amelyben p\u00e9csi k\u00f6t\u0151d\u00e9s\u0171 m\u0171v\u00e9szek, m\u0171v\u00e9szegy\u00fcttesek, valamint t\u00f6bb sz\u00e1z p\u00e9csi di\u00e1k mutatja be ennek a k\u00e9t \u00e9vezredes \u00f6r\u00f6ks\u00e9gnek a keresztmetszet\u00e9t.<\/p>\n<p>A m\u0171sorban fell\u00e9pnek t\u00f6bbek k\u00f6z\u00f6tt:<br \/>a <b>Bab T\u00e1rsulat<\/b>, a <b>B\u00f3bita B\u00e1bsz\u00ednh\u00e1z<\/b>, a <b>PTE-ETK-FONTIFIVE T\u00e1nccsoportja<\/b>, a <b>Tanac N\u00e9pt\u00e1ncegy\u00fcttes<\/b>, a <b>Somogy T\u00e1ncegy\u00fcttes<\/b>, a <b>P\u00e9csi Balett<\/b>, a <b>Pannon Filharmonikusok<\/b>, a <b>P\u00e9csi Vasutas F\u00fav\u00f3szenekar<\/b>, <b>Demj\u00e9n Ferenc<\/b>, <b>Lang Gy\u00f6rgyi<\/b>, <b>Kandech Evelyne<\/b>, <b>Balik\u00f3 Tam\u00e1s<\/b>, a <b>Vivat Bacchus<\/b>, a <b>MiZo P\u00e9cs 2010 kosarasai<\/b> \u00e9s a <b>Sz\u00e9lki\u00e1lt\u00f3 egy\u00fcttes<\/b>.<\/p>\n<p>A zenei \u00f6ssze\u00e1ll\u00edt\u00e1st \u00e9s a zenesz\u00e1mok egy r\u00e9sz\u00e9t <b>Erd\u00e9sz R\u00f3bert<\/b> (Solaris egy\u00fcttes) kompon\u00e1lta.<\/p>\n<p>A megnyit\u00f3r\u00f3l r\u00e9szletesen <b><a href=\"http:\/\/www.pecs2010.hu\/program\/693\" target=\"_blank\">itt<\/a><\/b> t\u00e1j\u00e9koz\u00f3dhat.<\/p>\n","protected":false},"excerpt":{"rendered":"<p>2010. janu\u00e1r 10-\u00e9n 18:00 P\u00e9cs, Sz\u00e9chenyi t\u00e9r P\u00e9cs2010 Eur\u00f3pa Kultur\u00e1lis F\u0151v\u00e1ros megnyit\u00f3 g\u00e1laA megnyit\u00f3t a Magyar Telev\u00edzi\u00f3 1-es csatorn\u00e1ja \u00e9l\u0151ben k\u00f6zvet\u00edti. K\u00e9tezer \u00e9v t\u00f6rt\u00e9nelm\u00e9nek \u00e9s kult\u00far\u00e1j\u00e1nak egym\u00e1sra \u00e9p\u00fclt r\u00e9tegei jelennek meg a nyit\u00f3g\u00e1l\u00e1ban, amelyben p\u00e9csi k\u00f6t\u0151d\u00e9s\u0171 m\u0171v\u00e9szek, m\u0171v\u00e9szegy\u00fcttesek, valamint t\u00f6bb&#46;&#46;&#46;<\/p>\n","protected":false},"author":3,"featured_media":0,"comment_status":"open","ping_status":"closed","sticky":false,"template":"","format":"standard","meta":{"footnotes":"","_links_to":"","_links_to_target":""},"categories":[4,7],"tags":[],"class_list":["post-1093","post","type-post","status-publish","format-standard","hentry","category-koncertek","category-zenekar"],"rttpg_featured_image_url":null,"rttpg_author":{"display_name":"Fenyvesi B\u00e9la","author_link":"https:\/\/szelkialto.hu\/?author=3"},"rttpg_comment":0,"rttpg_category":"<a href=\"https:\/\/szelkialto.hu\/?cat=4\" rel=\"category\">koncertek<\/a> <a href=\"https:\/\/szelkialto.hu\/?cat=7\" rel=\"category\">zenekar<\/a>","rttpg_excerpt":"2010. janu\u00e1r 10-\u00e9n 18:00 P\u00e9cs, Sz\u00e9chenyi t\u00e9r P\u00e9cs2010 Eur\u00f3pa Kultur\u00e1lis F\u0151v\u00e1ros megnyit\u00f3 g\u00e1laA megnyit\u00f3t a Magyar Telev\u00edzi\u00f3 1-es csatorn\u00e1ja \u00e9l\u0151ben k\u00f6zvet\u00edti. K\u00e9tezer \u00e9v t\u00f6rt\u00e9nelm\u00e9nek \u00e9s kult\u00far\u00e1j\u00e1nak egym\u00e1sra \u00e9p\u00fclt r\u00e9tegei jelennek meg a nyit\u00f3g\u00e1l\u00e1ban, amelyben p\u00e9csi k\u00f6t\u0151d\u00e9s\u0171 m\u0171v\u00e9szek, m\u0171v\u00e9szegy\u00fcttesek, valamint t\u00f6bb&#46;&#46;&#46;","_links":{"self":[{"href":"https:\/\/szelkialto.hu\/index.php?rest_route=\/wp\/v2\/posts\/1093","targetHints":{"allow":["GET"]}}],"collection":[{"href":"https:\/\/szelkialto.hu\/index.php?rest_route=\/wp\/v2\/posts"}],"about":[{"href":"https:\/\/szelkialto.hu\/index.php?rest_route=\/wp\/v2\/types\/post"}],"author":[{"embeddable":true,"href":"https:\/\/szelkialto.hu\/index.php?rest_route=\/wp\/v2\/users\/3"}],"replies":[{"embeddable":true,"href":"https:\/\/szelkialto.hu\/index.php?rest_route=%2Fwp%2Fv2%2Fcomments&post=1093"}],"version-history":[{"count":1,"href":"https:\/\/szelkialto.hu\/index.php?rest_route=\/wp\/v2\/posts\/1093\/revisions"}],"predecessor-version":[{"id":2979,"href":"https:\/\/szelkialto.hu\/index.php?rest_route=\/wp\/v2\/posts\/1093\/revisions\/2979"}],"wp:attachment":[{"href":"https:\/\/szelkialto.hu\/index.php?rest_route=%2Fwp%2Fv2%2Fmedia&parent=1093"}],"wp:term":[{"taxonomy":"category","embeddable":true,"href":"https:\/\/szelkialto.hu\/index.php?rest_route=%2Fwp%2Fv2%2Fcategories&post=1093"},{"taxonomy":"post_tag","embeddable":true,"href":"https:\/\/szelkialto.hu\/index.php?rest_route=%2Fwp%2Fv2%2Ftags&post=1093"}],"curies":[{"name":"wp","href":"https:\/\/api.w.org\/{rel}","templated":true}]}}