{"id":1101,"date":"2009-12-03T10:17:36","date_gmt":"2009-12-03T10:17:36","guid":{"rendered":"https:\/\/szelkialto.hu\/?p=1101"},"modified":"2014-07-10T21:49:08","modified_gmt":"2014-07-10T19:49:08","slug":"meghalt-gyore-imre-kolto","status":"publish","type":"post","link":"https:\/\/szelkialto.hu\/?p=1101","title":{"rendered":"Meghalt Gy\u00f6re Imre k\u00f6lt\u0151"},"content":{"rendered":"<p style=\"text-align: left;\">2009. okt\u00f3ber 29-\u00e9n meghalt Gy\u00f6re Imre k\u00f6lt\u0151.<br \/>75 \u00e9ves lett volna tegnap&#8230;<\/p>\n<p style=\"text-align: left;\">Ma tudtam meg  v\u00e9letlen\u00fcl a hal\u00e1lh\u00edr\u00e9t, pedig naponta olvasok \u00fajs\u00e1gokat \u00e9s minden nap internetezek.<br \/> Nem volt vezet\u0151 h\u00edr. Nem is ez a baj, hanem az, hogy meghalt&#8230;<\/p>\n<p style=\"text-align: left;\">\n<p style=\"text-align: center;\"><span style=\"font-size: small;\"><b>Gy\u00f6re Imre: Ferences d\u00e9lut\u00e1n<\/b><\/span><\/p>\n<p style=\"text-align: center;\">Cs\u00fct\u00f6rt\u00f6k van,<br \/> \u00e9s f\u00e9l kilenc. <br \/> Most ment el t\u0151lem <br \/> Szent Ferenc, <br \/> kis testv\u00e9rem, <br \/> ki f\u00e9l napot <br \/> velem t\u00f6lt\u00f6tt <br \/> \u00e9s hallgatott, <br \/> s \u00e9n hallgattam <br \/> egy f\u00e9l napot. <br \/> \u0150 t\u00f6bbsz\u00f6r <br \/> megmosolygatott, <br \/> \u00e9n \u0151t, n\u00e9zt\u00fck a <br \/> m\u00e9z- Napot <br \/> lehunyt szemmel, <br \/> mint v\u00e9n vakok, <br \/> l\u00e1ttuk: m\u00e1st <br \/> szem se l\u00e1that ott. <br \/> Egy percre el is <br \/> alhatott <br \/> Ferenc, \u00e1lmodva <br \/> \u00faj lakot <br \/> annak, ki eddig <br \/> nem lakott. <br \/> Kis szell\u0151 j\u00f6tt <br \/> \u00e9s megcsapott, <br \/> bel\u00fclr\u0151l <br \/> megborzongatott, <br \/> pill\u00e1nk rezd\u00fclt, <br \/> s b\u00e1r hajnalok <br \/> v\u00edg \u00e9bred\u00e9se <br \/> r\u00e9g halott, <br \/> tudtuk, hogy j\u00f6n m\u00e9g <br \/> rosszra jobb.<\/p>\n<p style=\"text-align: center;\">Azt\u00e1n Ferenc <br \/> elballagott <br \/> az \u00e9jjelbe, <br \/> mert ott lakott, <br \/> lyukas zseb\u00e9b\u0151l <br \/> hullatott <br \/> csillagot, Holdat, <br \/> t\u00f6kmagot.<\/p>\n","protected":false},"excerpt":{"rendered":"<p>2009. okt\u00f3ber 29-\u00e9n meghalt Gy\u00f6re Imre k\u00f6lt\u0151.75 \u00e9ves lett volna tegnap&#8230; Ma tudtam meg v\u00e9letlen\u00fcl a hal\u00e1lh\u00edr\u00e9t, pedig naponta olvasok \u00fajs\u00e1gokat \u00e9s minden nap internetezek. Nem volt vezet\u0151 h\u00edr. Nem is ez a baj, hanem az, hogy meghalt&#8230; Gy\u00f6re Imre:&#46;&#46;&#46;<\/p>\n","protected":false},"author":3,"featured_media":0,"comment_status":"open","ping_status":"closed","sticky":false,"template":"","format":"standard","meta":{"footnotes":"","_links_to":"","_links_to_target":""},"categories":[12,11],"tags":[],"class_list":["post-1101","post","type-post","status-publish","format-standard","hentry","category-irodalom-2","category-koltok"],"rttpg_featured_image_url":null,"rttpg_author":{"display_name":"Fenyvesi B\u00e9la","author_link":"https:\/\/szelkialto.hu\/?author=3"},"rttpg_comment":0,"rttpg_category":"<a href=\"https:\/\/szelkialto.hu\/?cat=12\" rel=\"category\">irodalom<\/a> <a href=\"https:\/\/szelkialto.hu\/?cat=11\" rel=\"category\">k\u00f6lt\u0151k<\/a>","rttpg_excerpt":"2009. okt\u00f3ber 29-\u00e9n meghalt Gy\u00f6re Imre k\u00f6lt\u0151.75 \u00e9ves lett volna tegnap&#8230; Ma tudtam meg v\u00e9letlen\u00fcl a hal\u00e1lh\u00edr\u00e9t, pedig naponta olvasok \u00fajs\u00e1gokat \u00e9s minden nap internetezek. Nem volt vezet\u0151 h\u00edr. Nem is ez a baj, hanem az, hogy meghalt&#8230; Gy\u00f6re Imre:&#46;&#46;&#46;","_links":{"self":[{"href":"https:\/\/szelkialto.hu\/index.php?rest_route=\/wp\/v2\/posts\/1101","targetHints":{"allow":["GET"]}}],"collection":[{"href":"https:\/\/szelkialto.hu\/index.php?rest_route=\/wp\/v2\/posts"}],"about":[{"href":"https:\/\/szelkialto.hu\/index.php?rest_route=\/wp\/v2\/types\/post"}],"author":[{"embeddable":true,"href":"https:\/\/szelkialto.hu\/index.php?rest_route=\/wp\/v2\/users\/3"}],"replies":[{"embeddable":true,"href":"https:\/\/szelkialto.hu\/index.php?rest_route=%2Fwp%2Fv2%2Fcomments&post=1101"}],"version-history":[{"count":1,"href":"https:\/\/szelkialto.hu\/index.php?rest_route=\/wp\/v2\/posts\/1101\/revisions"}],"predecessor-version":[{"id":2907,"href":"https:\/\/szelkialto.hu\/index.php?rest_route=\/wp\/v2\/posts\/1101\/revisions\/2907"}],"wp:attachment":[{"href":"https:\/\/szelkialto.hu\/index.php?rest_route=%2Fwp%2Fv2%2Fmedia&parent=1101"}],"wp:term":[{"taxonomy":"category","embeddable":true,"href":"https:\/\/szelkialto.hu\/index.php?rest_route=%2Fwp%2Fv2%2Fcategories&post=1101"},{"taxonomy":"post_tag","embeddable":true,"href":"https:\/\/szelkialto.hu\/index.php?rest_route=%2Fwp%2Fv2%2Ftags&post=1101"}],"curies":[{"name":"wp","href":"https:\/\/api.w.org\/{rel}","templated":true}]}}