{"id":1104,"date":"2009-11-14T10:14:11","date_gmt":"2009-11-14T10:14:11","guid":{"rendered":"https:\/\/szelkialto.hu\/?p=1104"},"modified":"2024-04-23T10:30:30","modified_gmt":"2024-04-23T08:30:30","slug":"szelkialto-jubileum","status":"publish","type":"post","link":"https:\/\/szelkialto.hu\/?p=1104","title":{"rendered":"Sz\u00e9lki\u00e1lt\u00f3 jubileum"},"content":{"rendered":"<p><b>Egy\u00fctt-l\u00e9lekz\u00e9s \u2013 a Sz\u00e9lki\u00e1lt\u00f3 hallgat\u00e1sa k\u00f6zben&#8230;<\/b><\/p>\n<p>Mostan\u00e1ban sokat hallgatok \u2013 a Sz\u00e9lki\u00e1lt\u00f3 mellett \u2013 Chopint is. \u00c1ll\u00edt\u00f3lag, M\u00e1rai \u00edrja, amikor Tolsztoj Chopint hallgatott, s\u00edrva k\u00e9rdezte: mit akar t\u0151lem ez a zene?<\/p>\n<p>Azt m\u00e1r el sem v\u00e1rn\u00e1m egy mindink\u00e1bb bulv\u00e1rosod\u00f3 helyi napilapt\u00f3l, amelyik r\u00e9szletesen besz\u00e1mol utols\u00f3 oldal\u00e1n az als\u00f3pityerszeg &#8211; kakukkfalu megyei 20-as focimeccs r\u00e9szleteir\u0151l, s k\u00f6zben a k\u00e9tezer \u00e9ves v\u00e1ros 35 \u00e9ve maradand\u00f3t alkot\u00f3 b\u00fcszkes\u00e9g\u00e9r\u0151l, a Sz\u00e9lki\u00e1lt\u00f3r\u00f3l nem k\u00e9pes nemhogy egy \u00e9rdemi koncert\u00e9rt\u00e9kel\u0151 \u00edr\u00e1st alkotni, de m\u00e9g a m\u00e1snapi h\u00e1romsoros besz\u00e1mol\u00f3ban is otromba t\u00e1rgyi t\u00e9ved\u00e9ssel \u00edrja: hogy fell\u00e9ptek a zenekar kor\u00e1bbi tagjai, holott ez nem \u00edgy volt, halottainkra eml\u00e9kezt\u00fcnk, hogy az \u00e9l\u0151k mi\u00e9rt nem voltak jelen, nem \u00edr\u00e1sunk t\u00e1rgya feszegetni.<\/p>\n<p>Hogy pedig Tolsztoj ut\u00e1n szabadon ilyet k\u00e9rdezne egy \u00fajs\u00e1g\u00edr\u00f3: mit akar t\u0151l\u00fcnk ez a zene, a Sz\u00e9lki\u00e1lt\u00f3 zen\u00e9je 35 \u00e9ve?<\/p>\n<p>Nos, ez a mai \u00e1llapotaink k\u00f6zepette, amikor m\u00e1r Hamvas azt \u00edrta: az \u00fajs\u00e1g nem m\u00e1s mint tr\u00e1gyag\u00f6d\u00f6r, gy\u0171jt\u0151fogh\u00e1z, bord\u00e9ly \u00e9s zsibv\u00e1s\u00e1r, h\u00e1t m\u00e9g napjainkban (eg\u00e9sz \u00e9let\u00e9ben k\u00e9tszer vett k\u00e9zbe napilapot), sz\u00f3val ak\u00e1rmennyire gy\u00f6ny\u00f6r\u0171 \u00e9rz\u00e9s volt v\u00e9gre a Sz\u00e9lki\u00e1lt\u00f3t l\u00e1tni 10-\u00e9n reggel a napilap elej\u00e9n, a sok undort kelt\u0151, politikai undoks\u00e1g k\u00f6z\u00f6tt, a v\u00e1laszt nek\u00fcnk kell megadnunk, mit akar t\u0151l\u00fcnk ez a zene 35 \u00e9ve?<br \/>\nA H\u00edrad\u00f3t dics\u00e9ret illeti hogy a texasi l\u00e1ncf\u0171r\u00e9szes meg egy iraki robbant\u00e1s k\u00f6z\u00f6tt az\u00e9rt este besz\u00e1molt a koncertr\u0151l.<\/p>\n<p>Mindegyik embernek a lelk\u00e9ben egy dal van \u00e9s a saj\u00e1t lelk\u00e9t hallja minden dalban. Vagyis csak arr\u00f3l tudok \u00edrni, hogy \u00e9n milyen dalt hallottam lelkemben, t\u0151lem mit akart ez a zene?<\/p>\n<p>Semmik\u00e9ppen sem azt, amit a csacsi bemond\u00f3 hang, m\u00e9g a legdr\u00e1maibb el\u0151ad\u00e1s el\u0151tt is k\u00edv\u00e1n: j\u00f3 sz\u00f3rakoz\u00e1st k\u00edv\u00e1nunk! \u00c9n nem sz\u00f3rakozni j\u00f6ttem, hogy sz\u00e9tsz\u00f3rjon a zene, mint a s\u00e9tat\u00e9ri eszem-iszom fesztiv\u00e1lokon, hanem hogy \u00f6sszeszedjen, nem kikapcsol\u00f3dni akartam, hanem bekapcsol\u00f3dni. Abba a sz\u00f3v\u00e1tehetetlen, mondhatatlan \u00e9lm\u00e9nybe, ami a katarzis, a m\u0171v\u00e9szet. Bert\u00f3k L\u00e1szl\u00f3 igaz, pontos verse a megv\u00e1lt\u00f3 zen\u00e9r\u0151l, err\u0151l sz\u00f3lt.<\/p>\n<p>A k\u00f6lt\u0151k a vil\u00e1g t\u00f6rv\u00e9nyhoz\u00f3i, \u00edrta Thomas Mann, term\u00e9szetesen nem a borzalmas politikai \u00e9rtelemben, amelynek k\u00e9pvisel\u0151i mi\u00e9rt is lettek volna jelen, hanem szellemi, erk\u00f6lcsi \u00e9rtelemben. Megv\u00e1lt\u00e1s a zene, sokszor \u00f6nmagamt\u00f3l, seg\u00edt, hogy megtal\u00e1lhassam magamat, \u00f6sszeszedhessem magamat, ne pedig sz\u00e9tsz\u00f3rjam, \u201eb\u00e9k\u00edts ki magaddal s magammal, hiszen te vagy a b\u00e9ke\u201d. Ezt akarja t\u0151lem ez a zene.<\/p>\n<p>Nagy reform\u00e1torunk szerint aki zsolt\u00e1rt \u00e9nekel, vagyis nemcsak mondja, de \u00e9nekli is, az k\u00e9tszeresen im\u00e1dkozik. A Sz\u00e9lki\u00e1lt\u00f3 35 \u00e9ve a dallamok sz\u00e1rny\u00e1ra veszi a f\u00f6ld\u00f6n kullog\u00f3 szavakat, elkapja az ige lelk\u00e9nek sz\u00e9lz\u00fag\u00e1s\u00e1t \u00e9s \u00edgy emel minket is fel, tesz emelkedett\u00e9 a Parnasszus sz\u00e1rnyain.<\/p>\n<p>De m\u00e9g valamit akart t\u0151lem ez a zene. K\u00f6nnyen f\u00e9lre\u00e9rthet\u0151 a sz\u00f3: melank\u00f3lia. Igen. Melank\u00f3lia.<\/p>\n<p>Itt-ott \u00fcres sz\u00e9keket l\u00e1ttam, nem l\u00e1ttam a v\u00e1ros karnagyait, \u00e9nektan\u00e1rait, szellemi \u00e9let\u00fcnk nagyjait, v\u00e1rosunk kultur\u00e1lis elitj\u00e9t, egy h\u0171s\u00e9ges kitart\u00f3 k\u00f6z\u00f6ns\u00e9get l\u00e1ttam, de hol voltak az egyetemist\u00e1k? Egy zenekar, amelyik a f\u0151iskol\u00e1r\u00f3l indult, hol voltak a l\u00e1ngol\u00f3 tekintet\u0171 f\u0151iskol\u00e1sok, egyetemist\u00e1k, akik We\u00f6res S\u00e1ndort, Adyt falj\u00e1k? Hol van a p\u00e9csi kultur\u00e1lis \u00e9letb\u0151l az itt tanul\u00f3 25 ezer di\u00e1k, akik a kakas\u00fcll\u0151n is csillog\u00f3 szemmel lest\u00e9k volna ezt a gy\u00f6ny\u00f6r\u0171 est\u00e9t? Hol van m\u00e1r az a 70-es \u00e9vekbeli terem a f\u0151iskol\u00e1n, ahol elb\u00facs\u00fazott di\u00e1k\u00e9veit\u0151l a Sz\u00e9lki\u00e1lt\u00f3?<br \/>\nF\u00e9lre\u00e9rt\u00e9s ne ess\u00e9k: elm\u00falt egy kor, egy bizonyos emberi, p\u00e9csi mili\u0151 visszahozhatatlannak l\u00e1tszik, ak\u00e1r az ifj\u00fas\u00e1g. Mi volt ez a p\u00e9csi magatart\u00e1s? Az ember \u00e1mulata a v\u00e1ros m\u0171v\u00e9szete, sz\u00e9ps\u00e9ge felett, Sz\u00e9lki\u00e1lt\u00f3, Martyn Ferenc, V\u00e1rkonyi N\u00e1ndor, a gal\u00e9ria, Csontv\u00e1ry&#8230; stb. az \u00e9let tisztelete, \u00e1h\u00edtata. Az \u00fcres sz\u00e9kek err\u0151l \u00e1rulkodtak. De nem sokas\u00e1g, hanem l\u00e9lek tesz csuda dolgokat!<\/p>\n<p>Egy\u00fctt-l\u00e9lekz\u00e9s a melank\u00f3lia, amit \u00e9reztem a koncerten, nem valami vil\u00e1gf\u00e1jdalom volt. A melank\u00f3lia az utols\u00f3 csepp m\u00e9z veszend\u0151 vil\u00e1gunkban. Veszend\u0151 P\u00e9cs v\u00e1rosunkban. A vil\u00e1g legnagyobb csod\u00e1ja a der\u0171, enn\u00e9l csak az a nagyobb csoda, hogy a der\u0171 a melank\u00f3li\u00e1b\u00f3l \u00e9l. Ez a Sz\u00e9lki\u00e1lt\u00f3 \u00e9s az \u00e9let paradoxona. A melank\u00f3lia 35 \u00e9ve tesz minket vid\u00e1mm\u00e1 \u00e9s gyermekk\u00e9 minden koncerteteken.<\/p>\n<p>\u00d6ngyilkos lett egy 32 \u00e9ves focikapus ma N\u00e9metorsz\u00e1gban. Ha \u00e9rtett volna magyarul, ha ott lett volna vel\u00fcnk h\u00e9tf\u0151 este P\u00e9csett a koncerten, tal\u00e1n megmenthette volna mag\u00e1t. Ha vel\u00fcnk \u00e9nekelt volna a v\u00e9g\u00e9n. mert akik egy\u00fctt \u00e9nekelnek, egy\u00fctt ki\u00e1ltanak szelet, azoknak egyszerre kell leveg\u0151t venni\u00fck. Egy\u00fctt kell l\u00e9lek!ezni\u00fck. Ezt m\u00e9g Debrecenben, a reform\u00e1tus koll\u00e9gium 270 \u00e9ves \u00e9nekkar\u00e1ban, a k\u00e1ntusban tanultam meg. Csak akkor tudunk egy\u00fctt \u00e9nekelni, ha egyszerre l\u00e9lek-z\u00fcnk.<\/p>\n<p>\u00c9s egy\u00fctt l\u00e9lekezni valakivel, gondolni r\u00e1 akkor is lehet, ha \u0151 nem is tud r\u00f3la. Soha nem felejtem el, ahogy a sz\u00ednpad elej\u00e9re l\u00e9ptetek \u00e9s egy\u00fctt \u00e9nekelt\u00e9tek vel\u00fcnk a Sz\u00e9lki\u00e1lt\u00f3 himnuszt, egy\u00fctt l\u00e9lekeztetek vel\u00fcnk! \u00c9s ez nem \u00e9r v\u00e9get soha, akkor sem, ha majd kilehelj\u00fck ezt a lelket! Mert a sz\u00e9l f\u00fa, amerre akar, nem tudod honnan j\u00f6tt \u00e9s hov\u00e1 megy, \u00edgy van mindenki aki l\u00e9lekt\u0151l sz\u00fcletett!<\/p>\n<p>\u201eN\u00e9gyen ballagtunk kinn a r\u00e9ten, \u00edgy m\u00falt el az \u00e9n gyereks\u00e9gem, kett\u0151 kisl\u00e1ny volt, egy meg kutya volt, az \u00e9g nagy-nagy k\u00e9ksz\u00e1rny\u00fa lepke volt&#8230;\u201d<\/p>\n<p>Csak az a taps, csak azt tudn\u00e1m feledni, de sz\u00e9p lett volna, ha a csend csend\u00fcl meg&#8230;<\/p>\n<p style=\"text-align: right;\"><em>Kov\u00e1cs Csaba<br \/>\nreform\u00e1tus lelk\u00e9sz<\/em><\/p>\n","protected":false},"excerpt":{"rendered":"<p>Egy\u00fctt-l\u00e9lekz\u00e9s \u2013 a Sz\u00e9lki\u00e1lt\u00f3 hallgat\u00e1sa k\u00f6zben&#8230; Mostan\u00e1ban sokat hallgatok \u2013 a Sz\u00e9lki\u00e1lt\u00f3 mellett \u2013 Chopint is. \u00c1ll\u00edt\u00f3lag, M\u00e1rai \u00edrja, amikor Tolsztoj Chopint hallgatott, s\u00edrva k\u00e9rdezte: mit akar t\u0151lem ez a zene? Azt m\u00e1r el sem v\u00e1rn\u00e1m egy mindink\u00e1bb bulv\u00e1rosod\u00f3 helyi&#46;&#46;&#46;<\/p>\n","protected":false},"author":3,"featured_media":5441,"comment_status":"open","ping_status":"closed","sticky":false,"template":"","format":"standard","meta":{"footnotes":"","_links_to":"","_links_to_target":""},"categories":[12,4,7],"tags":[],"class_list":["post-1104","post","type-post","status-publish","format-standard","has-post-thumbnail","hentry","category-irodalom-2","category-koncertek","category-zenekar"],"rttpg_featured_image_url":{"full":["https:\/\/szelkialto.hu\/wp-content\/uploads\/jubileumi_koncert-2009.jpg",633,301,false],"landscape":["https:\/\/szelkialto.hu\/wp-content\/uploads\/jubileumi_koncert-2009.jpg",633,301,false],"portraits":["https:\/\/szelkialto.hu\/wp-content\/uploads\/jubileumi_koncert-2009.jpg",633,301,false],"thumbnail":["https:\/\/szelkialto.hu\/wp-content\/uploads\/jubileumi_koncert-2009-150x150.jpg",150,150,true],"medium":["https:\/\/szelkialto.hu\/wp-content\/uploads\/jubileumi_koncert-2009-300x143.jpg",300,143,true],"large":["https:\/\/szelkialto.hu\/wp-content\/uploads\/jubileumi_koncert-2009.jpg",633,301,false],"1536x1536":["https:\/\/szelkialto.hu\/wp-content\/uploads\/jubileumi_koncert-2009.jpg",633,301,false],"2048x2048":["https:\/\/szelkialto.hu\/wp-content\/uploads\/jubileumi_koncert-2009.jpg",633,301,false],"thumb-small":["https:\/\/szelkialto.hu\/wp-content\/uploads\/jubileumi_koncert-2009-80x80.jpg",80,80,true],"thumb-standard":["https:\/\/szelkialto.hu\/wp-content\/uploads\/jubileumi_koncert-2009-320x301.jpg",320,301,true],"thumb-medium":["https:\/\/szelkialto.hu\/wp-content\/uploads\/jubileumi_koncert-2009-520x245.jpg",520,245,true],"thumb-large":["https:\/\/szelkialto.hu\/wp-content\/uploads\/jubileumi_koncert-2009.jpg",633,301,false],"thumb-xlarge":["https:\/\/szelkialto.hu\/wp-content\/uploads\/jubileumi_koncert-2009.jpg",633,301,false],"thumb-xxlarge":["https:\/\/szelkialto.hu\/wp-content\/uploads\/jubileumi_koncert-2009.jpg",633,301,false]},"rttpg_author":{"display_name":"Fenyvesi B\u00e9la","author_link":"https:\/\/szelkialto.hu\/?author=3"},"rttpg_comment":0,"rttpg_category":"<a href=\"https:\/\/szelkialto.hu\/?cat=12\" rel=\"category\">irodalom<\/a> <a href=\"https:\/\/szelkialto.hu\/?cat=4\" rel=\"category\">koncertek<\/a> <a href=\"https:\/\/szelkialto.hu\/?cat=7\" rel=\"category\">zenekar<\/a>","rttpg_excerpt":"Egy\u00fctt-l\u00e9lekz\u00e9s \u2013 a Sz\u00e9lki\u00e1lt\u00f3 hallgat\u00e1sa k\u00f6zben&#8230; Mostan\u00e1ban sokat hallgatok \u2013 a Sz\u00e9lki\u00e1lt\u00f3 mellett \u2013 Chopint is. \u00c1ll\u00edt\u00f3lag, M\u00e1rai \u00edrja, amikor Tolsztoj Chopint hallgatott, s\u00edrva k\u00e9rdezte: mit akar t\u0151lem ez a zene? Azt m\u00e1r el sem v\u00e1rn\u00e1m egy mindink\u00e1bb bulv\u00e1rosod\u00f3 helyi&#46;&#46;&#46;","_links":{"self":[{"href":"https:\/\/szelkialto.hu\/index.php?rest_route=\/wp\/v2\/posts\/1104","targetHints":{"allow":["GET"]}}],"collection":[{"href":"https:\/\/szelkialto.hu\/index.php?rest_route=\/wp\/v2\/posts"}],"about":[{"href":"https:\/\/szelkialto.hu\/index.php?rest_route=\/wp\/v2\/types\/post"}],"author":[{"embeddable":true,"href":"https:\/\/szelkialto.hu\/index.php?rest_route=\/wp\/v2\/users\/3"}],"replies":[{"embeddable":true,"href":"https:\/\/szelkialto.hu\/index.php?rest_route=%2Fwp%2Fv2%2Fcomments&post=1104"}],"version-history":[{"count":3,"href":"https:\/\/szelkialto.hu\/index.php?rest_route=\/wp\/v2\/posts\/1104\/revisions"}],"predecessor-version":[{"id":5442,"href":"https:\/\/szelkialto.hu\/index.php?rest_route=\/wp\/v2\/posts\/1104\/revisions\/5442"}],"wp:featuredmedia":[{"embeddable":true,"href":"https:\/\/szelkialto.hu\/index.php?rest_route=\/wp\/v2\/media\/5441"}],"wp:attachment":[{"href":"https:\/\/szelkialto.hu\/index.php?rest_route=%2Fwp%2Fv2%2Fmedia&parent=1104"}],"wp:term":[{"taxonomy":"category","embeddable":true,"href":"https:\/\/szelkialto.hu\/index.php?rest_route=%2Fwp%2Fv2%2Fcategories&post=1104"},{"taxonomy":"post_tag","embeddable":true,"href":"https:\/\/szelkialto.hu\/index.php?rest_route=%2Fwp%2Fv2%2Ftags&post=1104"}],"curies":[{"name":"wp","href":"https:\/\/api.w.org\/{rel}","templated":true}]}}