{"id":1118,"date":"2009-09-25T13:37:15","date_gmt":"2009-09-25T13:37:15","guid":{"rendered":"https:\/\/szelkialto.hu\/?p=1118"},"modified":"2024-04-23T10:15:36","modified_gmt":"2024-04-23T08:15:36","slug":"oktober-1-a-zene-vilagnapja","status":"publish","type":"post","link":"https:\/\/szelkialto.hu\/?p=1118","title":{"rendered":"Okt\u00f3ber 1., a Zene Vil\u00e1gnapja"},"content":{"rendered":"<p><a href=\"http:\/\/www.menuhin.org\" target=\"_blank\" rel=\"noopener\">Yehudi Menuhin<\/a> kezdem\u00e9nyez\u00e9se nyom\u00e1n <b>1975-ben<\/b> sz\u00fcletett a <a href=\"http:\/\/www.azenevilagnapja.org\" target=\"_blank\" rel=\"noopener\">Zene Vil\u00e1gnapj\u00e1nak<\/a> az \u00f6tlete. A m\u0171v\u00e9sz az al\u00e1bbi szavakkal ind\u00edtotta \u00fatj\u00e1ra kezdem\u00e9nyez\u00e9s\u00e9t:<\/p>\n<p><em>&#8220;\u00d6r\u00fcln\u00e9k, ha nemcsak koncerteken, r\u00e1di\u00f3m\u0171sorokban sz\u00f3laln\u00e1nak meg r\u00e9gi \u00e9s f\u0151k\u00e9nt mai m\u0171vek, hanem spont\u00e1n megnyilv\u00e1nul\u00e1sk\u00e9nt utc\u00e1kon \u00e9s tereken is muzsik\u00e1ln\u00e1nak \u00e9nekesek, k\u00f3rusok, jazz-zen\u00e9szek \u00e9s a komolyzene legjelent\u0151sebb el\u0151ad\u00f3i&#8230;&#8221;<\/em><\/p>\n<p><b>2009-ben a Zene Vil\u00e1gnapj\u00e1nak jelmondata: &#8220;Hallgass \u00e1t!&#8221;<\/b> Ez a mondat \u00f6szt\u00f6n\u00f6z mindenkit, hogy ak\u00e1r csak egy napra is, de hallgasson bele olyan zen\u00e9kbe, melyeket m\u00e1skor elker\u00fcl!<\/p>\n<p>Mi ezen a napon <b>10:00 \u00f3rakor <\/b><a href=\"http:\/\/www.siofok.hu\" target=\"_blank\" rel=\"noopener\">Si\u00f3fokon<\/a><b> a <\/b><a href=\"http:\/\/www.kulturkozpont-siofok.hu\" target=\"_blank\" rel=\"noopener\">K\u00e1lm\u00e1n Imre Kultur\u00e1lis K\u00f6zpontban<\/a> zen\u00e9l\u00fcnk.<\/p>\n<p>Mindenkit v\u00e1runk szeretettel!<\/p>\n","protected":false},"excerpt":{"rendered":"<p>Yehudi Menuhin kezdem\u00e9nyez\u00e9se nyom\u00e1n 1975-ben sz\u00fcletett a Zene Vil\u00e1gnapj\u00e1nak az \u00f6tlete. A m\u0171v\u00e9sz az al\u00e1bbi szavakkal ind\u00edtotta \u00fatj\u00e1ra kezdem\u00e9nyez\u00e9s\u00e9t: &#8220;\u00d6r\u00fcln\u00e9k, ha nemcsak koncerteken, r\u00e1di\u00f3m\u0171sorokban sz\u00f3laln\u00e1nak meg r\u00e9gi \u00e9s f\u0151k\u00e9nt mai m\u0171vek, hanem spont\u00e1n megnyilv\u00e1nul\u00e1sk\u00e9nt utc\u00e1kon \u00e9s tereken is muzsik\u00e1ln\u00e1nak \u00e9nekesek,&#46;&#46;&#46;<\/p>\n","protected":false},"author":3,"featured_media":5436,"comment_status":"open","ping_status":"closed","sticky":false,"template":"","format":"standard","meta":{"footnotes":"","_links_to":"","_links_to_target":""},"categories":[4,7],"tags":[],"class_list":["post-1118","post","type-post","status-publish","format-standard","has-post-thumbnail","hentry","category-koncertek","category-zenekar"],"rttpg_featured_image_url":{"full":["https:\/\/szelkialto.hu\/wp-content\/uploads\/a_zene_vilagnapja.jpg",633,301,false],"landscape":["https:\/\/szelkialto.hu\/wp-content\/uploads\/a_zene_vilagnapja.jpg",633,301,false],"portraits":["https:\/\/szelkialto.hu\/wp-content\/uploads\/a_zene_vilagnapja.jpg",633,301,false],"thumbnail":["https:\/\/szelkialto.hu\/wp-content\/uploads\/a_zene_vilagnapja-150x150.jpg",150,150,true],"medium":["https:\/\/szelkialto.hu\/wp-content\/uploads\/a_zene_vilagnapja-300x143.jpg",300,143,true],"large":["https:\/\/szelkialto.hu\/wp-content\/uploads\/a_zene_vilagnapja.jpg",633,301,false],"1536x1536":["https:\/\/szelkialto.hu\/wp-content\/uploads\/a_zene_vilagnapja.jpg",633,301,false],"2048x2048":["https:\/\/szelkialto.hu\/wp-content\/uploads\/a_zene_vilagnapja.jpg",633,301,false],"thumb-small":["https:\/\/szelkialto.hu\/wp-content\/uploads\/a_zene_vilagnapja-80x80.jpg",80,80,true],"thumb-standard":["https:\/\/szelkialto.hu\/wp-content\/uploads\/a_zene_vilagnapja-320x301.jpg",320,301,true],"thumb-medium":["https:\/\/szelkialto.hu\/wp-content\/uploads\/a_zene_vilagnapja-520x245.jpg",520,245,true],"thumb-large":["https:\/\/szelkialto.hu\/wp-content\/uploads\/a_zene_vilagnapja.jpg",633,301,false],"thumb-xlarge":["https:\/\/szelkialto.hu\/wp-content\/uploads\/a_zene_vilagnapja.jpg",633,301,false],"thumb-xxlarge":["https:\/\/szelkialto.hu\/wp-content\/uploads\/a_zene_vilagnapja.jpg",633,301,false]},"rttpg_author":{"display_name":"Fenyvesi B\u00e9la","author_link":"https:\/\/szelkialto.hu\/?author=3"},"rttpg_comment":0,"rttpg_category":"<a href=\"https:\/\/szelkialto.hu\/?cat=4\" rel=\"category\">koncertek<\/a> <a href=\"https:\/\/szelkialto.hu\/?cat=7\" rel=\"category\">zenekar<\/a>","rttpg_excerpt":"Yehudi Menuhin kezdem\u00e9nyez\u00e9se nyom\u00e1n 1975-ben sz\u00fcletett a Zene Vil\u00e1gnapj\u00e1nak az \u00f6tlete. A m\u0171v\u00e9sz az al\u00e1bbi szavakkal ind\u00edtotta \u00fatj\u00e1ra kezdem\u00e9nyez\u00e9s\u00e9t: &#8220;\u00d6r\u00fcln\u00e9k, ha nemcsak koncerteken, r\u00e1di\u00f3m\u0171sorokban sz\u00f3laln\u00e1nak meg r\u00e9gi \u00e9s f\u0151k\u00e9nt mai m\u0171vek, hanem spont\u00e1n megnyilv\u00e1nul\u00e1sk\u00e9nt utc\u00e1kon \u00e9s tereken is muzsik\u00e1ln\u00e1nak \u00e9nekesek,&#46;&#46;&#46;","_links":{"self":[{"href":"https:\/\/szelkialto.hu\/index.php?rest_route=\/wp\/v2\/posts\/1118","targetHints":{"allow":["GET"]}}],"collection":[{"href":"https:\/\/szelkialto.hu\/index.php?rest_route=\/wp\/v2\/posts"}],"about":[{"href":"https:\/\/szelkialto.hu\/index.php?rest_route=\/wp\/v2\/types\/post"}],"author":[{"embeddable":true,"href":"https:\/\/szelkialto.hu\/index.php?rest_route=\/wp\/v2\/users\/3"}],"replies":[{"embeddable":true,"href":"https:\/\/szelkialto.hu\/index.php?rest_route=%2Fwp%2Fv2%2Fcomments&post=1118"}],"version-history":[{"count":2,"href":"https:\/\/szelkialto.hu\/index.php?rest_route=\/wp\/v2\/posts\/1118\/revisions"}],"predecessor-version":[{"id":5437,"href":"https:\/\/szelkialto.hu\/index.php?rest_route=\/wp\/v2\/posts\/1118\/revisions\/5437"}],"wp:featuredmedia":[{"embeddable":true,"href":"https:\/\/szelkialto.hu\/index.php?rest_route=\/wp\/v2\/media\/5436"}],"wp:attachment":[{"href":"https:\/\/szelkialto.hu\/index.php?rest_route=%2Fwp%2Fv2%2Fmedia&parent=1118"}],"wp:term":[{"taxonomy":"category","embeddable":true,"href":"https:\/\/szelkialto.hu\/index.php?rest_route=%2Fwp%2Fv2%2Fcategories&post=1118"},{"taxonomy":"post_tag","embeddable":true,"href":"https:\/\/szelkialto.hu\/index.php?rest_route=%2Fwp%2Fv2%2Ftags&post=1118"}],"curies":[{"name":"wp","href":"https:\/\/api.w.org\/{rel}","templated":true}]}}