{"id":1121,"date":"2009-09-06T13:36:52","date_gmt":"2009-09-06T13:36:52","guid":{"rendered":"https:\/\/szelkialto.hu\/?p=1121"},"modified":"2014-07-04T08:01:04","modified_gmt":"2014-07-04T06:01:04","slug":"szelkialto-koncert-az-elmenymuhely-rendezvenyen","status":"publish","type":"post","link":"https:\/\/szelkialto.hu\/?p=1121","title":{"rendered":"Sz\u00e9lki\u00e1lt\u00f3 koncert az \u00c9lm\u00e9nym\u0171hely rendezv\u00e9ny\u00e9n"},"content":{"rendered":"<p><b>2009. szeptember 18-\u00e1n<\/b>, p\u00e9nteken az <b>\u00d6r\u00f6ks\u00e9g Fesztiv\u00e1l &#8211; P\u00e9csi Napok<\/b> keret\u00e9ben tartja a <b>P\u00e9csi Kultur\u00e1lis K\u00f6zpont<\/b> az <a href=\"http:\/\/www.elmenymuhely.hu\" target=\"_blank\">\u00c9lm\u00e9nym\u0171hely 2009.<\/a> c. rendezv\u00e9ny\u00e9t az Ap\u00e1czai Nevel\u00e9si \u00e9s \u00c1MK-ban.<\/p>\n<p>Ennek keret\u00e9ben ker\u00fcl sor 12:00 \u00f3rakor egy <b>Sz\u00e9lki\u00e1lt\u00f3<\/b> koncertre is, amelyre szeretettel v\u00e1runk mindenkit!<\/p>\n","protected":false},"excerpt":{"rendered":"<p>2009. szeptember 18-\u00e1n, p\u00e9nteken az \u00d6r\u00f6ks\u00e9g Fesztiv\u00e1l &#8211; P\u00e9csi Napok keret\u00e9ben tartja a P\u00e9csi Kultur\u00e1lis K\u00f6zpont az \u00c9lm\u00e9nym\u0171hely 2009. c. rendezv\u00e9ny\u00e9t az Ap\u00e1czai Nevel\u00e9si \u00e9s \u00c1MK-ban. Ennek keret\u00e9ben ker\u00fcl sor 12:00 \u00f3rakor egy Sz\u00e9lki\u00e1lt\u00f3 koncertre is, amelyre szeretettel v\u00e1runk mindenkit!<\/p>\n","protected":false},"author":3,"featured_media":0,"comment_status":"open","ping_status":"closed","sticky":false,"template":"","format":"standard","meta":{"footnotes":"","_links_to":"","_links_to_target":""},"categories":[4,7],"tags":[],"class_list":["post-1121","post","type-post","status-publish","format-standard","hentry","category-koncertek","category-zenekar"],"rttpg_featured_image_url":null,"rttpg_author":{"display_name":"Fenyvesi B\u00e9la","author_link":"https:\/\/szelkialto.hu\/?author=3"},"rttpg_comment":0,"rttpg_category":"<a href=\"https:\/\/szelkialto.hu\/?cat=4\" rel=\"category\">koncertek<\/a> <a href=\"https:\/\/szelkialto.hu\/?cat=7\" rel=\"category\">zenekar<\/a>","rttpg_excerpt":"2009. szeptember 18-\u00e1n, p\u00e9nteken az \u00d6r\u00f6ks\u00e9g Fesztiv\u00e1l &#8211; P\u00e9csi Napok keret\u00e9ben tartja a P\u00e9csi Kultur\u00e1lis K\u00f6zpont az \u00c9lm\u00e9nym\u0171hely 2009. c. rendezv\u00e9ny\u00e9t az Ap\u00e1czai Nevel\u00e9si \u00e9s \u00c1MK-ban. Ennek keret\u00e9ben ker\u00fcl sor 12:00 \u00f3rakor egy Sz\u00e9lki\u00e1lt\u00f3 koncertre is, amelyre szeretettel v\u00e1runk mindenkit!","_links":{"self":[{"href":"https:\/\/szelkialto.hu\/index.php?rest_route=\/wp\/v2\/posts\/1121","targetHints":{"allow":["GET"]}}],"collection":[{"href":"https:\/\/szelkialto.hu\/index.php?rest_route=\/wp\/v2\/posts"}],"about":[{"href":"https:\/\/szelkialto.hu\/index.php?rest_route=\/wp\/v2\/types\/post"}],"author":[{"embeddable":true,"href":"https:\/\/szelkialto.hu\/index.php?rest_route=\/wp\/v2\/users\/3"}],"replies":[{"embeddable":true,"href":"https:\/\/szelkialto.hu\/index.php?rest_route=%2Fwp%2Fv2%2Fcomments&post=1121"}],"version-history":[{"count":1,"href":"https:\/\/szelkialto.hu\/index.php?rest_route=\/wp\/v2\/posts\/1121\/revisions"}],"predecessor-version":[{"id":2904,"href":"https:\/\/szelkialto.hu\/index.php?rest_route=\/wp\/v2\/posts\/1121\/revisions\/2904"}],"wp:attachment":[{"href":"https:\/\/szelkialto.hu\/index.php?rest_route=%2Fwp%2Fv2%2Fmedia&parent=1121"}],"wp:term":[{"taxonomy":"category","embeddable":true,"href":"https:\/\/szelkialto.hu\/index.php?rest_route=%2Fwp%2Fv2%2Fcategories&post=1121"},{"taxonomy":"post_tag","embeddable":true,"href":"https:\/\/szelkialto.hu\/index.php?rest_route=%2Fwp%2Fv2%2Ftags&post=1121"}],"curies":[{"name":"wp","href":"https:\/\/api.w.org\/{rel}","templated":true}]}}