{"id":1125,"date":"2009-08-27T13:36:36","date_gmt":"2009-08-27T13:36:36","guid":{"rendered":"https:\/\/szelkialto.hu\/?p=1125"},"modified":"2014-06-12T05:31:07","modified_gmt":"2014-06-12T03:31:07","slug":"szelkialto-koncert-erdelyben","status":"publish","type":"post","link":"https:\/\/szelkialto.hu\/?p=1125","title":{"rendered":"Sz\u00e9lki\u00e1lt\u00f3 koncert Erd\u00e9lyben"},"content":{"rendered":"<p><b>Augusztus 29-\u00e9n 13:00<\/b> \u00f3rakor <b>K\u00e9zdiv\u00e1s\u00e1rhelyen<\/b> l\u00e9p fel a Sz\u00e9lki\u00e1lt\u00f3 az <b>\u0150szi sokadalom 2009<\/b> rendezv\u00e9ny\u00e9n.<\/p>\n<p>V\u00e1runk mindenkit!<\/p>\n","protected":false},"excerpt":{"rendered":"<p>Augusztus 29-\u00e9n 13:00 \u00f3rakor K\u00e9zdiv\u00e1s\u00e1rhelyen l\u00e9p fel a Sz\u00e9lki\u00e1lt\u00f3 az \u0150szi sokadalom 2009 rendezv\u00e9ny\u00e9n. V\u00e1runk mindenkit!<\/p>\n","protected":false},"author":3,"featured_media":0,"comment_status":"open","ping_status":"closed","sticky":false,"template":"","format":"standard","meta":{"footnotes":"","_links_to":"","_links_to_target":""},"categories":[4,7],"tags":[],"class_list":["post-1125","post","type-post","status-publish","format-standard","hentry","category-koncertek","category-zenekar"],"rttpg_featured_image_url":null,"rttpg_author":{"display_name":"Fenyvesi B\u00e9la","author_link":"https:\/\/szelkialto.hu\/?author=3"},"rttpg_comment":0,"rttpg_category":"<a href=\"https:\/\/szelkialto.hu\/?cat=4\" rel=\"category\">koncertek<\/a> <a href=\"https:\/\/szelkialto.hu\/?cat=7\" rel=\"category\">zenekar<\/a>","rttpg_excerpt":"Augusztus 29-\u00e9n 13:00 \u00f3rakor K\u00e9zdiv\u00e1s\u00e1rhelyen l\u00e9p fel a Sz\u00e9lki\u00e1lt\u00f3 az \u0150szi sokadalom 2009 rendezv\u00e9ny\u00e9n. V\u00e1runk mindenkit!","_links":{"self":[{"href":"https:\/\/szelkialto.hu\/index.php?rest_route=\/wp\/v2\/posts\/1125","targetHints":{"allow":["GET"]}}],"collection":[{"href":"https:\/\/szelkialto.hu\/index.php?rest_route=\/wp\/v2\/posts"}],"about":[{"href":"https:\/\/szelkialto.hu\/index.php?rest_route=\/wp\/v2\/types\/post"}],"author":[{"embeddable":true,"href":"https:\/\/szelkialto.hu\/index.php?rest_route=\/wp\/v2\/users\/3"}],"replies":[{"embeddable":true,"href":"https:\/\/szelkialto.hu\/index.php?rest_route=%2Fwp%2Fv2%2Fcomments&post=1125"}],"version-history":[{"count":1,"href":"https:\/\/szelkialto.hu\/index.php?rest_route=\/wp\/v2\/posts\/1125\/revisions"}],"predecessor-version":[{"id":2893,"href":"https:\/\/szelkialto.hu\/index.php?rest_route=\/wp\/v2\/posts\/1125\/revisions\/2893"}],"wp:attachment":[{"href":"https:\/\/szelkialto.hu\/index.php?rest_route=%2Fwp%2Fv2%2Fmedia&parent=1125"}],"wp:term":[{"taxonomy":"category","embeddable":true,"href":"https:\/\/szelkialto.hu\/index.php?rest_route=%2Fwp%2Fv2%2Fcategories&post=1125"},{"taxonomy":"post_tag","embeddable":true,"href":"https:\/\/szelkialto.hu\/index.php?rest_route=%2Fwp%2Fv2%2Ftags&post=1125"}],"curies":[{"name":"wp","href":"https:\/\/api.w.org\/{rel}","templated":true}]}}