{"id":1131,"date":"2009-08-08T13:46:38","date_gmt":"2009-08-08T13:46:38","guid":{"rendered":"https:\/\/szelkialto.hu\/?p=1131"},"modified":"2014-06-04T06:03:21","modified_gmt":"2014-06-04T04:03:21","slug":"meghalt-cseh-tamas","status":"publish","type":"post","link":"https:\/\/szelkialto.hu\/?p=1131","title":{"rendered":"Meghalt Cseh Tam\u00e1s"},"content":{"rendered":"<p><b>Meghalt Cseh Tam\u00e1s&#8230;<\/b><\/p>\n<p>Hatvanhat \u00e9ves volt. Rem\u00e9lt\u00fck, hogy r\u00e9szt tud venni a novemberi Sz\u00e9lki\u00e1lt\u00f3 jubileumi koncerten, de sajnos nem \u00edgy t\u00f6rt\u00e9nt.<\/p>\n<p>T\u00f6bbsz\u00f6r is dolgoztunk egy\u00fctt. Az <b>Ut\u00f3irat<\/b> c\u00edm\u0171 dupla lemez\u00e9nek t\u00f6bb dal\u00e1ban is j\u00e1tszunk, az \u00e1ltala szerkesztett <b>Magyar katonadalok a XX. sz\u00e1zadb\u00f3l<\/b>, \u00e9s az <b>\u00dcnnepeink<\/b> c\u00edm\u0171 CD-lemezen pedig \u00e9nekel\u00fcnk. Nagy megtiszteltet\u00e9s volt mindegyik. J\u00f3 volt vele dolgozni, minden helyzetben mag\u00e1val tudott ragadni benn\u00fcnket&#8230;<\/p>\n<p>P\u00e1r \u00e9vel ezel\u0151tt felaj\u00e1nlotta, hogy sz\u00edvesen fel\u00e9nekelne egy Sz\u00e9lki\u00e1lt\u00f3 dalt valamelyik k\u00f6vetkez\u0151 lemez\u00fcnkre. Sajnos ez m\u00e1r nem fog megt\u00f6rt\u00e9nni soha, pedig nagyon k\u00e9sz\u00fclt\u00fcnk r\u00e1&#8230;<\/p>\n","protected":false},"excerpt":{"rendered":"<p>Meghalt Cseh Tam\u00e1s&#8230; Hatvanhat \u00e9ves volt. Rem\u00e9lt\u00fck, hogy r\u00e9szt tud venni a novemberi Sz\u00e9lki\u00e1lt\u00f3 jubileumi koncerten, de sajnos nem \u00edgy t\u00f6rt\u00e9nt. T\u00f6bbsz\u00f6r is dolgoztunk egy\u00fctt. Az Ut\u00f3irat c\u00edm\u0171 dupla lemez\u00e9nek t\u00f6bb dal\u00e1ban is j\u00e1tszunk, az \u00e1ltala szerkesztett Magyar katonadalok a&#46;&#46;&#46;<\/p>\n","protected":false},"author":3,"featured_media":0,"comment_status":"open","ping_status":"closed","sticky":false,"template":"","format":"standard","meta":{"footnotes":"","_links_to":"","_links_to_target":""},"categories":[11,7,14],"tags":[15],"class_list":["post-1131","post","type-post","status-publish","format-standard","hentry","category-koltok","category-zenekar","category-zeneszek","tag-cseh-tamas"],"rttpg_featured_image_url":null,"rttpg_author":{"display_name":"Fenyvesi B\u00e9la","author_link":"https:\/\/szelkialto.hu\/?author=3"},"rttpg_comment":0,"rttpg_category":"<a href=\"https:\/\/szelkialto.hu\/?cat=11\" rel=\"category\">k\u00f6lt\u0151k<\/a> <a href=\"https:\/\/szelkialto.hu\/?cat=7\" rel=\"category\">zenekar<\/a> <a href=\"https:\/\/szelkialto.hu\/?cat=14\" rel=\"category\">zen\u00e9szek<\/a>","rttpg_excerpt":"Meghalt Cseh Tam\u00e1s&#8230; Hatvanhat \u00e9ves volt. Rem\u00e9lt\u00fck, hogy r\u00e9szt tud venni a novemberi Sz\u00e9lki\u00e1lt\u00f3 jubileumi koncerten, de sajnos nem \u00edgy t\u00f6rt\u00e9nt. T\u00f6bbsz\u00f6r is dolgoztunk egy\u00fctt. Az Ut\u00f3irat c\u00edm\u0171 dupla lemez\u00e9nek t\u00f6bb dal\u00e1ban is j\u00e1tszunk, az \u00e1ltala szerkesztett Magyar katonadalok a&#46;&#46;&#46;","_links":{"self":[{"href":"https:\/\/szelkialto.hu\/index.php?rest_route=\/wp\/v2\/posts\/1131","targetHints":{"allow":["GET"]}}],"collection":[{"href":"https:\/\/szelkialto.hu\/index.php?rest_route=\/wp\/v2\/posts"}],"about":[{"href":"https:\/\/szelkialto.hu\/index.php?rest_route=\/wp\/v2\/types\/post"}],"author":[{"embeddable":true,"href":"https:\/\/szelkialto.hu\/index.php?rest_route=\/wp\/v2\/users\/3"}],"replies":[{"embeddable":true,"href":"https:\/\/szelkialto.hu\/index.php?rest_route=%2Fwp%2Fv2%2Fcomments&post=1131"}],"version-history":[{"count":1,"href":"https:\/\/szelkialto.hu\/index.php?rest_route=\/wp\/v2\/posts\/1131\/revisions"}],"predecessor-version":[{"id":2840,"href":"https:\/\/szelkialto.hu\/index.php?rest_route=\/wp\/v2\/posts\/1131\/revisions\/2840"}],"wp:attachment":[{"href":"https:\/\/szelkialto.hu\/index.php?rest_route=%2Fwp%2Fv2%2Fmedia&parent=1131"}],"wp:term":[{"taxonomy":"category","embeddable":true,"href":"https:\/\/szelkialto.hu\/index.php?rest_route=%2Fwp%2Fv2%2Fcategories&post=1131"},{"taxonomy":"post_tag","embeddable":true,"href":"https:\/\/szelkialto.hu\/index.php?rest_route=%2Fwp%2Fv2%2Ftags&post=1131"}],"curies":[{"name":"wp","href":"https:\/\/api.w.org\/{rel}","templated":true}]}}