{"id":1133,"date":"2009-07-09T13:48:28","date_gmt":"2009-07-09T13:48:28","guid":{"rendered":"https:\/\/szelkialto.hu\/?p=1133"},"modified":"2014-06-04T06:01:04","modified_gmt":"2014-06-04T04:01:04","slug":"szelkialto-a-kalaka-fesztivalon","status":"publish","type":"post","link":"https:\/\/szelkialto.hu\/?p=1133","title":{"rendered":"Sz\u00e9lki\u00e1lt\u00f3 a Kal\u00e1ka Fesztiv\u00e1lon"},"content":{"rendered":"<p><b>J\u00falius 11-\u00e9n<\/b>, szombaton <b>20:00<\/b> \u00f3rakor j\u00e1tszunk <b>Di\u00f3sgy\u0151rben<\/b> a <b>Kal\u00e1ka Fesztiv\u00e1lon<\/b>, m\u00e1snap pedig <b>11:00<\/b> \u00f3rakor t\u00f6bbedmagunkkal egy <b>\u00f6kumenikus istentiszteleten<\/b> a <b>Belv\u00e1rosi Evang\u00e9likus Templomban<\/b>.<\/p>\n","protected":false},"excerpt":{"rendered":"<p>J\u00falius 11-\u00e9n, szombaton 20:00 \u00f3rakor j\u00e1tszunk Di\u00f3sgy\u0151rben a Kal\u00e1ka Fesztiv\u00e1lon, m\u00e1snap pedig 11:00 \u00f3rakor t\u00f6bbedmagunkkal egy \u00f6kumenikus istentiszteleten a Belv\u00e1rosi Evang\u00e9likus Templomban.<\/p>\n","protected":false},"author":3,"featured_media":0,"comment_status":"open","ping_status":"closed","sticky":false,"template":"","format":"standard","meta":{"footnotes":"","_links_to":"","_links_to_target":""},"categories":[4,7],"tags":[],"class_list":["post-1133","post","type-post","status-publish","format-standard","hentry","category-koncertek","category-zenekar"],"rttpg_featured_image_url":null,"rttpg_author":{"display_name":"Fenyvesi B\u00e9la","author_link":"https:\/\/szelkialto.hu\/?author=3"},"rttpg_comment":0,"rttpg_category":"<a href=\"https:\/\/szelkialto.hu\/?cat=4\" rel=\"category\">koncertek<\/a> <a href=\"https:\/\/szelkialto.hu\/?cat=7\" rel=\"category\">zenekar<\/a>","rttpg_excerpt":"J\u00falius 11-\u00e9n, szombaton 20:00 \u00f3rakor j\u00e1tszunk Di\u00f3sgy\u0151rben a Kal\u00e1ka Fesztiv\u00e1lon, m\u00e1snap pedig 11:00 \u00f3rakor t\u00f6bbedmagunkkal egy \u00f6kumenikus istentiszteleten a Belv\u00e1rosi Evang\u00e9likus Templomban.","_links":{"self":[{"href":"https:\/\/szelkialto.hu\/index.php?rest_route=\/wp\/v2\/posts\/1133","targetHints":{"allow":["GET"]}}],"collection":[{"href":"https:\/\/szelkialto.hu\/index.php?rest_route=\/wp\/v2\/posts"}],"about":[{"href":"https:\/\/szelkialto.hu\/index.php?rest_route=\/wp\/v2\/types\/post"}],"author":[{"embeddable":true,"href":"https:\/\/szelkialto.hu\/index.php?rest_route=\/wp\/v2\/users\/3"}],"replies":[{"embeddable":true,"href":"https:\/\/szelkialto.hu\/index.php?rest_route=%2Fwp%2Fv2%2Fcomments&post=1133"}],"version-history":[{"count":1,"href":"https:\/\/szelkialto.hu\/index.php?rest_route=\/wp\/v2\/posts\/1133\/revisions"}],"predecessor-version":[{"id":2838,"href":"https:\/\/szelkialto.hu\/index.php?rest_route=\/wp\/v2\/posts\/1133\/revisions\/2838"}],"wp:attachment":[{"href":"https:\/\/szelkialto.hu\/index.php?rest_route=%2Fwp%2Fv2%2Fmedia&parent=1133"}],"wp:term":[{"taxonomy":"category","embeddable":true,"href":"https:\/\/szelkialto.hu\/index.php?rest_route=%2Fwp%2Fv2%2Fcategories&post=1133"},{"taxonomy":"post_tag","embeddable":true,"href":"https:\/\/szelkialto.hu\/index.php?rest_route=%2Fwp%2Fv2%2Ftags&post=1133"}],"curies":[{"name":"wp","href":"https:\/\/api.w.org\/{rel}","templated":true}]}}