{"id":1137,"date":"2009-02-14T13:54:23","date_gmt":"2009-02-14T13:54:23","guid":{"rendered":"https:\/\/szelkialto.hu\/?p=1137"},"modified":"2014-06-04T08:37:53","modified_gmt":"2014-06-04T06:37:53","slug":"szelkialto-film-az-mtv-videotaraban","status":"publish","type":"post","link":"https:\/\/szelkialto.hu\/?p=1137","title":{"rendered":"Sz\u00e9lki\u00e1lt\u00f3 film az MTV vide\u00f3t\u00e1r\u00e1ban"},"content":{"rendered":"<p>Akinek nem siker\u00fclt<b> janu\u00e1r 31-\u00e9n<\/b> az <b>M1-en<\/b> megn\u00e9zni a Sz\u00e9lki\u00e1lt\u00f3 gyerekkoncertj\u00e9t, amely tavaly szeptemberben k\u00e9sz\u00fclt a Millen\u00e1rison, a Te\u00e1trumban, az most v\u00e9gign\u00e9zheti a <b>Magyar Telev\u00edzi\u00f3 arch\u00edvum\u00e1ban<\/b> <a href=\"http:\/\/www.mtv.hu\/videotar\/?id=37383\" target=\"_blank\">itt<\/a><\/p>\n","protected":false},"excerpt":{"rendered":"<p>Akinek nem siker\u00fclt janu\u00e1r 31-\u00e9n az M1-en megn\u00e9zni a Sz\u00e9lki\u00e1lt\u00f3 gyerekkoncertj\u00e9t, amely tavaly szeptemberben k\u00e9sz\u00fclt a Millen\u00e1rison, a Te\u00e1trumban, az most v\u00e9gign\u00e9zheti a Magyar Telev\u00edzi\u00f3 arch\u00edvum\u00e1ban itt<\/p>\n","protected":false},"author":3,"featured_media":0,"comment_status":"open","ping_status":"closed","sticky":false,"template":"","format":"standard","meta":{"footnotes":"","_links_to":"","_links_to_target":""},"categories":[4,13,7],"tags":[],"class_list":["post-1137","post","type-post","status-publish","format-standard","hentry","category-koncertek","category-tv","category-zenekar"],"rttpg_featured_image_url":null,"rttpg_author":{"display_name":"Fenyvesi B\u00e9la","author_link":"https:\/\/szelkialto.hu\/?author=3"},"rttpg_comment":0,"rttpg_category":"<a href=\"https:\/\/szelkialto.hu\/?cat=4\" rel=\"category\">koncertek<\/a> <a href=\"https:\/\/szelkialto.hu\/?cat=13\" rel=\"category\">telev\u00edzi\u00f3<\/a> <a href=\"https:\/\/szelkialto.hu\/?cat=7\" rel=\"category\">zenekar<\/a>","rttpg_excerpt":"Akinek nem siker\u00fclt janu\u00e1r 31-\u00e9n az M1-en megn\u00e9zni a Sz\u00e9lki\u00e1lt\u00f3 gyerekkoncertj\u00e9t, amely tavaly szeptemberben k\u00e9sz\u00fclt a Millen\u00e1rison, a Te\u00e1trumban, az most v\u00e9gign\u00e9zheti a Magyar Telev\u00edzi\u00f3 arch\u00edvum\u00e1ban itt","_links":{"self":[{"href":"https:\/\/szelkialto.hu\/index.php?rest_route=\/wp\/v2\/posts\/1137","targetHints":{"allow":["GET"]}}],"collection":[{"href":"https:\/\/szelkialto.hu\/index.php?rest_route=\/wp\/v2\/posts"}],"about":[{"href":"https:\/\/szelkialto.hu\/index.php?rest_route=\/wp\/v2\/types\/post"}],"author":[{"embeddable":true,"href":"https:\/\/szelkialto.hu\/index.php?rest_route=\/wp\/v2\/users\/3"}],"replies":[{"embeddable":true,"href":"https:\/\/szelkialto.hu\/index.php?rest_route=%2Fwp%2Fv2%2Fcomments&post=1137"}],"version-history":[{"count":1,"href":"https:\/\/szelkialto.hu\/index.php?rest_route=\/wp\/v2\/posts\/1137\/revisions"}],"predecessor-version":[{"id":2842,"href":"https:\/\/szelkialto.hu\/index.php?rest_route=\/wp\/v2\/posts\/1137\/revisions\/2842"}],"wp:attachment":[{"href":"https:\/\/szelkialto.hu\/index.php?rest_route=%2Fwp%2Fv2%2Fmedia&parent=1137"}],"wp:term":[{"taxonomy":"category","embeddable":true,"href":"https:\/\/szelkialto.hu\/index.php?rest_route=%2Fwp%2Fv2%2Fcategories&post=1137"},{"taxonomy":"post_tag","embeddable":true,"href":"https:\/\/szelkialto.hu\/index.php?rest_route=%2Fwp%2Fv2%2Ftags&post=1137"}],"curies":[{"name":"wp","href":"https:\/\/api.w.org\/{rel}","templated":true}]}}