{"id":1153,"date":"2009-02-02T08:02:10","date_gmt":"2009-02-02T08:02:10","guid":{"rendered":"https:\/\/szelkialto.hu\/?p=1153"},"modified":"2014-06-04T08:37:19","modified_gmt":"2014-06-04T06:37:19","slug":"vers-es-dallam-koncertsorozat","status":"publish","type":"post","link":"https:\/\/szelkialto.hu\/?p=1153","title":{"rendered":"Vers \u00e9s dallam &#8211; koncertsorozat"},"content":{"rendered":"<p>A <b>Filharm\u00f3nia D\u00e9l-Dun\u00e1nt\u00fali Kht.<\/b> szervez\u00e9s\u00e9ben <b>febru\u00e1r 16-20-ig Tolna megye<\/b> tizenk\u00e9t telep\u00fcl\u00e9s\u00e9n <em>(Domb\u00f3v\u00e1ron, Bonyh\u00e1don, Simontorny\u00e1n, Dunaf\u00f6ldv\u00e1ron, Pakson, H\u0151gy\u00e9szen, Gy\u00f6nk\u00f6n, Tam\u00e1siban, Toln\u00e1n, Szeksz\u00e1rdon \u00e9s B\u00e1tasz\u00e9ken)<\/em>, <b>m\u00e1rcius 24-25-\u00e9n<\/b> pedig <b>Somogy megye<\/b> n\u00e9gy telep\u00fcl\u00e9s\u00e9n <em>(Marcaliban, Balatonlell\u00e9n, Nagyat\u00e1don \u00e9s Kaposv\u00e1ron)<\/em> adunk ifj\u00fas\u00e1gi koncerteket <b>Vers \u00e9s dallam<\/b> c\u00edmmel<\/p>\n<p>A m\u0171sorban azt pr\u00f3b\u00e1ljuk bemutatni, hogy mik\u00e9nt alakult a hajdan egym\u00e1s n\u00e9lk\u00fcl, k\u00fcl\u00f6n-k\u00fcl\u00f6n nem is l\u00e9tez\u0151 k\u00e9t m\u0171v\u00e9szeti \u00e1g egy\u00fctt\u00e9l\u00e9se, majd sz\u00e9tv\u00e1l\u00e1sa a k\u00fcl\u00f6nb\u00f6z\u0151 kult\u00far\u00e1kban?  Ehhez seg\u00edts\u00e9g\u00fcl h\u00edvjuk a n\u00e9pdalokat, a t\u00e9m\u00e1ba v\u00e1g\u00f3, r\u00e1nk maradt r\u00e9gi k\u00ednai, g\u00f6r\u00f6g le\u00edr\u00e1sokat, <b>Tin\u00f3di Lantos Sebesty\u00e9n<\/b> hist\u00f3ri\u00e1s \u00e9nekeit, <b>Balassi B\u00e1lint<\/b>, <b>Csokonai Vit\u00e9z Mih\u00e1ly<\/b>, <b>Pet\u0151fi S\u00e1ndor<\/b>, <b>Arany J\u00e1nos<\/b>, <b>J\u00f3zsef Attila<\/b> \u00e9s m\u00e1sok verseit, s\u0151t megpr\u00f3b\u00e1lunk a n\u00e9z\u0151kkel k\u00f6z\u00f6sen mi is verset \u00edrni, amelyet azut\u00e1n k\u00f6z\u00f6sen el\u0151 is adunk.<\/p>\n<p>A m\u0171sor utols\u00f3 harmad\u00e1ban pedig igyeksz\u00fcnk megmutatni, hogy mindezeken a hagyom\u00e1nyokon nevelkedve, hogyan pr\u00f3b\u00e1ljuk mi ma &#8211; sok m\u00e1s t\u00e1rsunkkal egy\u00fctt &#8211; \u00e9letben tartani ezt a m\u0171fajt, amelyet <b>\u00e9nekelt versnek<\/b> neveznek?<\/p>\n<p>A r\u00e9szletes koncertlista a Koncertek men\u00fcpont alatt \u00e9rhet\u0151 el. Mindenkit szeretettel v\u00e1runk az el\u0151ad\u00e1sokra!<\/p>\n","protected":false},"excerpt":{"rendered":"<p>A Filharm\u00f3nia D\u00e9l-Dun\u00e1nt\u00fali Kht. szervez\u00e9s\u00e9ben febru\u00e1r 16-20-ig Tolna megye tizenk\u00e9t telep\u00fcl\u00e9s\u00e9n (Domb\u00f3v\u00e1ron, Bonyh\u00e1don, Simontorny\u00e1n, Dunaf\u00f6ldv\u00e1ron, Pakson, H\u0151gy\u00e9szen, Gy\u00f6nk\u00f6n, Tam\u00e1siban, Toln\u00e1n, Szeksz\u00e1rdon \u00e9s B\u00e1tasz\u00e9ken), m\u00e1rcius 24-25-\u00e9n pedig Somogy megye n\u00e9gy telep\u00fcl\u00e9s\u00e9n (Marcaliban, Balatonlell\u00e9n, Nagyat\u00e1don \u00e9s Kaposv\u00e1ron) adunk ifj\u00fas\u00e1gi koncerteket Vers \u00e9s&#46;&#46;&#46;<\/p>\n","protected":false},"author":3,"featured_media":0,"comment_status":"open","ping_status":"closed","sticky":false,"template":"","format":"standard","meta":{"footnotes":"","_links_to":"","_links_to_target":""},"categories":[12,4,7],"tags":[19],"class_list":["post-1153","post","type-post","status-publish","format-standard","hentry","category-irodalom-2","category-koncertek","category-zenekar","tag-filharmonia"],"rttpg_featured_image_url":null,"rttpg_author":{"display_name":"Fenyvesi B\u00e9la","author_link":"https:\/\/szelkialto.hu\/?author=3"},"rttpg_comment":0,"rttpg_category":"<a href=\"https:\/\/szelkialto.hu\/?cat=12\" rel=\"category\">irodalom<\/a> <a href=\"https:\/\/szelkialto.hu\/?cat=4\" rel=\"category\">koncertek<\/a> <a href=\"https:\/\/szelkialto.hu\/?cat=7\" rel=\"category\">zenekar<\/a>","rttpg_excerpt":"A Filharm\u00f3nia D\u00e9l-Dun\u00e1nt\u00fali Kht. szervez\u00e9s\u00e9ben febru\u00e1r 16-20-ig Tolna megye tizenk\u00e9t telep\u00fcl\u00e9s\u00e9n (Domb\u00f3v\u00e1ron, Bonyh\u00e1don, Simontorny\u00e1n, Dunaf\u00f6ldv\u00e1ron, Pakson, H\u0151gy\u00e9szen, Gy\u00f6nk\u00f6n, Tam\u00e1siban, Toln\u00e1n, Szeksz\u00e1rdon \u00e9s B\u00e1tasz\u00e9ken), m\u00e1rcius 24-25-\u00e9n pedig Somogy megye n\u00e9gy telep\u00fcl\u00e9s\u00e9n (Marcaliban, Balatonlell\u00e9n, Nagyat\u00e1don \u00e9s Kaposv\u00e1ron) adunk ifj\u00fas\u00e1gi koncerteket Vers \u00e9s&#46;&#46;&#46;","_links":{"self":[{"href":"https:\/\/szelkialto.hu\/index.php?rest_route=\/wp\/v2\/posts\/1153","targetHints":{"allow":["GET"]}}],"collection":[{"href":"https:\/\/szelkialto.hu\/index.php?rest_route=\/wp\/v2\/posts"}],"about":[{"href":"https:\/\/szelkialto.hu\/index.php?rest_route=\/wp\/v2\/types\/post"}],"author":[{"embeddable":true,"href":"https:\/\/szelkialto.hu\/index.php?rest_route=\/wp\/v2\/users\/3"}],"replies":[{"embeddable":true,"href":"https:\/\/szelkialto.hu\/index.php?rest_route=%2Fwp%2Fv2%2Fcomments&post=1153"}],"version-history":[{"count":1,"href":"https:\/\/szelkialto.hu\/index.php?rest_route=\/wp\/v2\/posts\/1153\/revisions"}],"predecessor-version":[{"id":2841,"href":"https:\/\/szelkialto.hu\/index.php?rest_route=\/wp\/v2\/posts\/1153\/revisions\/2841"}],"wp:attachment":[{"href":"https:\/\/szelkialto.hu\/index.php?rest_route=%2Fwp%2Fv2%2Fmedia&parent=1153"}],"wp:term":[{"taxonomy":"category","embeddable":true,"href":"https:\/\/szelkialto.hu\/index.php?rest_route=%2Fwp%2Fv2%2Fcategories&post=1153"},{"taxonomy":"post_tag","embeddable":true,"href":"https:\/\/szelkialto.hu\/index.php?rest_route=%2Fwp%2Fv2%2Ftags&post=1153"}],"curies":[{"name":"wp","href":"https:\/\/api.w.org\/{rel}","templated":true}]}}