{"id":1156,"date":"2009-01-29T08:04:31","date_gmt":"2009-01-29T08:04:31","guid":{"rendered":"https:\/\/szelkialto.hu\/?p=1156"},"modified":"2014-11-10T05:59:25","modified_gmt":"2014-11-10T04:59:25","slug":"szelkialto-az-m1-televizioban","status":"publish","type":"post","link":"https:\/\/szelkialto.hu\/?p=1156","title":{"rendered":"Sz\u00e9lki\u00e1lt\u00f3 az M1 telev\u00edzi\u00f3ban"},"content":{"rendered":"<p><b>2009. janu\u00e1r 31., szombat 15:20 M1 Gyermeksz\u00ednh\u00e1z<br \/>Sz\u00e9lki\u00e1lt\u00f3 egy\u00fcttes: Bukfenc (55 perc)<\/b><\/p>\n<p>Aj\u00e1nljuk ezt a m\u0171sort azoknak a gyerekeknek, sz\u00fcl\u0151knek \u00e9s nagysz\u00fcl\u0151knek, akik szeretik a mes\u00e9ket, a verseket, esetleg m\u00e1r \u00edrtak is verset, akik szeretnek \u00e9nekelni, zen\u00e9lni, t\u00e1ncolni, hangszerekkel ismerkedni \u00e9s tal\u00e1l\u00f3s k\u00e9rd\u00e9sekre megfelelni.  A Sz\u00e9lki\u00e1lt\u00f3 egy\u00fcttes Bukfenc c\u00edm\u0171 m\u0171sor\u00e1n ilyen dolgok fognak t\u00f6rt\u00e9nni We\u00f6res S\u00e1ndor, Tamk\u00f3 Sirat\u00f3 K\u00e1roly, Tarbay Ede, Nagy Band\u00f3 Andr\u00e1s \u00e9s sok m\u00e1s k\u00f6lt\u0151 \u00e9nekelt verseinek t\u00e1rsas\u00e1g\u00e1ban&#8230;<\/p>\n","protected":false},"excerpt":{"rendered":"<p>2009. janu\u00e1r 31., szombat 15:20 M1 Gyermeksz\u00ednh\u00e1zSz\u00e9lki\u00e1lt\u00f3 egy\u00fcttes: Bukfenc (55 perc) Aj\u00e1nljuk ezt a m\u0171sort azoknak a gyerekeknek, sz\u00fcl\u0151knek \u00e9s nagysz\u00fcl\u0151knek, akik szeretik a mes\u00e9ket, a verseket, esetleg m\u00e1r \u00edrtak is verset, akik szeretnek \u00e9nekelni, zen\u00e9lni, t\u00e1ncolni, hangszerekkel ismerkedni \u00e9s&#46;&#46;&#46;<\/p>\n","protected":false},"author":3,"featured_media":0,"comment_status":"open","ping_status":"closed","sticky":false,"template":"","format":"standard","meta":{"footnotes":"","_links_to":"","_links_to_target":""},"categories":[4,13,7],"tags":[16,31,32],"class_list":["post-1156","post","type-post","status-publish","format-standard","hentry","category-koncertek","category-tv","category-zenekar","tag-film","tag-m1","tag-mtv"],"rttpg_featured_image_url":null,"rttpg_author":{"display_name":"Fenyvesi B\u00e9la","author_link":"https:\/\/szelkialto.hu\/?author=3"},"rttpg_comment":0,"rttpg_category":"<a href=\"https:\/\/szelkialto.hu\/?cat=4\" rel=\"category\">koncertek<\/a> <a href=\"https:\/\/szelkialto.hu\/?cat=13\" rel=\"category\">telev\u00edzi\u00f3<\/a> <a href=\"https:\/\/szelkialto.hu\/?cat=7\" rel=\"category\">zenekar<\/a>","rttpg_excerpt":"2009. janu\u00e1r 31., szombat 15:20 M1 Gyermeksz\u00ednh\u00e1zSz\u00e9lki\u00e1lt\u00f3 egy\u00fcttes: Bukfenc (55 perc) Aj\u00e1nljuk ezt a m\u0171sort azoknak a gyerekeknek, sz\u00fcl\u0151knek \u00e9s nagysz\u00fcl\u0151knek, akik szeretik a mes\u00e9ket, a verseket, esetleg m\u00e1r \u00edrtak is verset, akik szeretnek \u00e9nekelni, zen\u00e9lni, t\u00e1ncolni, hangszerekkel ismerkedni \u00e9s&#46;&#46;&#46;","_links":{"self":[{"href":"https:\/\/szelkialto.hu\/index.php?rest_route=\/wp\/v2\/posts\/1156","targetHints":{"allow":["GET"]}}],"collection":[{"href":"https:\/\/szelkialto.hu\/index.php?rest_route=\/wp\/v2\/posts"}],"about":[{"href":"https:\/\/szelkialto.hu\/index.php?rest_route=\/wp\/v2\/types\/post"}],"author":[{"embeddable":true,"href":"https:\/\/szelkialto.hu\/index.php?rest_route=\/wp\/v2\/users\/3"}],"replies":[{"embeddable":true,"href":"https:\/\/szelkialto.hu\/index.php?rest_route=%2Fwp%2Fv2%2Fcomments&post=1156"}],"version-history":[{"count":1,"href":"https:\/\/szelkialto.hu\/index.php?rest_route=\/wp\/v2\/posts\/1156\/revisions"}],"predecessor-version":[{"id":2973,"href":"https:\/\/szelkialto.hu\/index.php?rest_route=\/wp\/v2\/posts\/1156\/revisions\/2973"}],"wp:attachment":[{"href":"https:\/\/szelkialto.hu\/index.php?rest_route=%2Fwp%2Fv2%2Fmedia&parent=1156"}],"wp:term":[{"taxonomy":"category","embeddable":true,"href":"https:\/\/szelkialto.hu\/index.php?rest_route=%2Fwp%2Fv2%2Fcategories&post=1156"},{"taxonomy":"post_tag","embeddable":true,"href":"https:\/\/szelkialto.hu\/index.php?rest_route=%2Fwp%2Fv2%2Ftags&post=1156"}],"curies":[{"name":"wp","href":"https:\/\/api.w.org\/{rel}","templated":true}]}}