{"id":1160,"date":"2009-01-21T08:11:00","date_gmt":"2009-01-21T08:11:00","guid":{"rendered":"https:\/\/szelkialto.hu\/?p=1160"},"modified":"2014-11-10T06:05:29","modified_gmt":"2014-11-10T05:05:29","slug":"keszul-a-marai-lemez","status":"publish","type":"post","link":"https:\/\/szelkialto.hu\/?p=1160","title":{"rendered":"K\u00e9sz\u00fcl a M\u00e1rai lemez"},"content":{"rendered":"<p>Folynak a <b>M\u00e1rai<\/b> lemezre ker\u00fcl\u0151 zen\u00e9k pr\u00f3b\u00e1i. Febru\u00e1r elej\u00e9t\u0151l a st\u00fadi\u00f3munk\u00e1k is elkezd\u0151dnek.<\/p>\n<p>A CD a <b>Hangz\u00f3 Helikon<\/b> sorozatban jelenik meg, rem\u00e9nyeink szerint m\u00e9g az \u00e9v els\u0151 fel\u00e9ben.<\/p>\n","protected":false},"excerpt":{"rendered":"<p>Folynak a M\u00e1rai lemezre ker\u00fcl\u0151 zen\u00e9k pr\u00f3b\u00e1i. Febru\u00e1r elej\u00e9t\u0151l a st\u00fadi\u00f3munk\u00e1k is elkezd\u0151dnek. A CD a Hangz\u00f3 Helikon sorozatban jelenik meg, rem\u00e9nyeink szerint m\u00e9g az \u00e9v els\u0151 fel\u00e9ben.<\/p>\n","protected":false},"author":3,"featured_media":0,"comment_status":"open","ping_status":"closed","sticky":false,"template":"","format":"standard","meta":{"footnotes":"","_links_to":"","_links_to_target":""},"categories":[17,12,6,7],"tags":[30],"class_list":["post-1160","post","type-post","status-publish","format-standard","hentry","category-cd","category-irodalom-2","category-lemezek","category-zenekar","tag-marai-sandor"],"rttpg_featured_image_url":null,"rttpg_author":{"display_name":"Fenyvesi B\u00e9la","author_link":"https:\/\/szelkialto.hu\/?author=3"},"rttpg_comment":0,"rttpg_category":"<a href=\"https:\/\/szelkialto.hu\/?cat=17\" rel=\"category\">CD<\/a> <a href=\"https:\/\/szelkialto.hu\/?cat=12\" rel=\"category\">irodalom<\/a> <a href=\"https:\/\/szelkialto.hu\/?cat=6\" rel=\"category\">lemezek<\/a> <a href=\"https:\/\/szelkialto.hu\/?cat=7\" rel=\"category\">zenekar<\/a>","rttpg_excerpt":"Folynak a M\u00e1rai lemezre ker\u00fcl\u0151 zen\u00e9k pr\u00f3b\u00e1i. Febru\u00e1r elej\u00e9t\u0151l a st\u00fadi\u00f3munk\u00e1k is elkezd\u0151dnek. A CD a Hangz\u00f3 Helikon sorozatban jelenik meg, rem\u00e9nyeink szerint m\u00e9g az \u00e9v els\u0151 fel\u00e9ben.","_links":{"self":[{"href":"https:\/\/szelkialto.hu\/index.php?rest_route=\/wp\/v2\/posts\/1160","targetHints":{"allow":["GET"]}}],"collection":[{"href":"https:\/\/szelkialto.hu\/index.php?rest_route=\/wp\/v2\/posts"}],"about":[{"href":"https:\/\/szelkialto.hu\/index.php?rest_route=\/wp\/v2\/types\/post"}],"author":[{"embeddable":true,"href":"https:\/\/szelkialto.hu\/index.php?rest_route=\/wp\/v2\/users\/3"}],"replies":[{"embeddable":true,"href":"https:\/\/szelkialto.hu\/index.php?rest_route=%2Fwp%2Fv2%2Fcomments&post=1160"}],"version-history":[{"count":1,"href":"https:\/\/szelkialto.hu\/index.php?rest_route=\/wp\/v2\/posts\/1160\/revisions"}],"predecessor-version":[{"id":2987,"href":"https:\/\/szelkialto.hu\/index.php?rest_route=\/wp\/v2\/posts\/1160\/revisions\/2987"}],"wp:attachment":[{"href":"https:\/\/szelkialto.hu\/index.php?rest_route=%2Fwp%2Fv2%2Fmedia&parent=1160"}],"wp:term":[{"taxonomy":"category","embeddable":true,"href":"https:\/\/szelkialto.hu\/index.php?rest_route=%2Fwp%2Fv2%2Fcategories&post=1160"},{"taxonomy":"post_tag","embeddable":true,"href":"https:\/\/szelkialto.hu\/index.php?rest_route=%2Fwp%2Fv2%2Ftags&post=1160"}],"curies":[{"name":"wp","href":"https:\/\/api.w.org\/{rel}","templated":true}]}}