{"id":1409,"date":"2011-03-08T10:40:53","date_gmt":"2011-03-08T10:40:53","guid":{"rendered":"https:\/\/szelkialto.hu\/?p=1409"},"modified":"2014-11-10T06:04:18","modified_gmt":"2014-11-10T05:04:18","slug":"meghalt-nema-frigyes-a-szelkialto-egyik-alapito-tagja","status":"publish","type":"post","link":"https:\/\/szelkialto.hu\/?p=1409","title":{"rendered":"Meghalt N\u00e9ma Frigyes, a Sz\u00e9lki\u00e1lt\u00f3 egyik alap\u00edt\u00f3ja"},"content":{"rendered":"<p><img decoding=\"async\" src=\"https:\/\/szelkialto.hu\/images\/nema_frigyes02.png\" alt=\"N\u00e9ma Frigyes\" width=\"100\" align=\"left\" \/>Tegnap este tudtuk meg, hogy 2011. febru\u00e1r 11-\u00e9n meghalt N\u00e9ma Frigyes, a Sz\u00e9lki\u00e1lt\u00f3 egyik alap\u00edt\u00f3 tagja. Kalandos \u00e9lete sor\u00e1n volt tan\u00e1r, keresked\u0151 \u00e9s zen\u00e9sz. 56 \u00e9ves lett volna ebben az \u00e9vben.<\/p>\n<p>Az egy\u00fcttesben 1974-t\u0151l 75-ig j\u00e1tszott. Volt zen\u00e9szt\u00e1rsunkr\u00f3l <b><a href=\"https:\/\/szelkialto.hu\/?page_id=1383\">itt<\/a><\/b> olvashat\u00f3 egy kicsit b\u0151vebb \u00e9letrajz.<\/p>\n","protected":false},"excerpt":{"rendered":"<p>Tegnap este tudtuk meg, hogy 2011. febru\u00e1r 11-\u00e9n meghalt N\u00e9ma Frigyes, a Sz\u00e9lki\u00e1lt\u00f3 egyik alap\u00edt\u00f3 tagja. Kalandos \u00e9lete sor\u00e1n volt tan\u00e1r, keresked\u0151 \u00e9s zen\u00e9sz. 56 \u00e9ves lett volna ebben az \u00e9vben. Az egy\u00fcttesben 1974-t\u0151l 75-ig j\u00e1tszott. Volt zen\u00e9szt\u00e1rsunkr\u00f3l itt olvashat\u00f3&#46;&#46;&#46;<\/p>\n","protected":false},"author":3,"featured_media":0,"comment_status":"open","ping_status":"closed","sticky":false,"template":"","format":"standard","meta":{"footnotes":"","_links_to":"","_links_to_target":""},"categories":[7,14],"tags":[50],"class_list":["post-1409","post","type-post","status-publish","format-standard","hentry","category-zenekar","category-zeneszek","tag-nema-frigyes"],"rttpg_featured_image_url":null,"rttpg_author":{"display_name":"Fenyvesi B\u00e9la","author_link":"https:\/\/szelkialto.hu\/?author=3"},"rttpg_comment":11,"rttpg_category":"<a href=\"https:\/\/szelkialto.hu\/?cat=7\" rel=\"category\">zenekar<\/a> <a href=\"https:\/\/szelkialto.hu\/?cat=14\" rel=\"category\">zen\u00e9szek<\/a>","rttpg_excerpt":"Tegnap este tudtuk meg, hogy 2011. febru\u00e1r 11-\u00e9n meghalt N\u00e9ma Frigyes, a Sz\u00e9lki\u00e1lt\u00f3 egyik alap\u00edt\u00f3 tagja. Kalandos \u00e9lete sor\u00e1n volt tan\u00e1r, keresked\u0151 \u00e9s zen\u00e9sz. 56 \u00e9ves lett volna ebben az \u00e9vben. Az egy\u00fcttesben 1974-t\u0151l 75-ig j\u00e1tszott. Volt zen\u00e9szt\u00e1rsunkr\u00f3l itt olvashat\u00f3&#46;&#46;&#46;","_links":{"self":[{"href":"https:\/\/szelkialto.hu\/index.php?rest_route=\/wp\/v2\/posts\/1409","targetHints":{"allow":["GET"]}}],"collection":[{"href":"https:\/\/szelkialto.hu\/index.php?rest_route=\/wp\/v2\/posts"}],"about":[{"href":"https:\/\/szelkialto.hu\/index.php?rest_route=\/wp\/v2\/types\/post"}],"author":[{"embeddable":true,"href":"https:\/\/szelkialto.hu\/index.php?rest_route=\/wp\/v2\/users\/3"}],"replies":[{"embeddable":true,"href":"https:\/\/szelkialto.hu\/index.php?rest_route=%2Fwp%2Fv2%2Fcomments&post=1409"}],"version-history":[{"count":1,"href":"https:\/\/szelkialto.hu\/index.php?rest_route=\/wp\/v2\/posts\/1409\/revisions"}],"predecessor-version":[{"id":2984,"href":"https:\/\/szelkialto.hu\/index.php?rest_route=\/wp\/v2\/posts\/1409\/revisions\/2984"}],"wp:attachment":[{"href":"https:\/\/szelkialto.hu\/index.php?rest_route=%2Fwp%2Fv2%2Fmedia&parent=1409"}],"wp:term":[{"taxonomy":"category","embeddable":true,"href":"https:\/\/szelkialto.hu\/index.php?rest_route=%2Fwp%2Fv2%2Fcategories&post=1409"},{"taxonomy":"post_tag","embeddable":true,"href":"https:\/\/szelkialto.hu\/index.php?rest_route=%2Fwp%2Fv2%2Ftags&post=1409"}],"curies":[{"name":"wp","href":"https:\/\/api.w.org\/{rel}","templated":true}]}}