{"id":1442,"date":"2011-03-10T12:24:59","date_gmt":"2011-03-10T11:24:59","guid":{"rendered":"https:\/\/szelkialto.hu\/?p=1442"},"modified":"2014-06-13T05:16:20","modified_gmt":"2014-06-13T03:16:20","slug":"internetvers-fesztival","status":"publish","type":"post","link":"https:\/\/szelkialto.hu\/?p=1442","title":{"rendered":"Internetvers Fesztiv\u00e1l"},"content":{"rendered":"<p><a href=\"http:\/\/www.versdal.eoldal.hu\" target=\"_blank\"><img loading=\"lazy\" decoding=\"async\" alt=\"Internetvers Fesztiv\u00e1l logo\" src=\"http:\/\/www.versdal.eoldal.hu\/img\/portrait.1.1301490960.jpg\" title=\"Internetvers Fesztiv\u00e1l logo\" class=\"alignright\" width=\"125\" height=\"125\" \/><\/a>Id\u00e9n m\u00e1r negyedszer rendezik meg <b>Pakson<\/b> az <a href=\"http:\/\/www.versdal.eoldal.hu\"  target=\"_blank\"><b>Internetvers Fesztiv\u00e1lt<\/b><\/a>!<\/p>\n<p>A fesztiv\u00e1l l\u00e9nyege r\u00f6viden \u00f6sszefoglalva, hogy k\u00f6lt\u0151ket, dalsz\u00f6veg\u00edr\u00f3kat k\u00e9rtek fel \u00e9nekelhet\u0151 versek k\u00f6zz\u00e9t\u00e9tel\u00e9re a fesztiv\u00e1l honlapj\u00e1n, amelyek k\u00f6z\u00fcl a v\u00e1llalkoz\u00f3 kedv\u0171 \u00e9nekesek, sz\u00f3list\u00e1k \u00e9s zenekarok b\u00e1rmelyiket megzen\u00e9s\u00edthett\u00e9k.<\/p>\n<p>Ezekkel a dalokkal lehetett benevezni a versenybe 2011. febru\u00e1r 15-ig, v\u00e1llalva azok nyilv\u00e1nos el\u0151ad\u00e1s\u00e1t is a k\u00f6lt\u0151k \u00e9s a k\u00f6z\u00f6ns\u00e9g jelenl\u00e9t\u00e9ben.<\/p>\n<p>A Fesztiv\u00e1l id\u0151pontja:  <b>2011. m\u00e1jus 6-8.<\/b><br \/>\nHelye: <b>V\u00e1rosi M\u0171vel\u0151d\u00e9si K\u00f6zpont <\/b> (7030 Paks, Gagarin u. 2.)<\/p>\n<p>Ha nem j\u00f6n k\u00f6zbe semmi probl\u00e9ma, akkor a g\u00e1lakoncerten a Sz\u00e9lki\u00e1lt\u00f3 is fell\u00e9p! A r\u00e9szletek\u00e9rt figyelje a koncertnapt\u00e1rat!<\/p>\n","protected":false},"excerpt":{"rendered":"<p>Id\u00e9n m\u00e1r negyedszer rendezik meg Pakson az Internetvers Fesztiv\u00e1lt! A fesztiv\u00e1l l\u00e9nyege r\u00f6viden \u00f6sszefoglalva, hogy k\u00f6lt\u0151ket, dalsz\u00f6veg\u00edr\u00f3kat k\u00e9rtek fel \u00e9nekelhet\u0151 versek k\u00f6zz\u00e9t\u00e9tel\u00e9re a fesztiv\u00e1l honlapj\u00e1n, amelyek k\u00f6z\u00fcl a v\u00e1llalkoz\u00f3 kedv\u0171 \u00e9nekesek, sz\u00f3list\u00e1k \u00e9s zenekarok b\u00e1rmelyiket megzen\u00e9s\u00edthett\u00e9k. Ezekkel a dalokkal lehetett&#46;&#46;&#46;<\/p>\n","protected":false},"author":3,"featured_media":0,"comment_status":"open","ping_status":"closed","sticky":false,"template":"","format":"standard","meta":{"footnotes":"","_links_to":"","_links_to_target":""},"categories":[12,4,51],"tags":[142,143,52],"class_list":["post-1442","post","type-post","status-publish","format-standard","hentry","category-irodalom-2","category-koncertek","category-zene-2","tag-enekelt-vers","tag-fesztival","tag-paks"],"rttpg_featured_image_url":null,"rttpg_author":{"display_name":"Fenyvesi B\u00e9la","author_link":"https:\/\/szelkialto.hu\/?author=3"},"rttpg_comment":0,"rttpg_category":"<a href=\"https:\/\/szelkialto.hu\/?cat=12\" rel=\"category\">irodalom<\/a> <a href=\"https:\/\/szelkialto.hu\/?cat=4\" rel=\"category\">koncertek<\/a> <a href=\"https:\/\/szelkialto.hu\/?cat=51\" rel=\"category\">zene<\/a>","rttpg_excerpt":"Id\u00e9n m\u00e1r negyedszer rendezik meg Pakson az Internetvers Fesztiv\u00e1lt! A fesztiv\u00e1l l\u00e9nyege r\u00f6viden \u00f6sszefoglalva, hogy k\u00f6lt\u0151ket, dalsz\u00f6veg\u00edr\u00f3kat k\u00e9rtek fel \u00e9nekelhet\u0151 versek k\u00f6zz\u00e9t\u00e9tel\u00e9re a fesztiv\u00e1l honlapj\u00e1n, amelyek k\u00f6z\u00fcl a v\u00e1llalkoz\u00f3 kedv\u0171 \u00e9nekesek, sz\u00f3list\u00e1k \u00e9s zenekarok b\u00e1rmelyiket megzen\u00e9s\u00edthett\u00e9k. Ezekkel a dalokkal lehetett&#46;&#46;&#46;","_links":{"self":[{"href":"https:\/\/szelkialto.hu\/index.php?rest_route=\/wp\/v2\/posts\/1442","targetHints":{"allow":["GET"]}}],"collection":[{"href":"https:\/\/szelkialto.hu\/index.php?rest_route=\/wp\/v2\/posts"}],"about":[{"href":"https:\/\/szelkialto.hu\/index.php?rest_route=\/wp\/v2\/types\/post"}],"author":[{"embeddable":true,"href":"https:\/\/szelkialto.hu\/index.php?rest_route=\/wp\/v2\/users\/3"}],"replies":[{"embeddable":true,"href":"https:\/\/szelkialto.hu\/index.php?rest_route=%2Fwp%2Fv2%2Fcomments&post=1442"}],"version-history":[{"count":1,"href":"https:\/\/szelkialto.hu\/index.php?rest_route=\/wp\/v2\/posts\/1442\/revisions"}],"predecessor-version":[{"id":2895,"href":"https:\/\/szelkialto.hu\/index.php?rest_route=\/wp\/v2\/posts\/1442\/revisions\/2895"}],"wp:attachment":[{"href":"https:\/\/szelkialto.hu\/index.php?rest_route=%2Fwp%2Fv2%2Fmedia&parent=1442"}],"wp:term":[{"taxonomy":"category","embeddable":true,"href":"https:\/\/szelkialto.hu\/index.php?rest_route=%2Fwp%2Fv2%2Fcategories&post=1442"},{"taxonomy":"post_tag","embeddable":true,"href":"https:\/\/szelkialto.hu\/index.php?rest_route=%2Fwp%2Fv2%2Ftags&post=1442"}],"curies":[{"name":"wp","href":"https:\/\/api.w.org\/{rel}","templated":true}]}}