{"id":1452,"date":"2011-03-10T21:13:38","date_gmt":"2011-03-10T20:13:38","guid":{"rendered":"https:\/\/szelkialto.hu\/?p=1452"},"modified":"2024-04-23T10:18:41","modified_gmt":"2024-04-23T08:18:41","slug":"szelkialto-marai","status":"publish","type":"post","link":"https:\/\/szelkialto.hu\/?p=1452","title":{"rendered":"Sz\u00e9lki\u00e1lt\u00f3 &#8211; M\u00e1rai"},"content":{"rendered":"<p><img decoding=\"async\" class=\"alignleft\" src=\"https:\/\/szelkialto.hu\/images\/marai_cd_borito.png\" alt=\"M\u00e1rai Sz\u00e9lki\u00e1lt\u00f3 CD bor\u00edt\u00f3\" width=\"250\" \/><br \/>\n<b>R\u00e9szletek a <a title=\"Helikon\" href=\"http:\/\/www.helikon.hu\/termek\/elokeszuletben\/Marai-Sandor\/1640\" target=\"_blank\" rel=\"noopener\">Helikon<\/a> honlapj\u00e1r\u00f3l:<\/b><\/p>\n<p><b>El\u0151k\u00e9sz\u00fcletben:<\/b><\/p>\n<p><b>M\u00e1rai S\u00e1ndor<\/b><br \/>\n<b>Sz\u00e9lki\u00e1lt\u00f3<\/b><\/p>\n<p>Az irodalomt\u00f6rt\u00e9net \u00fagy tartja, hogy M\u00e1rai S\u00e1ndor (1900\u20131989) l\u00edr\u00e1ja k\u00fcl\u00f6n\u00f6s m\u00f3don a pr\u00f3z\u00e1ban teljesedett ki, \u00edgy lassan feled\u00e9sbe mer\u00fcltek azok a versek, amelyekr\u0151l egykor Szab\u00f3 L\u0151rinc \u00e9s Sz\u00e9p Ern\u0151 is elismer\u0151en nyilatkozott.<\/p>\n<p>Csup\u00e1n az emigr\u00e1ci\u00f3ban sz\u00fcletett k\u00e9t nagy k\u00f6ltem\u00e9ny \u2013 Halotti besz\u00e9d, Mennyb\u0151l az angyal \u2013 r\u00f6gz\u00fclt az olvas\u00f3k tudat\u00e1ban, a k\u00f6lt\u0151 M\u00e1rait legt\u00f6bben ezekkel azonos\u00edtj\u00e1k. Most a Sz\u00e9lki\u00e1lt\u00f3 egy\u00fcttes felfedezte az \u00e9rz\u00e9keny l\u00edrai dalokat, amelyet a p\u00e1ly\u00e1ja cs\u00facs\u00e1ra \u00e9r\u0151 M\u00e1rai S\u00e1ndor is felvett az \u00e9letm\u0171vet f\u00e9mjelz\u0151 k\u00f6tet\u00e9be, a Delfin visszan\u00e9zett c\u00edm\u0171 v\u00e1logat\u00e1sba. 2000-ben a Helikon Kiad\u00f3n\u00e1l megjelent az \u00d6sszegy\u0171jt\u00f6tt versek, majd 2010-ben a Halotti besz\u00e9d, amely mai tud\u00e1sunk szerint a kiv\u00e1l\u00f3 \u00edr\u00f3 valamennyi k\u00f6ltem\u00e9ny\u00e9t tartalmazza. Soksz\u00edn\u0171 l\u00edra ez, amely mag\u00e1ba olvasztja a Nyugat els\u0151 nemzed\u00e9k\u00e9nek v\u00edvm\u00e1nyait \u00e9pp\u00fagy, mint az avantg\u00e1rd eredm\u00e9nyeit.<\/p>\n<p>A mostani v\u00e1logat\u00e1s arra figyelmeztet, \u00e9rdemes \u00fajra \u00e9s \u00fajra fellapozni a m\u00e9ltatlanul elfelejtett k\u00f6lt\u0151 verseit. A joggal n\u00e9pszer\u0171 reg\u00e9nyek legfontosabb gondolatait, \u00e9rz\u00e9svil\u00e1g\u00e1t, filoz\u00f3fi\u00e1j\u00e1t k\u00f6zvet\u00edtik p\u00e1r sorba s\u0171r\u00edtve.<\/p>\n<p>Form\u00e1tum: K\u00f6nyv + CD<br \/>\n<b>Megjelen\u00e9s: 2011. m\u00e1rcius 28.<\/b><br \/>\nM\u00e9rete: 170 * 150 mm<br \/>\nTerjedelme: 32 oldal<br \/>\nISBN sz\u00e1m: 978 963 227 269 6<br \/>\nSt\u00e1tusz: El\u0151jegyezhet\u0151<\/p>\n<p>\u00c1r: 4 990 Ft<\/p>\n","protected":false},"excerpt":{"rendered":"<p>R\u00e9szletek a Helikon honlapj\u00e1r\u00f3l: El\u0151k\u00e9sz\u00fcletben: M\u00e1rai S\u00e1ndor Sz\u00e9lki\u00e1lt\u00f3 Az irodalomt\u00f6rt\u00e9net \u00fagy tartja, hogy M\u00e1rai S\u00e1ndor (1900\u20131989) l\u00edr\u00e1ja k\u00fcl\u00f6n\u00f6s m\u00f3don a pr\u00f3z\u00e1ban teljesedett ki, \u00edgy lassan feled\u00e9sbe mer\u00fcltek azok a versek, amelyekr\u0151l egykor Szab\u00f3 L\u0151rinc \u00e9s Sz\u00e9p Ern\u0151 is elismer\u0151en nyilatkozott.&#46;&#46;&#46;<\/p>\n","protected":false},"author":3,"featured_media":5438,"comment_status":"open","ping_status":"closed","sticky":false,"template":"","format":"standard","meta":{"footnotes":"","_links_to":"","_links_to_target":""},"categories":[17,53,12,51],"tags":[141,49,30],"class_list":["post-1452","post","type-post","status-publish","format-standard","has-post-thumbnail","hentry","category-cd","category-enekelt-vers","category-irodalom-2","category-zene-2","tag-cd","tag-hangzo-helikon","tag-marai-sandor"],"rttpg_featured_image_url":{"full":["https:\/\/szelkialto.hu\/wp-content\/uploads\/marai.jpg",633,301,false],"landscape":["https:\/\/szelkialto.hu\/wp-content\/uploads\/marai.jpg",633,301,false],"portraits":["https:\/\/szelkialto.hu\/wp-content\/uploads\/marai.jpg",633,301,false],"thumbnail":["https:\/\/szelkialto.hu\/wp-content\/uploads\/marai-150x150.jpg",150,150,true],"medium":["https:\/\/szelkialto.hu\/wp-content\/uploads\/marai-300x143.jpg",300,143,true],"large":["https:\/\/szelkialto.hu\/wp-content\/uploads\/marai.jpg",633,301,false],"1536x1536":["https:\/\/szelkialto.hu\/wp-content\/uploads\/marai.jpg",633,301,false],"2048x2048":["https:\/\/szelkialto.hu\/wp-content\/uploads\/marai.jpg",633,301,false],"thumb-small":["https:\/\/szelkialto.hu\/wp-content\/uploads\/marai-80x80.jpg",80,80,true],"thumb-standard":["https:\/\/szelkialto.hu\/wp-content\/uploads\/marai-320x301.jpg",320,301,true],"thumb-medium":["https:\/\/szelkialto.hu\/wp-content\/uploads\/marai-520x245.jpg",520,245,true],"thumb-large":["https:\/\/szelkialto.hu\/wp-content\/uploads\/marai.jpg",633,301,false],"thumb-xlarge":["https:\/\/szelkialto.hu\/wp-content\/uploads\/marai.jpg",633,301,false],"thumb-xxlarge":["https:\/\/szelkialto.hu\/wp-content\/uploads\/marai.jpg",633,301,false]},"rttpg_author":{"display_name":"Fenyvesi B\u00e9la","author_link":"https:\/\/szelkialto.hu\/?author=3"},"rttpg_comment":1,"rttpg_category":"<a href=\"https:\/\/szelkialto.hu\/?cat=17\" rel=\"category\">CD<\/a> <a href=\"https:\/\/szelkialto.hu\/?cat=53\" rel=\"category\">\u00e9nekelt vers<\/a> <a href=\"https:\/\/szelkialto.hu\/?cat=12\" rel=\"category\">irodalom<\/a> <a href=\"https:\/\/szelkialto.hu\/?cat=51\" rel=\"category\">zene<\/a>","rttpg_excerpt":"R\u00e9szletek a Helikon honlapj\u00e1r\u00f3l: El\u0151k\u00e9sz\u00fcletben: M\u00e1rai S\u00e1ndor Sz\u00e9lki\u00e1lt\u00f3 Az irodalomt\u00f6rt\u00e9net \u00fagy tartja, hogy M\u00e1rai S\u00e1ndor (1900\u20131989) l\u00edr\u00e1ja k\u00fcl\u00f6n\u00f6s m\u00f3don a pr\u00f3z\u00e1ban teljesedett ki, \u00edgy lassan feled\u00e9sbe mer\u00fcltek azok a versek, amelyekr\u0151l egykor Szab\u00f3 L\u0151rinc \u00e9s Sz\u00e9p Ern\u0151 is elismer\u0151en nyilatkozott.&#46;&#46;&#46;","_links":{"self":[{"href":"https:\/\/szelkialto.hu\/index.php?rest_route=\/wp\/v2\/posts\/1452","targetHints":{"allow":["GET"]}}],"collection":[{"href":"https:\/\/szelkialto.hu\/index.php?rest_route=\/wp\/v2\/posts"}],"about":[{"href":"https:\/\/szelkialto.hu\/index.php?rest_route=\/wp\/v2\/types\/post"}],"author":[{"embeddable":true,"href":"https:\/\/szelkialto.hu\/index.php?rest_route=\/wp\/v2\/users\/3"}],"replies":[{"embeddable":true,"href":"https:\/\/szelkialto.hu\/index.php?rest_route=%2Fwp%2Fv2%2Fcomments&post=1452"}],"version-history":[{"count":2,"href":"https:\/\/szelkialto.hu\/index.php?rest_route=\/wp\/v2\/posts\/1452\/revisions"}],"predecessor-version":[{"id":5439,"href":"https:\/\/szelkialto.hu\/index.php?rest_route=\/wp\/v2\/posts\/1452\/revisions\/5439"}],"wp:featuredmedia":[{"embeddable":true,"href":"https:\/\/szelkialto.hu\/index.php?rest_route=\/wp\/v2\/media\/5438"}],"wp:attachment":[{"href":"https:\/\/szelkialto.hu\/index.php?rest_route=%2Fwp%2Fv2%2Fmedia&parent=1452"}],"wp:term":[{"taxonomy":"category","embeddable":true,"href":"https:\/\/szelkialto.hu\/index.php?rest_route=%2Fwp%2Fv2%2Fcategories&post=1452"},{"taxonomy":"post_tag","embeddable":true,"href":"https:\/\/szelkialto.hu\/index.php?rest_route=%2Fwp%2Fv2%2Ftags&post=1452"}],"curies":[{"name":"wp","href":"https:\/\/api.w.org\/{rel}","templated":true}]}}