{"id":1557,"date":"2011-04-03T18:17:23","date_gmt":"2011-04-03T16:17:23","guid":{"rendered":"https:\/\/szelkialto.hu\/?p=1557"},"modified":"2014-06-04T08:39:43","modified_gmt":"2014-06-04T06:39:43","slug":"a-kolteszet-napja","status":"publish","type":"post","link":"https:\/\/szelkialto.hu\/?p=1557","title":{"rendered":"A K\u00f6lt\u00e9szet Napja&#8230;"},"content":{"rendered":"<p><img decoding=\"async\" src=\"http:\/\/www.magyarulbabelben.net\/upload\/image\/127_jozsef_attila_nagy.jpg\" alt=\"J\u00f3zsef Attila\" align=\"right\" width=\"200\" \/><b>DUNA TELEV\u00cdZI\u00d3<br \/>\n\u00c1PRILIS 11-\u00c9N 00:50 \u00c9S 12:01 VERS<\/b><br \/>\nJ\u00f3zsef Attila &#8211; Fenyvesi B\u00e9la: \u00c1ldalak b\u00faval, vigalommal<br \/>\nEl\u0151adja a <b>Sz\u00e9lki\u00e1lt\u00f3 egy\u00fcttes<\/b><\/p>\n<\/p>\n<p><b>J\u00c1SZBER\u00c9NY V\u00c1ROSI K\u00d6NYVT\u00c1R<br \/>\n\u00c1PRILIS 11-\u00c9N 18:00 K\u00d6LT\u0150 SZERELME<\/b><br \/>\n<b>SZ\u00c9LKI\u00c1LT\u00d3 KONCERT<\/b><\/p>\n<\/p>\n<p><b>P\u00c9CSI KULTUR\u00c1LIS K\u00d6ZPONT IFJ\u00daS\u00c1GI H\u00c1Z<br \/>\n\u00c1PRILIS 11-\u00c9N 18:00 &#8220;\u2026GONDOM S F\u00c1JDALMAM KICIFR\u00c1ZVA\u2026&#8221;<br \/>\nKORT\u00c1RS IRODALMI FESZTIV\u00c1L<\/b><\/p>\n<p>K\u00f6zrem\u0171k\u00f6dnek: <b>K. Kabai L\u00f3r\u00e1nt<\/b> k\u00f6lt\u0151, \u00edr\u00f3, szerkeszt\u0151, <b>Schein G\u00e1bor<\/b> k\u00f6lt\u0151, kritikus, irodalomt\u00f6rt\u00e9n\u00e9sz m\u0171ford\u00edt\u00f3, <b>Szk\u00e1rosi Endre<\/b> k\u00f6lt\u0151, m\u0171ford\u00edt\u00f3, kritikus, irodalomt\u00f6rt\u00e9n\u00e9sz<\/p>\n<p>M\u0171sorvezet\u0151: <b>Balogh Robert<\/b> \u00edr\u00f3, k\u00f6lt\u0151<br \/>\nRendez\u0151: <strong><a href=\"http:\/\/www.pecsikult.hu\" target=\"_blank\">P\u00e9csi Kultur\u00e1lis K\u00f6zpont<\/a><\/strong><\/p>\n<\/p>\n<p><b>P\u00c9CSI KULTUR\u00c1LIS K\u00d6ZPONT DOMINIK\u00c1NUS H\u00c1Z<br \/>\n\u00c1PRILIS 11-\u00c9N 18:00 LYUKAS\u00d3RA<\/b><\/p>\n<p>A n\u00e9pszer\u0171 t\u00e9v\u00e9sorozat mint\u00e1j\u00e1ra, az est k\u00f6zrem\u0171k\u00f6d\u0151i a magyar l\u00edra olyan gy\u00f6ngyszemeib\u0151l v\u00e1lasztanak id\u00e9zeteket, ahol annak megfejt\u00e9se, hogy melyik m\u0171b\u0151l \u00e9s kit\u0151l sz\u00e1rmazik a r\u00e9szlet, sz\u00f3rakoztat\u00f3 \u00e9s tanuls\u00e1gos feladv\u00e1ny lesz a k\u00f6z\u00f6ns\u00e9gnek.<br \/>\nK\u00f6zben k\u00f6tetlen besz\u00e9lget\u00e9s zajlik a m\u0171vekr\u0151l \u00e9s szerz\u0151ikr\u0151l.<\/p>\n<p>Megh\u00edvottak: <b>N\u00e9meth J\u00e1nos<\/b> sz\u00ednm\u0171v\u00e9sz, <b>T\u00f3th K\u00e1roly<\/b> tan\u00e1r, <b>Roh\u00e1csi D\u00e1vid<\/b> filoz\u00f3fus, <b>Mihalik Zsolt<\/b> tan\u00e1r, k\u00f6lt\u0151, <b>Sz\u00e1sz-Kolumb\u00e1n Olga<\/b> tan\u00e1r<\/p>\n<p>A bel\u00e9p\u00e9s d\u00edjtalan<br \/>\nRendez\u0151: <strong><a href=\"http:\/\/www.pecsikult.hu\" target=\"_blank\">P\u00e9csi Kultur\u00e1lis K\u00f6zpont<\/a><\/strong><\/p>\n<\/p>\n<p><b>P\u00c9CSI KULTUR\u00c1LIS K\u00d6ZPONT IFJ\u00daS\u00c1GI H\u00c1Z<br \/>\n\u00c1PRILIS 11-\u00c9N 20:00 HOBO K\u00d6LT\u00c9SZET NAPI EL\u0150AD\u00d3I ESTJE<\/b><\/p>\n<p>A k\u00f6lt\u00e9szet napj\u00e1n, azaz egyik legnagyobb k\u00f6lt\u0151nk, J\u00f3zsef Attila sz\u00fclet\u00e9snapj\u00e1n tartja P\u00e9csett az Ifj\u00fas\u00e1gi H\u00e1zban F\u00f6ldes L\u00e1szl\u00f3 \u201eHobo\u201d \u201eTudod, hogy nincs bocs\u00e1nat!\u201d c. el\u0151ad\u00f3i estj\u00e9t.<\/p>\n<p>Bel\u00e9p\u0151: 1.990 Ft<br \/>\nJegyel\u0151v\u00e9tel: P\u00e9csi Kultur\u00e1lis K\u00f6zpont Ifj\u00fas\u00e1gi H\u00e1z, Partyzoo jegyiroda, P\u00e9cs<\/p>\n<p>Rendez\u0151: <strong><a href=\"http:\/\/www.pecsikult.hu\" target=\"_blank\">P\u00e9csi Kultur\u00e1lis K\u00f6zpont<\/a><\/strong><\/p>\n","protected":false},"excerpt":{"rendered":"<p>DUNA TELEV\u00cdZI\u00d3 \u00c1PRILIS 11-\u00c9N 00:50 \u00c9S 12:01 VERS J\u00f3zsef Attila &#8211; Fenyvesi B\u00e9la: \u00c1ldalak b\u00faval, vigalommal El\u0151adja a Sz\u00e9lki\u00e1lt\u00f3 egy\u00fcttes J\u00c1SZBER\u00c9NY V\u00c1ROSI K\u00d6NYVT\u00c1R \u00c1PRILIS 11-\u00c9N 18:00 K\u00d6LT\u0150 SZERELME SZ\u00c9LKI\u00c1LT\u00d3 KONCERT P\u00c9CSI KULTUR\u00c1LIS K\u00d6ZPONT IFJ\u00daS\u00c1GI H\u00c1Z \u00c1PRILIS 11-\u00c9N 18:00 &#8220;\u2026GONDOM S&#46;&#46;&#46;<\/p>\n","protected":false},"author":3,"featured_media":0,"comment_status":"open","ping_status":"closed","sticky":false,"template":"","format":"standard","meta":{"footnotes":"","_links_to":"","_links_to_target":""},"categories":[53,12,11,4,13],"tags":[55,56,140],"class_list":["post-1557","post","type-post","status-publish","format-standard","hentry","category-enekelt-vers","category-irodalom-2","category-koltok","category-koncertek","category-tv","tag-jozsef-attila","tag-kolteszet-napja","tag-pecs"],"rttpg_featured_image_url":null,"rttpg_author":{"display_name":"Fenyvesi B\u00e9la","author_link":"https:\/\/szelkialto.hu\/?author=3"},"rttpg_comment":0,"rttpg_category":"<a href=\"https:\/\/szelkialto.hu\/?cat=53\" rel=\"category\">\u00e9nekelt vers<\/a> <a href=\"https:\/\/szelkialto.hu\/?cat=12\" rel=\"category\">irodalom<\/a> <a href=\"https:\/\/szelkialto.hu\/?cat=11\" rel=\"category\">k\u00f6lt\u0151k<\/a> <a href=\"https:\/\/szelkialto.hu\/?cat=4\" rel=\"category\">koncertek<\/a> <a href=\"https:\/\/szelkialto.hu\/?cat=13\" rel=\"category\">telev\u00edzi\u00f3<\/a>","rttpg_excerpt":"DUNA TELEV\u00cdZI\u00d3 \u00c1PRILIS 11-\u00c9N 00:50 \u00c9S 12:01 VERS J\u00f3zsef Attila &#8211; Fenyvesi B\u00e9la: \u00c1ldalak b\u00faval, vigalommal El\u0151adja a Sz\u00e9lki\u00e1lt\u00f3 egy\u00fcttes J\u00c1SZBER\u00c9NY V\u00c1ROSI K\u00d6NYVT\u00c1R \u00c1PRILIS 11-\u00c9N 18:00 K\u00d6LT\u0150 SZERELME SZ\u00c9LKI\u00c1LT\u00d3 KONCERT P\u00c9CSI KULTUR\u00c1LIS K\u00d6ZPONT IFJ\u00daS\u00c1GI H\u00c1Z \u00c1PRILIS 11-\u00c9N 18:00 &#8220;\u2026GONDOM S&#46;&#46;&#46;","_links":{"self":[{"href":"https:\/\/szelkialto.hu\/index.php?rest_route=\/wp\/v2\/posts\/1557","targetHints":{"allow":["GET"]}}],"collection":[{"href":"https:\/\/szelkialto.hu\/index.php?rest_route=\/wp\/v2\/posts"}],"about":[{"href":"https:\/\/szelkialto.hu\/index.php?rest_route=\/wp\/v2\/types\/post"}],"author":[{"embeddable":true,"href":"https:\/\/szelkialto.hu\/index.php?rest_route=\/wp\/v2\/users\/3"}],"replies":[{"embeddable":true,"href":"https:\/\/szelkialto.hu\/index.php?rest_route=%2Fwp%2Fv2%2Fcomments&post=1557"}],"version-history":[{"count":1,"href":"https:\/\/szelkialto.hu\/index.php?rest_route=\/wp\/v2\/posts\/1557\/revisions"}],"predecessor-version":[{"id":2843,"href":"https:\/\/szelkialto.hu\/index.php?rest_route=\/wp\/v2\/posts\/1557\/revisions\/2843"}],"wp:attachment":[{"href":"https:\/\/szelkialto.hu\/index.php?rest_route=%2Fwp%2Fv2%2Fmedia&parent=1557"}],"wp:term":[{"taxonomy":"category","embeddable":true,"href":"https:\/\/szelkialto.hu\/index.php?rest_route=%2Fwp%2Fv2%2Fcategories&post=1557"},{"taxonomy":"post_tag","embeddable":true,"href":"https:\/\/szelkialto.hu\/index.php?rest_route=%2Fwp%2Fv2%2Ftags&post=1557"}],"curies":[{"name":"wp","href":"https:\/\/api.w.org\/{rel}","templated":true}]}}