{"id":1679,"date":"2011-05-08T05:46:38","date_gmt":"2011-05-08T03:46:38","guid":{"rendered":"https:\/\/szelkialto.hu\/?p=1679"},"modified":"2014-06-13T05:16:43","modified_gmt":"2014-06-13T03:16:43","slug":"internetvers-fesztival-2","status":"publish","type":"post","link":"https:\/\/szelkialto.hu\/?p=1679","title":{"rendered":"Internetvers Fesztiv\u00e1l"},"content":{"rendered":"<p><a href=\"http:\/\/www.versdal.eoldal.hu\" target=\"_blank\"><img loading=\"lazy\" decoding=\"async\" style=\"float: right;\" title=\"Internetvers Fesztiv\u00e1l logo\" src=\"http:\/\/www.versdal.eoldal.hu\/img\/portrait.1.1301490960.jpg\" alt=\"Internetvers Fesztiv\u00e1l logo\" width=\"125\" height=\"125\" \/><\/a><strong>2011. m\u00e1jus 6-8.<\/strong><br \/>\n<strong>Paks<\/strong><br \/>\n<strong>V\u00e1rosi M\u0171vel\u0151d\u00e9si K\u00f6zpont<br \/>\n<\/strong> (7030 Paks, Gagarin u. 2.)<\/p>\n<p>Program 2011. m\u00e1jus 8-\u00e1n, vas\u00e1rnap<\/p>\n<p><strong>10.00-13.00 Fesztiv\u00e1lprogram<\/strong><br \/>\nA nevezett zenekarok 15 perces bemutatkoz\u00f3 koncertjei<\/p>\n<ul>\n<li>KOZI.AM (Gy\u00e1l)<\/li>\n<li>Decsi-Kiss Andr\u00e1s (Decs)<\/li>\n<li>Vannai L\u00e1szl\u00f3 (Ny\u00edregyh\u00e1za)<\/li>\n<li>Roth Istv\u00e1n (Budapest)<\/li>\n<li>Utaz\u00f3 (Paks)<\/li>\n<li>Menyh\u00e9rt Judit (Budapest)<\/li>\n<li>F\u00fcri Rajmund (Budapest)<\/li>\n<li>Orb\u00e1n Ferenc (Sepsiszentgy\u00f6rgy)<\/li>\n<li>F\u00f6ldi-Hauser du\u00f3 (Gy\u00e1l)<\/li>\n<\/ul>\n<p><strong><br \/>\n14.00-17.00 Fesztiv\u00e1lprogram<\/strong><br \/>\nA nevezett zenekarok 15 perces bemutatkoz\u00f3 koncertjei<\/p>\n<ul>\n<li>Csalogat\u00f3 (Balassagyarmat)<\/li>\n<li>P\u00e9csi Marcell (Budapest)<\/li>\n<li>Szigeti Sug\u00e1r \u00c9va (Budapest)<\/li>\n<li>B\u00e9kas\u00f3 (Tiszak\u00e9cske)<\/li>\n<li>Bodroghalmi L\u00e1szl\u00f3 (Paks)<\/li>\n<li>Str\u00f3fa tri\u00f3 (Budapest)<\/li>\n<li>Miketten (S\u00e1toralja\u00fajhely)<\/li>\n<li>Hangraforg\u00f3 (Gy\u0151r)<\/li>\n<\/ul>\n<p><strong><br \/>\n18.00-19.00 \u00dcnnepi m\u0171sor: Buda Ferenc k\u00f6sz\u00f6nt\u00e9se<\/strong><br \/>\nBuda Ferenccel besz\u00e9lget Tell Edit alpolg\u00e1rmester<\/p>\n<p><strong>20.00- 21.00 A Sz\u00e9lki\u00e1lt\u00f3 egy\u00fcttes m\u0171sora<\/strong><\/p>\n<p><strong>21.00- 22.00 G\u00e1la, a Fesztiv\u00e1l z\u00e1r\u00e1sa<\/strong><br \/>\nK\u00f6z\u00f6ns\u00e9gszavaz\u00e1s eredm\u00e9nyhirdet\u00e9se<br \/>\nK\u00f6sz\u00f6netnyilv\u00e1n\u00edt\u00e1s, \u00f6sszegz\u00e9s<\/p>\n","protected":false},"excerpt":{"rendered":"<p>2011. m\u00e1jus 6-8. Paks V\u00e1rosi M\u0171vel\u0151d\u00e9si K\u00f6zpont (7030 Paks, Gagarin u. 2.) Program 2011. m\u00e1jus 8-\u00e1n, vas\u00e1rnap 10.00-13.00 Fesztiv\u00e1lprogram A nevezett zenekarok 15 perces bemutatkoz\u00f3 koncertjei KOZI.AM (Gy\u00e1l) Decsi-Kiss Andr\u00e1s (Decs) Vannai L\u00e1szl\u00f3 (Ny\u00edregyh\u00e1za) Roth Istv\u00e1n (Budapest) Utaz\u00f3 (Paks) Menyh\u00e9rt&#46;&#46;&#46;<\/p>\n","protected":false},"author":3,"featured_media":0,"comment_status":"open","ping_status":"closed","sticky":false,"template":"","format":"standard","meta":{"footnotes":"","_links_to":"","_links_to_target":""},"categories":[53,12,11,4],"tags":[142,143,52],"class_list":["post-1679","post","type-post","status-publish","format-standard","hentry","category-enekelt-vers","category-irodalom-2","category-koltok","category-koncertek","tag-enekelt-vers","tag-fesztival","tag-paks"],"rttpg_featured_image_url":null,"rttpg_author":{"display_name":"Fenyvesi B\u00e9la","author_link":"https:\/\/szelkialto.hu\/?author=3"},"rttpg_comment":0,"rttpg_category":"<a href=\"https:\/\/szelkialto.hu\/?cat=53\" rel=\"category\">\u00e9nekelt vers<\/a> <a href=\"https:\/\/szelkialto.hu\/?cat=12\" rel=\"category\">irodalom<\/a> <a href=\"https:\/\/szelkialto.hu\/?cat=11\" rel=\"category\">k\u00f6lt\u0151k<\/a> <a href=\"https:\/\/szelkialto.hu\/?cat=4\" rel=\"category\">koncertek<\/a>","rttpg_excerpt":"2011. m\u00e1jus 6-8. Paks V\u00e1rosi M\u0171vel\u0151d\u00e9si K\u00f6zpont (7030 Paks, Gagarin u. 2.) Program 2011. m\u00e1jus 8-\u00e1n, vas\u00e1rnap 10.00-13.00 Fesztiv\u00e1lprogram A nevezett zenekarok 15 perces bemutatkoz\u00f3 koncertjei KOZI.AM (Gy\u00e1l) Decsi-Kiss Andr\u00e1s (Decs) Vannai L\u00e1szl\u00f3 (Ny\u00edregyh\u00e1za) Roth Istv\u00e1n (Budapest) Utaz\u00f3 (Paks) Menyh\u00e9rt&#46;&#46;&#46;","_links":{"self":[{"href":"https:\/\/szelkialto.hu\/index.php?rest_route=\/wp\/v2\/posts\/1679","targetHints":{"allow":["GET"]}}],"collection":[{"href":"https:\/\/szelkialto.hu\/index.php?rest_route=\/wp\/v2\/posts"}],"about":[{"href":"https:\/\/szelkialto.hu\/index.php?rest_route=\/wp\/v2\/types\/post"}],"author":[{"embeddable":true,"href":"https:\/\/szelkialto.hu\/index.php?rest_route=\/wp\/v2\/users\/3"}],"replies":[{"embeddable":true,"href":"https:\/\/szelkialto.hu\/index.php?rest_route=%2Fwp%2Fv2%2Fcomments&post=1679"}],"version-history":[{"count":1,"href":"https:\/\/szelkialto.hu\/index.php?rest_route=\/wp\/v2\/posts\/1679\/revisions"}],"predecessor-version":[{"id":2896,"href":"https:\/\/szelkialto.hu\/index.php?rest_route=\/wp\/v2\/posts\/1679\/revisions\/2896"}],"wp:attachment":[{"href":"https:\/\/szelkialto.hu\/index.php?rest_route=%2Fwp%2Fv2%2Fmedia&parent=1679"}],"wp:term":[{"taxonomy":"category","embeddable":true,"href":"https:\/\/szelkialto.hu\/index.php?rest_route=%2Fwp%2Fv2%2Fcategories&post=1679"},{"taxonomy":"post_tag","embeddable":true,"href":"https:\/\/szelkialto.hu\/index.php?rest_route=%2Fwp%2Fv2%2Ftags&post=1679"}],"curies":[{"name":"wp","href":"https:\/\/api.w.org\/{rel}","templated":true}]}}