{"id":1690,"date":"2011-05-10T22:19:02","date_gmt":"2011-05-10T20:19:02","guid":{"rendered":"https:\/\/szelkialto.hu\/?p=1690"},"modified":"2014-06-13T05:17:55","modified_gmt":"2014-06-13T03:17:55","slug":"vers-es-dallam","status":"publish","type":"post","link":"https:\/\/szelkialto.hu\/?p=1690","title":{"rendered":"Vers \u00e9s dallam"},"content":{"rendered":"<p style=\"text-align: justify;\"><img loading=\"lazy\" decoding=\"async\" class=\"alignright\" style=\"margin-left: 10px; margin-right: 10px;\" src=\"http:\/\/www.nyest.hu\/media\/balassi-balint.png\" alt=\"Balassi B\u00e1lint\" width=\"120\" height=\"160\" \/>Vers \u00e9s dallam az id\u0151k kezdet\u00e9n m\u00e9g csak egy\u00fctt l\u00e9tezett. Ennek az  \u00e1llapotnak egyik leg\u0151sibb form\u00e1ja a n\u00e9pdal, k\u00e9s\u0151bbi megnyilv\u00e1nul\u00e1sa  pedig \u2013 p\u00e9ld\u00e1ul \u2013 <strong><a href=\"http:\/\/hu.wikipedia.org\/wiki\/Balassi_B%C3%A1lint\" target=\"_blank\">Balassi B\u00e1lint<\/a> <a href=\"http:\/\/mek.oszk.hu\/00600\/00609\/00609.pdf\" target=\"_blank\">k\u00f6lt\u00e9szet\u00e9ben<\/a><\/strong> \u00e9rhet\u0151 tetten, amikor a k\u00f6lt\u0151 a versei el\u00e9 m\u00e9g oda\u00edrta, hogy mely n\u00f3t\u00e1ra \u00e9nekelhet\u0151k (ad notam).<\/p>\n<p style=\"text-align: left;\"><a href=\"http:\/\/hu.wikipedia.org\/wiki\/Csokonai_Vit%C3%A9z_Mih%C3%A1ly\" target=\"_blank\"><img loading=\"lazy\" decoding=\"async\" style=\"float: left; margin-left: 10px; margin-right: 10px;\" src=\"http:\/\/www.fgyvk.hu\/eletrajzilexikon\/CS\/022_Csokonai_Vit%C3%A9z_Mih%C3%A1ly.jpg\" alt=\"Csokonai Vit\u00e9z Mih\u00e1ly\" width=\"120\" height=\"150\" \/><strong>Csokonai Vit\u00e9z Mih\u00e1ly<\/strong><\/a> m\u00e1r nem tett ilyet, viszont a <strong><a href=\"http:\/\/mek.oszk.hu\/06300\/06302\/html\/csokonai2.htm#35\" target=\"_blank\">\u201eJegyz\u00e9sek \u00e9s \u00e9rtekez\u00e9sek az anakreoni dalokra (1802)\u201d<\/a><\/strong> c. m\u0171v\u00e9ben \u00edgy \u00edr:<\/p>\n<p style=\"padding-left: 30px; text-align: left;\"><em>\u201e\u2026A po\u00e9zisnak minden neme k\u00f6z\u00fcl legr\u00e9gibb \u00e9s legk\u00f6z\u00f6ns\u00e9gesebb az \u00e9nekelhet\u0151 vagy dall\u00e1sra alkalmatos versel\u00e9s\u2026\u201d<\/em><\/p>\n<p>Ugyanebben az \u00edr\u00e1s\u00e1ban k\u00e9s\u0151bb:<\/p>\n<p style=\"padding-left: 30px; text-align: justify;\"><em>\u201e\u2026Vajha \u00e9n haz\u00e1nknak ollyan componist\u00e1j\u00e1ra tal\u00e1lhatn\u00e9k, aki egy  magyar an\u00e1kreontismust muzsik\u00e1ra v\u00e9v\u00e9n, v\u00e9lem \u00e9s magyarimmal k\u00f6zelebbr\u0151l  tudn\u00e1 s k\u00edv\u00e1nn\u00e1 \u00e9reztetni a g\u00f6r\u00f6g szab\u00e1s\u00fa rythmusoknak mennyei  h\u00e1rm\u00f3ni\u00e1j\u00e1t! [&#8230;] \u00cdgy lehetne a g\u00f6r\u00f6g m\u00e9rt\u00e9k\u0171 verseknek a n\u00e9p el\u0151tt  becset \u00e9s kedvess\u00e9get szerezni!\u201d<\/em><\/p>\n<p style=\"text-align: justify;\">A k\u00fcl\u00f6nb\u00f6z\u0151 kult\u00far\u00e1kban elt\u00e9r\u0151 id\u0151kben, de v\u00e9g\u00fcl minden\u00fctt  bek\u00f6vetkezett, hogy a sz\u00f6veg \u00e9s zene teljesen sz\u00e9tv\u00e1lt \u00e9s mi most  megpr\u00f3b\u00e1ljuk \u00fajra k\u00f6zel\u00edteni \u0151ket egym\u00e1shoz. Munk\u00e1nkkal ezt a r\u00e9ges-r\u00e9gi  hagyom\u00e1nyt pr\u00f3b\u00e1ljuk meg\u0151rizni.<\/p>\n<p><strong>2011. m\u00e1jus 18. 11:00 Szolnok<\/strong><br \/>\n<strong>VERS \u00c9S DALLAM<\/strong><br \/>\n<strong>Sz\u00e9lki\u00e1lt\u00f3 koncert a <a href=\"http:\/\/www.vfmk.hu\" target=\"_blank\">Verseghy Ferenc K\u00f6nyvt\u00e1rban<\/a><\/strong><\/p>\n","protected":false},"excerpt":{"rendered":"<p>Vers \u00e9s dallam az id\u0151k kezdet\u00e9n m\u00e9g csak egy\u00fctt l\u00e9tezett. Ennek az \u00e1llapotnak egyik leg\u0151sibb form\u00e1ja a n\u00e9pdal, k\u00e9s\u0151bbi megnyilv\u00e1nul\u00e1sa pedig \u2013 p\u00e9ld\u00e1ul \u2013 Balassi B\u00e1lint k\u00f6lt\u00e9szet\u00e9ben \u00e9rhet\u0151 tetten, amikor a k\u00f6lt\u0151 a versei el\u00e9 m\u00e9g oda\u00edrta, hogy mely n\u00f3t\u00e1ra&#46;&#46;&#46;<\/p>\n","protected":false},"author":3,"featured_media":0,"comment_status":"open","ping_status":"closed","sticky":false,"template":"","format":"standard","meta":{"footnotes":"","_links_to":"","_links_to_target":""},"categories":[53,11],"tags":[61,60,59],"class_list":["post-1690","post","type-post","status-publish","format-standard","hentry","category-enekelt-vers","category-koltok","tag-balassi-balint","tag-csokonai-vitez-mihaly","tag-vers-es-dallam"],"rttpg_featured_image_url":null,"rttpg_author":{"display_name":"Fenyvesi B\u00e9la","author_link":"https:\/\/szelkialto.hu\/?author=3"},"rttpg_comment":0,"rttpg_category":"<a href=\"https:\/\/szelkialto.hu\/?cat=53\" rel=\"category\">\u00e9nekelt vers<\/a> <a href=\"https:\/\/szelkialto.hu\/?cat=11\" rel=\"category\">k\u00f6lt\u0151k<\/a>","rttpg_excerpt":"Vers \u00e9s dallam az id\u0151k kezdet\u00e9n m\u00e9g csak egy\u00fctt l\u00e9tezett. Ennek az \u00e1llapotnak egyik leg\u0151sibb form\u00e1ja a n\u00e9pdal, k\u00e9s\u0151bbi megnyilv\u00e1nul\u00e1sa pedig \u2013 p\u00e9ld\u00e1ul \u2013 Balassi B\u00e1lint k\u00f6lt\u00e9szet\u00e9ben \u00e9rhet\u0151 tetten, amikor a k\u00f6lt\u0151 a versei el\u00e9 m\u00e9g oda\u00edrta, hogy mely n\u00f3t\u00e1ra&#46;&#46;&#46;","_links":{"self":[{"href":"https:\/\/szelkialto.hu\/index.php?rest_route=\/wp\/v2\/posts\/1690","targetHints":{"allow":["GET"]}}],"collection":[{"href":"https:\/\/szelkialto.hu\/index.php?rest_route=\/wp\/v2\/posts"}],"about":[{"href":"https:\/\/szelkialto.hu\/index.php?rest_route=\/wp\/v2\/types\/post"}],"author":[{"embeddable":true,"href":"https:\/\/szelkialto.hu\/index.php?rest_route=\/wp\/v2\/users\/3"}],"replies":[{"embeddable":true,"href":"https:\/\/szelkialto.hu\/index.php?rest_route=%2Fwp%2Fv2%2Fcomments&post=1690"}],"version-history":[{"count":1,"href":"https:\/\/szelkialto.hu\/index.php?rest_route=\/wp\/v2\/posts\/1690\/revisions"}],"predecessor-version":[{"id":2898,"href":"https:\/\/szelkialto.hu\/index.php?rest_route=\/wp\/v2\/posts\/1690\/revisions\/2898"}],"wp:attachment":[{"href":"https:\/\/szelkialto.hu\/index.php?rest_route=%2Fwp%2Fv2%2Fmedia&parent=1690"}],"wp:term":[{"taxonomy":"category","embeddable":true,"href":"https:\/\/szelkialto.hu\/index.php?rest_route=%2Fwp%2Fv2%2Fcategories&post=1690"},{"taxonomy":"post_tag","embeddable":true,"href":"https:\/\/szelkialto.hu\/index.php?rest_route=%2Fwp%2Fv2%2Ftags&post=1690"}],"curies":[{"name":"wp","href":"https:\/\/api.w.org\/{rel}","templated":true}]}}