{"id":1712,"date":"2011-06-16T13:47:38","date_gmt":"2011-06-16T11:47:38","guid":{"rendered":"https:\/\/szelkialto.hu\/?p=1712"},"modified":"2014-08-18T05:38:14","modified_gmt":"2014-08-18T03:38:14","slug":"veszpremi-kabociade","status":"publish","type":"post","link":"https:\/\/szelkialto.hu\/?p=1712","title":{"rendered":"Veszpr\u00e9mi Kab\u00f3ci\u00e1d\u00e9"},"content":{"rendered":"<p>A 10 \u00e9ves sz\u00fclet\u00e9snapj\u00e1t \u00fcnnepl\u0151 veszpr\u00e9mi <a href=\"http:\/\/www.kabocababszinhaz.hu\" target=\"_blank\"><strong>Kab\u00f3ca B\u00e1bsz\u00ednh\u00e1z<\/strong><\/a> id\u00e9n is megrendezi nagy siker\u0171 csal\u00e1di fesztiv\u00e1lj\u00e1t, a Kab\u00f3ci\u00e1d\u00e9t 2011. j\u00fanius 17-19. k\u00f6z\u00f6tt <a href=\"http:\/\/www.veszprem.hu\" target=\"_blank\"><strong>Veszpr\u00e9m<\/strong><\/a> belv\u00e1ros\u00e1ban, az \u00d3v\u00e1ros t\u00e9ren \u00e9s a T\u0171ztorony udvarban.<\/p>\n<p>H\u00e1rom napon \u00e1t v\u00e1ltozatos programok v\u00e1rnak kicsikre \u00e9s nagyokra. Vend\u00e9g lesz a Tintal\u00f3 T\u00e1rsul\u00e1s, a Kolibri Sz\u00ednh\u00e1z, a sepsiszentgy\u00f6rgyi Cimbor\u00e1k B\u00e1bsz\u00ednh\u00e1z, \u00c9csi Gy\u00f6ngyi, a Bab T\u00e1rsulat, valamint a <strong>Sz\u00e9lki\u00e1lt\u00f3 egy\u00fcttes<\/strong>.<\/p>\n<p>Az els\u0151 nap programja:<\/p>\n<p><strong>2011. j\u00fanius 17. p\u00e9ntek<\/strong><\/p>\n<p style=\"padding-left: 30px;\"><strong>15:30 Felvonul\u00e1s Veszpr\u00e9m belv\u00e1ros\u00e1ban<\/strong><br \/>\nR\u00e9sztvev\u0151k: Habakuk kir\u00e1ly, Bor\u00f3ka kir\u00e1lyn\u00e9 \u00e9s a Bab T\u00e1rsulat<br \/>\n\u00datvonal: Posta el\u0151tti t\u00e9r \u2013 \u00d3v\u00e1ros t\u00e9r<\/p>\n<p style=\"padding-left: 30px;\"><strong>16:00 \u00d3v\u00e1ros t\u00e9r<\/strong><br \/>\n<strong>Az \u00e9let \u00e9s a hal\u00e1l vize<\/strong><br \/>\nB\u00e1bos meseel\u0151ad\u00e1s &#8211; \u00c9csi Gy\u00f6ngyi meseh\u00e1za<\/p>\n<p style=\"padding-left: 30px;\"><strong>17:00 V\u00e1rosh\u00e1za el\u0151tti t\u00e9r<\/strong><br \/>\n<strong>Fesztiv\u00e1lnyit\u00f3<\/strong><br \/>\nAz \u00faj Kab\u00f3ca j\u00e1t\u00e9kok bemutat\u00e1sa<\/p>\n<p style=\"padding-left: 30px;\"><strong>18:00 \u00d3v\u00e1ros t\u00e9r<\/strong><br \/>\n<strong>Sz\u00e9lki\u00e1lt\u00f3 dalok<\/strong><br \/>\nMenj\u00fcnk\u2013 menj\u00fcnk v\u00e1s\u00e1rra<br \/>\nA Sz\u00e9lki\u00e1lt\u00f3 egy\u00fcttes koncertje<\/p>\n<p style=\"padding-left: 30px;\"><strong>19:00 Veszpr\u00e9mi Pet\u0151fi Sz\u00ednh\u00e1z<\/strong><br \/>\n<strong>Figar\u00f3 h\u00e1zass\u00e1ga<\/strong><br \/>\nsz\u00ednh\u00e1zi el\u0151ad\u00e1s<br \/>\nJegyek a Pet\u0151fi Sz\u00ednh\u00e1z jegyp\u00e9nzt\u00e1r\u00e1ban.<\/p>\n<p style=\"padding-left: 30px;\"><strong>21:30 Sz\u00ednh\u00e1zkert<\/strong><br \/>\n<strong>Jelenetek egy h\u00e1zass\u00e1gb\u00f3l<\/strong><br \/>\nSzabadt\u00e9ri \u00f3ri\u00e1sb\u00e1bos el\u0151ad\u00e1s<br \/>\nBab T\u00e1rsulat<\/p>\n<p>Mindenkinek j\u00f3 sz\u00f3rakoz\u00e1st!<\/p>\n","protected":false},"excerpt":{"rendered":"<p>A 10 \u00e9ves sz\u00fclet\u00e9snapj\u00e1t \u00fcnnepl\u0151 veszpr\u00e9mi Kab\u00f3ca B\u00e1bsz\u00ednh\u00e1z id\u00e9n is megrendezi nagy siker\u0171 csal\u00e1di fesztiv\u00e1lj\u00e1t, a Kab\u00f3ci\u00e1d\u00e9t 2011. j\u00fanius 17-19. k\u00f6z\u00f6tt Veszpr\u00e9m belv\u00e1ros\u00e1ban, az \u00d3v\u00e1ros t\u00e9ren \u00e9s a T\u0171ztorony udvarban. H\u00e1rom napon \u00e1t v\u00e1ltozatos programok v\u00e1rnak kicsikre \u00e9s nagyokra. Vend\u00e9g&#46;&#46;&#46;<\/p>\n","protected":false},"author":3,"featured_media":0,"comment_status":"open","ping_status":"closed","sticky":false,"template":"","format":"standard","meta":{"footnotes":"","_links_to":"","_links_to_target":""},"categories":[53,4],"tags":[],"class_list":["post-1712","post","type-post","status-publish","format-standard","hentry","category-enekelt-vers","category-koncertek"],"rttpg_featured_image_url":null,"rttpg_author":{"display_name":"Fenyvesi B\u00e9la","author_link":"https:\/\/szelkialto.hu\/?author=3"},"rttpg_comment":0,"rttpg_category":"<a href=\"https:\/\/szelkialto.hu\/?cat=53\" rel=\"category\">\u00e9nekelt vers<\/a> <a href=\"https:\/\/szelkialto.hu\/?cat=4\" rel=\"category\">koncertek<\/a>","rttpg_excerpt":"A 10 \u00e9ves sz\u00fclet\u00e9snapj\u00e1t \u00fcnnepl\u0151 veszpr\u00e9mi Kab\u00f3ca B\u00e1bsz\u00ednh\u00e1z id\u00e9n is megrendezi nagy siker\u0171 csal\u00e1di fesztiv\u00e1lj\u00e1t, a Kab\u00f3ci\u00e1d\u00e9t 2011. j\u00fanius 17-19. k\u00f6z\u00f6tt Veszpr\u00e9m belv\u00e1ros\u00e1ban, az \u00d3v\u00e1ros t\u00e9ren \u00e9s a T\u0171ztorony udvarban. H\u00e1rom napon \u00e1t v\u00e1ltozatos programok v\u00e1rnak kicsikre \u00e9s nagyokra. Vend\u00e9g&#46;&#46;&#46;","_links":{"self":[{"href":"https:\/\/szelkialto.hu\/index.php?rest_route=\/wp\/v2\/posts\/1712","targetHints":{"allow":["GET"]}}],"collection":[{"href":"https:\/\/szelkialto.hu\/index.php?rest_route=\/wp\/v2\/posts"}],"about":[{"href":"https:\/\/szelkialto.hu\/index.php?rest_route=\/wp\/v2\/types\/post"}],"author":[{"embeddable":true,"href":"https:\/\/szelkialto.hu\/index.php?rest_route=\/wp\/v2\/users\/3"}],"replies":[{"embeddable":true,"href":"https:\/\/szelkialto.hu\/index.php?rest_route=%2Fwp%2Fv2%2Fcomments&post=1712"}],"version-history":[{"count":1,"href":"https:\/\/szelkialto.hu\/index.php?rest_route=\/wp\/v2\/posts\/1712\/revisions"}],"predecessor-version":[{"id":2926,"href":"https:\/\/szelkialto.hu\/index.php?rest_route=\/wp\/v2\/posts\/1712\/revisions\/2926"}],"wp:attachment":[{"href":"https:\/\/szelkialto.hu\/index.php?rest_route=%2Fwp%2Fv2%2Fmedia&parent=1712"}],"wp:term":[{"taxonomy":"category","embeddable":true,"href":"https:\/\/szelkialto.hu\/index.php?rest_route=%2Fwp%2Fv2%2Fcategories&post=1712"},{"taxonomy":"post_tag","embeddable":true,"href":"https:\/\/szelkialto.hu\/index.php?rest_route=%2Fwp%2Fv2%2Ftags&post=1712"}],"curies":[{"name":"wp","href":"https:\/\/api.w.org\/{rel}","templated":true}]}}