{"id":1721,"date":"2011-06-19T11:45:38","date_gmt":"2011-06-19T09:45:38","guid":{"rendered":"https:\/\/szelkialto.hu\/?p=1721"},"modified":"2014-06-04T08:39:57","modified_gmt":"2014-06-04T06:39:57","slug":"a-szelkialto-es-a-kalaka-koncertje-pecsett","status":"publish","type":"post","link":"https:\/\/szelkialto.hu\/?p=1721","title":{"rendered":"A Sz\u00e9lki\u00e1lt\u00f3 \u00e9s a Kal\u00e1ka koncertje P\u00e9csett"},"content":{"rendered":"<p><strong><a href=\"http:\/\/www.setaterfesztival.hu\" target=\"_blank\">S\u00e9tat\u00e9r Fesztiv\u00e1l<\/a> P\u00e9cs \u2013 2011<\/strong><\/p>\n<p><strong>j\u00fanius 21-\u00e9n 20:00 S\u00e9tat\u00e9r<\/strong><br \/> <strong> A Zene \u00dcnnepe alkalm\u00e1b\u00f3l<\/strong><\/p>\n<p><strong>SZ\u00c9LKI\u00c1LT\u00d3 \u2013 KAL\u00c1KA KONCERT<\/strong><\/p>\n<p>A Zene \u00dcnnep\u00e9t 1982-ben Franciaorsz\u00e1gban tartott\u00e1k meg el\u0151sz\u00f6r <a href=\"http:\/\/fr.wikipedia.org\/wiki\/Maurice_Fleuret\" target=\"_blank\"><strong>Maurice Fleuret <\/strong><\/a>zenetud\u00f3s \u00f6tlete alapj\u00e1n, aki azt javasolta, hogy j\u00fanius 21-\u00e9t, a ny\u00e1r els\u0151 napj\u00e1t a vil\u00e1gon minden\u00fctt k\u00f6sz\u00f6nts\u00e9k zen\u00e9vel.<\/p>\n<p>Az\u00f3ta a kezdem\u00e9nyez\u00e9s\u00a0 nemzetk\u00f6ziv\u00e9 v\u00e1lt: t\u00f6bb mint 100 orsz\u00e1gban rendezik meg ugyanazon a napon, j\u00fanius 21-\u00e9n.<\/p>\n<p>A koncerten elhangzanak majd dalok a Sz\u00e9lki\u00e1lt\u00f3 egy\u00fcttesnek a Hangz\u00f3 Helikon sorozat\u00e1ban megjelent M\u00e1rai lemez\u00e9r\u0151l is.<\/p>\n<p><img decoding=\"async\" class=\"aligncenter\" title=\"Sz\u00e9lki\u00e1lt\u00f3 - Kal\u00e1ka\" src=\"http:\/\/pecsikult.hu\/image_original\/145684.jpg\" alt=\"Sz\u00e9lki\u00e1lt\u00f3 - Kal\u00e1ka\" width=\"400\" align=\"middle\" \/><\/p>\n<p>A nap tov\u00e1bbi p\u00e9csi programjair\u00f3l <a href=\"http:\/\/pecsikult.hu\/hu\/events\/show\/145739\/zene-unnepe-2011\" target=\"_blank\"><strong>itt<\/strong><\/a> olvashat\u00f3 r\u00e9szletes le\u00edr\u00e1s.<\/p>\n","protected":false},"excerpt":{"rendered":"<p>S\u00e9tat\u00e9r Fesztiv\u00e1l P\u00e9cs \u2013 2011 j\u00fanius 21-\u00e9n 20:00 S\u00e9tat\u00e9r A Zene \u00dcnnepe alkalm\u00e1b\u00f3l SZ\u00c9LKI\u00c1LT\u00d3 \u2013 KAL\u00c1KA KONCERT A Zene \u00dcnnep\u00e9t 1982-ben Franciaorsz\u00e1gban tartott\u00e1k meg el\u0151sz\u00f6r Maurice Fleuret zenetud\u00f3s \u00f6tlete alapj\u00e1n, aki azt javasolta, hogy j\u00fanius 21-\u00e9t, a ny\u00e1r els\u0151 napj\u00e1t&#46;&#46;&#46;<\/p>\n","protected":false},"author":3,"featured_media":0,"comment_status":"open","ping_status":"closed","sticky":false,"template":"","format":"standard","meta":{"footnotes":"","_links_to":"","_links_to_target":""},"categories":[53,12,4,51],"tags":[],"class_list":["post-1721","post","type-post","status-publish","format-standard","hentry","category-enekelt-vers","category-irodalom-2","category-koncertek","category-zene-2"],"rttpg_featured_image_url":null,"rttpg_author":{"display_name":"Fenyvesi B\u00e9la","author_link":"https:\/\/szelkialto.hu\/?author=3"},"rttpg_comment":0,"rttpg_category":"<a href=\"https:\/\/szelkialto.hu\/?cat=53\" rel=\"category\">\u00e9nekelt vers<\/a> <a href=\"https:\/\/szelkialto.hu\/?cat=12\" rel=\"category\">irodalom<\/a> <a href=\"https:\/\/szelkialto.hu\/?cat=4\" rel=\"category\">koncertek<\/a> <a href=\"https:\/\/szelkialto.hu\/?cat=51\" rel=\"category\">zene<\/a>","rttpg_excerpt":"S\u00e9tat\u00e9r Fesztiv\u00e1l P\u00e9cs \u2013 2011 j\u00fanius 21-\u00e9n 20:00 S\u00e9tat\u00e9r A Zene \u00dcnnepe alkalm\u00e1b\u00f3l SZ\u00c9LKI\u00c1LT\u00d3 \u2013 KAL\u00c1KA KONCERT A Zene \u00dcnnep\u00e9t 1982-ben Franciaorsz\u00e1gban tartott\u00e1k meg el\u0151sz\u00f6r Maurice Fleuret zenetud\u00f3s \u00f6tlete alapj\u00e1n, aki azt javasolta, hogy j\u00fanius 21-\u00e9t, a ny\u00e1r els\u0151 napj\u00e1t&#46;&#46;&#46;","_links":{"self":[{"href":"https:\/\/szelkialto.hu\/index.php?rest_route=\/wp\/v2\/posts\/1721","targetHints":{"allow":["GET"]}}],"collection":[{"href":"https:\/\/szelkialto.hu\/index.php?rest_route=\/wp\/v2\/posts"}],"about":[{"href":"https:\/\/szelkialto.hu\/index.php?rest_route=\/wp\/v2\/types\/post"}],"author":[{"embeddable":true,"href":"https:\/\/szelkialto.hu\/index.php?rest_route=\/wp\/v2\/users\/3"}],"replies":[{"embeddable":true,"href":"https:\/\/szelkialto.hu\/index.php?rest_route=%2Fwp%2Fv2%2Fcomments&post=1721"}],"version-history":[{"count":1,"href":"https:\/\/szelkialto.hu\/index.php?rest_route=\/wp\/v2\/posts\/1721\/revisions"}],"predecessor-version":[{"id":2844,"href":"https:\/\/szelkialto.hu\/index.php?rest_route=\/wp\/v2\/posts\/1721\/revisions\/2844"}],"wp:attachment":[{"href":"https:\/\/szelkialto.hu\/index.php?rest_route=%2Fwp%2Fv2%2Fmedia&parent=1721"}],"wp:term":[{"taxonomy":"category","embeddable":true,"href":"https:\/\/szelkialto.hu\/index.php?rest_route=%2Fwp%2Fv2%2Fcategories&post=1721"},{"taxonomy":"post_tag","embeddable":true,"href":"https:\/\/szelkialto.hu\/index.php?rest_route=%2Fwp%2Fv2%2Ftags&post=1721"}],"curies":[{"name":"wp","href":"https:\/\/api.w.org\/{rel}","templated":true}]}}