{"id":1734,"date":"2011-06-23T10:00:29","date_gmt":"2011-06-23T08:00:29","guid":{"rendered":"https:\/\/szelkialto.hu\/?p=1734"},"modified":"2014-08-11T07:51:04","modified_gmt":"2014-08-11T05:51:04","slug":"marai-cd-kritika-a-magyar-nemzetben","status":"publish","type":"post","link":"https:\/\/szelkialto.hu\/?p=1734","title":{"rendered":"M\u00e1rai CD \u2013 kritika a Magyar Nemzetben"},"content":{"rendered":"<p><strong><span style=\"font-size: medium;\">Szomor\u00fa vallom\u00e1sok sz\u00ednesre hangszerelve<\/span><\/strong><br \/>\n<a href=\"http:\/\/www.mno.hu\" target=\"_blank\"><strong>Magyar Nemzet<\/strong><\/a> <a href=\"http:\/\/www.mno.hu\/portal\/788035?searchtext=Sz%C3%A9lki%C3%A1lt%C3%B3\" target=\"_blank\"><strong>2011. j\u00fanius 2.<\/strong><\/a><\/p>\n<p>R. Kiss Korn\u00e9lia<br \/>\n<span style=\"font-size: medium;\"><strong>KORONG<\/strong><\/span><\/p>\n<p>M\u00e1rai k\u00f6lt\u00e9szete kem\u00e9ny di\u00f3 lenne b\u00e1rmelyik zenei form\u00e1ci\u00f3 sz\u00e1m\u00e1ra. Nemr\u00e9g megjelent lemez\u00e9n a megzen\u00e9s\u00edtett vers t\u00f6rt\u00e9net\u00e9ben el\u0151sz\u00f6r a Sz\u00e9lki\u00e1lt\u00f3 v\u00e1llalkozott arra, hogy ezt a di\u00f3t felt\u00f6rje. A zenei min\u0151s\u00e9g ellen nem lehet kifog\u00e1sunk, de a M\u00e1rai-l\u00edra gondolatis\u00e1ga n\u00e9ha mintha kifogott volna a zenekaron. Az albumra v\u00e1logatott versek szinte kiv\u00e9tel n\u00e9lk\u00fcl az \u00e9let m\u00faland\u00f3s\u00e1g\u00e1ra, az \u00f6r\u00f6k idegens\u00e9gre s az ezekbe val\u00f3 belenyugv\u00e1sra fut ki, de m\u00e9g a h\u00e1rom szerelmes vers is szomor\u00fa, minden ill\u00fazi\u00f3t\u00f3l lecsupasz\u00edtott vallom\u00e1s. Adta volna mag\u00e1t egy ehhez illeszked\u0151 zeneis\u00e9g\u0171 lemez, az eredm\u00e9ny azonban \u00f6sszetett. A dalok hangulata nem mindig k\u00f6veti azokat az \u00e9rz\u00e9seket, amelyeket M\u00e1rai l\u00edr\u00e1j\u00e1nak olvas\u00e1sa kelt.<\/p>\n<p>A Sz\u00e9lki\u00e1lt\u00f3 \u00e9rdekes, kevert zenei vil\u00e1got v\u00e1lasztott a M\u00e1rai-k\u00f6ltem\u00e9nyekhez. A lemez megjelen\u00e9sekor maguk is azt nyilatkozt\u00e1k: nagyon neh\u00e9z volt, mert \u00fagy \u00e9rezt\u00e9k, hogy ezek a versek \u201enem zen\u00e9lnek\u201d olyan egy\u00e9rtelm\u0171en, mint p\u00e9ld\u00e1ul We\u00f6res S\u00e1ndor k\u00f6ltem\u00e9nyei. Az eredm\u00e9ny egy sok m\u0171fajjal kac\u00e9rkod\u00f3 korong: n\u00e9ha n\u00e9pzene, n\u00e9ha sanzon, blues, rock, m\u00e1skor egyszer\u0171en csak dal sz\u00f3l a versek alatt. Tal\u00e1n \u00e9pp a bevallottan neh\u00e9z zenei st\u00edluskeres\u00e9s vezette id\u0151nk\u00e9nt f\u00e9lre a zenekart.<\/p>\n<p>Itt van mindj\u00e1rt az els\u0151 darab, az Egy\u00fcgy\u0171 vers gyorsvonatban, amib\u0151l kifejezetten vid\u00e1m dalocska sz\u00fcletett \u2013 a tartalom helyett ink\u00e1bb a dalszer\u0171 formai adotts\u00e1gokra j\u00e1tszott r\u00e1 az egy\u00fcttes. A zenei \u00e9rt\u00e9kb\u0151l ez persze nem von le, boldogan dudor\u00e1ssza ut\u00e1nuk az ember, az \u00f6sszhangz\u00e1s m\u00e9gis azt az \u00e9rzetet kelti, hogy kicsit kevesebb ez a dal az eredeti versn\u00e9l.<\/p>\n<p>El\u0151fordul a lemezen olyan sz\u00e1m is, ahol eg\u00e9szen kiv\u00e1l\u00f3an eltal\u00e1lta a zenekar a megfelel\u0151 hangz\u00e1st, mint p\u00e9ld\u00e1ul a Zsolt\u00e1r c\u00edm\u0171 versn\u00e9l, ahol annak dac\u00e1ra, hogy a c\u00edmb\u00e9li m\u0171faji megjel\u00f6l\u00e9s adta volna mag\u00e1t, m\u00e9gsem kifejezetten a zsolt\u00e1rszer\u0171 hangz\u00e1s mellett d\u00f6nt\u00f6ttek. A harminc\u00e9ves f\u00e9rfi vallom\u00e1s\u00e1hoz megtal\u00e1lt bluesos hangz\u00e1s pedig telibe tal\u00e1l. K\u00e1r, hogy az album eg\u00e9sz\u00e9t n\u00e9zve kiv\u00e9tel.<\/p>\n<p style=\"text-align: right;\"><em>(Sz\u00e9lki\u00e1lt\u00f3 \u2013 M\u00e1rai, hangosk\u00f6nyv, Hangz\u00f3 Helikon, 2011.)<\/em><\/p>\n<p style=\"text-align: left;\">Forr\u00e1s: <a href=\"http:\/\/www.mno.hu\/portal\/788035?searchtext=Sz%C3%A9lki%C3%A1lt%C3%B3\" target=\"_blank\">Magyar Nemzet Online<\/a><em><br \/>\n<\/em><\/p>\n","protected":false},"excerpt":{"rendered":"<p>Szomor\u00fa vallom\u00e1sok sz\u00ednesre hangszerelve Magyar Nemzet 2011. j\u00fanius 2. R. Kiss Korn\u00e9lia KORONG M\u00e1rai k\u00f6lt\u00e9szete kem\u00e9ny di\u00f3 lenne b\u00e1rmelyik zenei form\u00e1ci\u00f3 sz\u00e1m\u00e1ra. Nemr\u00e9g megjelent lemez\u00e9n a megzen\u00e9s\u00edtett vers t\u00f6rt\u00e9net\u00e9ben el\u0151sz\u00f6r a Sz\u00e9lki\u00e1lt\u00f3 v\u00e1llalkozott arra, hogy ezt a di\u00f3t felt\u00f6rje. A&#46;&#46;&#46;<\/p>\n","protected":false},"author":3,"featured_media":0,"comment_status":"open","ping_status":"closed","sticky":false,"template":"","format":"standard","meta":{"footnotes":"","_links_to":"","_links_to_target":""},"categories":[17,53,6,46],"tags":[62,63],"class_list":["post-1734","post","type-post","status-publish","format-standard","hentry","category-cd","category-enekelt-vers","category-lemezek","category-sajto","tag-kritika","tag-magyar-nemzet"],"rttpg_featured_image_url":null,"rttpg_author":{"display_name":"Fenyvesi B\u00e9la","author_link":"https:\/\/szelkialto.hu\/?author=3"},"rttpg_comment":1,"rttpg_category":"<a href=\"https:\/\/szelkialto.hu\/?cat=17\" rel=\"category\">CD<\/a> <a href=\"https:\/\/szelkialto.hu\/?cat=53\" rel=\"category\">\u00e9nekelt vers<\/a> <a href=\"https:\/\/szelkialto.hu\/?cat=6\" rel=\"category\">lemezek<\/a> <a href=\"https:\/\/szelkialto.hu\/?cat=46\" rel=\"category\">sajt\u00f3<\/a>","rttpg_excerpt":"Szomor\u00fa vallom\u00e1sok sz\u00ednesre hangszerelve Magyar Nemzet 2011. j\u00fanius 2. R. Kiss Korn\u00e9lia KORONG M\u00e1rai k\u00f6lt\u00e9szete kem\u00e9ny di\u00f3 lenne b\u00e1rmelyik zenei form\u00e1ci\u00f3 sz\u00e1m\u00e1ra. Nemr\u00e9g megjelent lemez\u00e9n a megzen\u00e9s\u00edtett vers t\u00f6rt\u00e9net\u00e9ben el\u0151sz\u00f6r a Sz\u00e9lki\u00e1lt\u00f3 v\u00e1llalkozott arra, hogy ezt a di\u00f3t felt\u00f6rje. A&#46;&#46;&#46;","_links":{"self":[{"href":"https:\/\/szelkialto.hu\/index.php?rest_route=\/wp\/v2\/posts\/1734","targetHints":{"allow":["GET"]}}],"collection":[{"href":"https:\/\/szelkialto.hu\/index.php?rest_route=\/wp\/v2\/posts"}],"about":[{"href":"https:\/\/szelkialto.hu\/index.php?rest_route=\/wp\/v2\/types\/post"}],"author":[{"embeddable":true,"href":"https:\/\/szelkialto.hu\/index.php?rest_route=\/wp\/v2\/users\/3"}],"replies":[{"embeddable":true,"href":"https:\/\/szelkialto.hu\/index.php?rest_route=%2Fwp%2Fv2%2Fcomments&post=1734"}],"version-history":[{"count":1,"href":"https:\/\/szelkialto.hu\/index.php?rest_route=\/wp\/v2\/posts\/1734\/revisions"}],"predecessor-version":[{"id":2919,"href":"https:\/\/szelkialto.hu\/index.php?rest_route=\/wp\/v2\/posts\/1734\/revisions\/2919"}],"wp:attachment":[{"href":"https:\/\/szelkialto.hu\/index.php?rest_route=%2Fwp%2Fv2%2Fmedia&parent=1734"}],"wp:term":[{"taxonomy":"category","embeddable":true,"href":"https:\/\/szelkialto.hu\/index.php?rest_route=%2Fwp%2Fv2%2Fcategories&post=1734"},{"taxonomy":"post_tag","embeddable":true,"href":"https:\/\/szelkialto.hu\/index.php?rest_route=%2Fwp%2Fv2%2Ftags&post=1734"}],"curies":[{"name":"wp","href":"https:\/\/api.w.org\/{rel}","templated":true}]}}