{"id":1747,"date":"2011-07-22T06:43:30","date_gmt":"2011-07-22T04:43:30","guid":{"rendered":"https:\/\/szelkialto.hu\/?p=1747"},"modified":"2014-08-18T05:37:06","modified_gmt":"2014-08-18T03:37:06","slug":"kapolcs-muveszetek-volgye-kalaka-versudvar","status":"publish","type":"post","link":"https:\/\/szelkialto.hu\/?p=1747","title":{"rendered":"Kapolcs &#8211; M\u0171v\u00e9szetek V\u00f6lgye &#8211; Kal\u00e1ka Versudvar"},"content":{"rendered":"<p><strong><a href=\"http:\/\/www.muveszetekvolgye.hu\" target=\"_blank\"><img loading=\"lazy\" decoding=\"async\" class=\"alignright\" style=\"margin: 0px 10px;\" src=\"https:\/\/szelkialto.hu\/wp-content\/uploads\/Muveszetek_Volgye_logo.jpg\" alt=\"M\u0171v\u00e9szetek V\u00f6lgye\" width=\"150\" height=\"118\" \/><\/a><span style=\"font-size: medium;\">2011. j\u00falius 26 19:30<br \/>\nKal\u00e1ka Versudvar<\/span><\/strong><br \/>\n<span style=\"font-size: medium;\"> <strong>Sz\u00e9lki\u00e1lt\u00f3 &#8211; M\u00e1rai<\/strong><\/span><br \/>\n<span style=\"font-size: medium;\"> <strong>verskoncert<\/strong><\/span><\/p>\n<p><strong>A Kal\u00e1ka Versudvar aznapi programja:<\/strong><\/p>\n<p style=\"padding-left: 30px;\">09.00 Bab\u00e1z\u00f3s jelel\u00e9s<\/p>\n<p style=\"padding-left: 30px;\">10.00 Kerek\u00edt\u0151 Mond\u00f3k\u00e1s M\u00f3ka<\/p>\n<p style=\"padding-left: 30px;\">10.30 Kerek\u00edt\u0151 Gomboly\u00edt\u00f3<\/p>\n<p style=\"padding-left: 30px;\">11.00 Csintekerint\u0151<\/p>\n<p style=\"padding-left: 60px;\"><em>Bogn\u00e1r Szilvi \u00e9s zenekara<\/em><br \/>\n<em> Koncert gyerekeknek<\/em><\/p>\n<p style=\"padding-left: 30px;\"><a href=\"http:\/\/kalakaversudvar.hu\" target=\"_blank\"><img loading=\"lazy\" decoding=\"async\" class=\"alignright\" style=\"margin: 0px 10px;\" src=\"https:\/\/szelkialto.hu\/wp-content\/uploads\/Kalaka_Versudvar.jpg\" alt=\"Kal\u00e1ka Versudvar\" width=\"150\" height=\"106\" \/><\/a>13.00 Versm\u0171hely<\/p>\n<p style=\"padding-left: 60px;\"><em>Kreat\u00edv \u00edr\u00e1sfoglalkoz\u00e1s Lackfi J\u00e1nossal<\/em><\/p>\n<p style=\"padding-left: 30px;\">14.00 Pap\u00edrsz\u00ednh\u00e1z<\/p>\n<p style=\"padding-left: 30px;\">15.00 Sz\u00e1z vers<\/p>\n<p style=\"padding-left: 60px;\"><em>A KIMI \u2013 Keleti Istv\u00e1n M\u0171v\u00e9szeti Iskola \u2013<\/em><br \/>\n<em> n\u00f6vend\u00e9keinek el\u0151ad\u00e1sa<\/em><br \/>\n<em> Tan\u00e1r: K\u0151v\u00e1ry Katalin<\/em><\/p>\n<p style=\"padding-left: 30px;\"><a href=\"http:\/\/www.facebook.com\/event.php?eid=216312521742160\" target=\"_blank\"><img loading=\"lazy\" decoding=\"async\" class=\"alignright\" src=\"https:\/\/szelkialto.hu\/wp-content\/uploads\/Kalaka_Versudvar_logo.jpg\" alt=\"Kal\u00e1ka Versudvar logo\" width=\"150\" height=\"149\" \/><\/a>17.00 Zen\u00e9s versimpr\u00f3<\/p>\n<p style=\"padding-left: 60px;\"><em>T\u00f3th Krisztin\u00e1val \u00e9s Radv\u00e1nyi Bal\u00e1zzsal<\/em><\/p>\n<p style=\"padding-left: 30px;\">19.30 Hangz\u00f3 Helikon koncert<\/p>\n<p style=\"padding-left: 60px;\"><em>Sz\u00e9lki\u00e1lt\u00f3 \u2013 M\u00e1rai<\/em><\/p>\n<p style=\"padding-left: 30px;\">21.00 Kal\u00e1kaMozi \u2013 magyar n\u00e9pmes\u00e9k<\/p>\n","protected":false},"excerpt":{"rendered":"<p>2011. j\u00falius 26 19:30 Kal\u00e1ka Versudvar Sz\u00e9lki\u00e1lt\u00f3 &#8211; M\u00e1rai verskoncert A Kal\u00e1ka Versudvar aznapi programja: 09.00 Bab\u00e1z\u00f3s jelel\u00e9s 10.00 Kerek\u00edt\u0151 Mond\u00f3k\u00e1s M\u00f3ka 10.30 Kerek\u00edt\u0151 Gomboly\u00edt\u00f3 11.00 Csintekerint\u0151 Bogn\u00e1r Szilvi \u00e9s zenekara Koncert gyerekeknek 13.00 Versm\u0171hely Kreat\u00edv \u00edr\u00e1sfoglalkoz\u00e1s Lackfi J\u00e1nossal 14.00&#46;&#46;&#46;<\/p>\n","protected":false},"author":3,"featured_media":0,"comment_status":"open","ping_status":"closed","sticky":false,"template":"","format":"standard","meta":{"footnotes":"","_links_to":"","_links_to_target":""},"categories":[53,4],"tags":[66,65,30,64],"class_list":["post-1747","post","type-post","status-publish","format-standard","hentry","category-enekelt-vers","category-koncertek","tag-kalaka-versudvar","tag-kapolcs","tag-marai-sandor","tag-muveszetek-volgye"],"rttpg_featured_image_url":null,"rttpg_author":{"display_name":"Fenyvesi B\u00e9la","author_link":"https:\/\/szelkialto.hu\/?author=3"},"rttpg_comment":0,"rttpg_category":"<a href=\"https:\/\/szelkialto.hu\/?cat=53\" rel=\"category\">\u00e9nekelt vers<\/a> <a href=\"https:\/\/szelkialto.hu\/?cat=4\" rel=\"category\">koncertek<\/a>","rttpg_excerpt":"2011. j\u00falius 26 19:30 Kal\u00e1ka Versudvar Sz\u00e9lki\u00e1lt\u00f3 &#8211; M\u00e1rai verskoncert A Kal\u00e1ka Versudvar aznapi programja: 09.00 Bab\u00e1z\u00f3s jelel\u00e9s 10.00 Kerek\u00edt\u0151 Mond\u00f3k\u00e1s M\u00f3ka 10.30 Kerek\u00edt\u0151 Gomboly\u00edt\u00f3 11.00 Csintekerint\u0151 Bogn\u00e1r Szilvi \u00e9s zenekara Koncert gyerekeknek 13.00 Versm\u0171hely Kreat\u00edv \u00edr\u00e1sfoglalkoz\u00e1s Lackfi J\u00e1nossal 14.00&#46;&#46;&#46;","_links":{"self":[{"href":"https:\/\/szelkialto.hu\/index.php?rest_route=\/wp\/v2\/posts\/1747","targetHints":{"allow":["GET"]}}],"collection":[{"href":"https:\/\/szelkialto.hu\/index.php?rest_route=\/wp\/v2\/posts"}],"about":[{"href":"https:\/\/szelkialto.hu\/index.php?rest_route=\/wp\/v2\/types\/post"}],"author":[{"embeddable":true,"href":"https:\/\/szelkialto.hu\/index.php?rest_route=\/wp\/v2\/users\/3"}],"replies":[{"embeddable":true,"href":"https:\/\/szelkialto.hu\/index.php?rest_route=%2Fwp%2Fv2%2Fcomments&post=1747"}],"version-history":[{"count":1,"href":"https:\/\/szelkialto.hu\/index.php?rest_route=\/wp\/v2\/posts\/1747\/revisions"}],"predecessor-version":[{"id":2925,"href":"https:\/\/szelkialto.hu\/index.php?rest_route=\/wp\/v2\/posts\/1747\/revisions\/2925"}],"wp:attachment":[{"href":"https:\/\/szelkialto.hu\/index.php?rest_route=%2Fwp%2Fv2%2Fmedia&parent=1747"}],"wp:term":[{"taxonomy":"category","embeddable":true,"href":"https:\/\/szelkialto.hu\/index.php?rest_route=%2Fwp%2Fv2%2Fcategories&post=1747"},{"taxonomy":"post_tag","embeddable":true,"href":"https:\/\/szelkialto.hu\/index.php?rest_route=%2Fwp%2Fv2%2Ftags&post=1747"}],"curies":[{"name":"wp","href":"https:\/\/api.w.org\/{rel}","templated":true}]}}