{"id":1782,"date":"2011-08-05T07:23:28","date_gmt":"2011-08-05T05:23:28","guid":{"rendered":"https:\/\/szelkialto.hu\/?p=1782"},"modified":"2014-08-16T06:34:58","modified_gmt":"2014-08-16T04:34:58","slug":"zempleni-fesztival","status":"publish","type":"post","link":"https:\/\/szelkialto.hu\/?p=1782","title":{"rendered":"Zempl\u00e9ni Fesztiv\u00e1l \u2013 Sz\u00e9lki\u00e1lt\u00f3 koncertek"},"content":{"rendered":"<p><a href=\"https:\/\/szelkialto.hu\/?attachment_id=1817\" rel=\"attachment wp-att-1817\"><img loading=\"lazy\" decoding=\"async\" class=\"alignright size-full wp-image-1817\" title=\"zempleni_fesztival_logo\" src=\"https:\/\/szelkialto.hu\/wp-content\/uploads\/zempleni_fesztival_logo.jpg\" alt=\"Zempl\u00e9ni Fesztiv\u00e1l logo\" width=\"100\" height=\"116\" \/><\/a>A <a title=\"Zempl\u00e9ni Fesztiv\u00e1l\" href=\"http:\/\/www.zemplenfestival.hu\" target=\"_blank\">Zempl\u00e9ni Fesztiv\u00e1l<\/a> 1992 \u00f3ta l\u00e9tezik \u00e9s \u00c9szak-Magyarorsz\u00e1g legnagyobb kultur\u00e1lis \/ turisztikai \/ gasztron\u00f3miai rendezv\u00e9nysorozata.<\/p>\n<p><a title=\"S\u00e1rospatak\" href=\"http:\/\/www.sarospatak.hu\" target=\"_blank\">S\u00e1rospatak<\/a>, <a title=\"Tokaj\" href=\"http:\/\/www.tokaj.hu\" target=\"_blank\">Tokaj<\/a>, <a title=\"S\u00e1toralja\u00fajhely\" href=\"http:\/\/www.satoraljaujhely.hu\/\" target=\"_blank\">S\u00e1toralja\u00fajhely<\/a>, <a title=\"Szerencs\" href=\"http:\/\/www.szerencs.hu\" target=\"_blank\">Szerencs<\/a> \u00e9s t\u00f6bb m\u00e1s zempl\u00e9ni telep\u00fcl\u00e9s legszebb m\u0171eml\u00e9ki \u00e9s szabadt\u00e9ri helysz\u00ednein rangos komolyzenei koncertek, sz\u00ednh\u00e1zi-, t\u00e1ncos- \u00e9s jazz estek, kir\u00e1ndul\u00e1sok, ki\u00e1ll\u00edt\u00e1sok v\u00e1rj\u00e1k a k\u00f6z\u00f6ns\u00e9get. A kedvelt kir\u00e1ndul\u00f3 koncertekkel a l\u00e1togat\u00f3k eljuthatnak a legeldugottabb falvakig, v\u00e1rakig, vad\u00e1szh\u00e1zakig, kis templomokig. Az esem\u00e9nyekhez kapcsol\u00f3d\u00f3an a r\u00e9sztvev\u0151 telep\u00fcl\u00e9sek is megmutathatj\u00e1k hagyom\u00e1nyaikat, szok\u00e1saikat.<\/p>\n<div id=\"attachment_1788\" style=\"width: 460px\" class=\"wp-caption aligncenter\"><a href=\"https:\/\/szelkialto.hu\/?attachment_id=1788\" rel=\"attachment wp-att-1788\"><img loading=\"lazy\" decoding=\"async\" aria-describedby=\"caption-attachment-1788\" class=\"size-full wp-image-1788\" title=\"zemplen\" src=\"https:\/\/szelkialto.hu\/wp-content\/uploads\/zemplen.jpg\" alt=\"Zempl\u00e9ni t\u00e1j\" width=\"450\" height=\"146\" srcset=\"https:\/\/szelkialto.hu\/wp-content\/uploads\/zemplen.jpg 600w, https:\/\/szelkialto.hu\/wp-content\/uploads\/zemplen-300x97.jpg 300w\" sizes=\"auto, (max-width: 450px) 100vw, 450px\" \/><\/a><p id=\"caption-attachment-1788\" class=\"wp-caption-text\">Zempl\u00e9ni t\u00e1j<\/p><\/div>\n<p>A kultur\u00e1lis esem\u00e9nyek mellett a t\u00e1j jellegzetes \u00e9teleit, a h\u00edres tokaji borokat felvonultat\u00f3 gasztron\u00f3miai programok v\u00e1rj\u00e1k az idel\u00e1togat\u00f3kat.<\/p>\n<p>R\u00e9szletes program <a href=\"http:\/\/www.zemplenfestival.hu\/default.aspx?e=calendar&amp;lg=hu\" target=\"_blank\"><strong>itt<\/strong><\/a> tal\u00e1lhat\u00f3.<\/p>\n<p><strong>A Sz\u00e9lki\u00e1lt\u00f3 programjai a Zempl\u00e9ni Fesztiv\u00e1lon:<\/strong><\/p>\n<p><span style=\"font-size: medium;\"><strong>Kir\u00e1ndul\u00e1s koncerttel, vend\u00e9gl\u00e1t\u00e1ssal<\/strong><\/span><br \/> <span style=\"font-size: medium;\"><strong>2011. augusztus 17. 18:00 Pusztafalu<\/strong><\/span><br \/> <span style=\"font-size: medium;\"><strong>Reform\u00e1tus templom<\/strong><\/span><\/p>\n<p><strong>Keser\u00e9des<\/strong><br \/> <strong>A Sz\u00e9lki\u00e1lt\u00f3 egy\u00fcttes koncertje<\/strong><\/p>\n<p><a href=\"https:\/\/szelkialto.hu\/?attachment_id=1786\" rel=\"attachment wp-att-1786\"><img loading=\"lazy\" decoding=\"async\" class=\"size-full wp-image-1786 alignnone\" title=\"pusztafalu_ref_templom2\" src=\"https:\/\/szelkialto.hu\/wp-content\/uploads\/pusztafalu_ref_templom2.jpg\" alt=\"Pusztafalu, reform\u00e1tus templom\" width=\"300\" height=\"213\" \/><\/a><\/p>\n<p>A koncertre a bel\u00e9p\u00e9s d\u00edjtalan<\/p>\n<p><em>A koncertre busz indul 15.00-kor S\u00e1rospatakr\u00f3l, a M\u0171vel\u0151d\u00e9s H\u00e1za el\u0151l, amely 15.15-kor meg\u00e1ll S\u00e1toralja\u00fajhelyen a Tourinform Iroda el\u0151tt.<\/em><br \/> <em>R\u00e9szv\u00e9teli d\u00edj: 2.500 Ft<\/em><\/p>\n<p><span style=\"font-size: medium;\"><strong>Koncert borral<\/strong><\/span><br \/> <span style=\"font-size: medium;\"><strong>2011-08-18 17:00 Bodrogkisfalud<\/strong><\/span><br \/> <span style=\"font-size: medium;\"><strong>Patr\u00edcius Borh\u00e1z<\/strong><\/span><\/p>\n<p><strong>Himnusz a borhoz<\/strong><br \/> <strong>A Sz\u00e9lki\u00e1lt\u00f3 egy\u00fcttes koncertje<\/strong><\/p>\n<p><a href=\"https:\/\/szelkialto.hu\/?attachment_id=1787\" rel=\"attachment wp-att-1787\"><img loading=\"lazy\" decoding=\"async\" class=\"size-medium wp-image-1787 alignnone\" title=\"patricius_borhaz\" src=\"https:\/\/szelkialto.hu\/wp-content\/uploads\/patricius_borhaz-300x205.jpg\" alt=\"Patr\u00edcius Borh\u00e1z, Bodrogkisfalud\" width=\"300\" height=\"205\" srcset=\"https:\/\/szelkialto.hu\/wp-content\/uploads\/patricius_borhaz-300x205.jpg 300w, https:\/\/szelkialto.hu\/wp-content\/uploads\/patricius_borhaz.jpg 439w\" sizes=\"auto, (max-width: 300px) 100vw, 300px\" \/><\/a><\/p>\n<p>Bel\u00e9p\u0151jegy: 1500 Ft<\/p>\n<p><em>Ig\u00e9ny eset\u00e9n az el\u0151ad\u00e1s helysz\u00edn\u00e9re busz indul 16.00-kor S\u00e1rospatakr\u00f3l, a M\u0171vel\u0151d\u00e9s H\u00e1za el\u0151l.<\/em><br \/> <em>R\u00e9szv\u00e9teli d\u00edj: 1.000 Ft<\/em><\/p>\n<hr style=\"height: 2px; width: 100%;\" size=\"2\" width=\"100%\" \/>\n<p>A koncertek ut\u00e1n \u2013 m\u00e1r-m\u00e1r hagyom\u00e1nyosan \u2013 ell\u00e1togatunk Hercegk\u00fatra is G\u00f6tz Istv\u00e1n bar\u00e1tunk pinc\u00e9j\u00e9be, amely a Gombos hegyi pincesoron tal\u00e1lhat\u00f3.<\/p>\n<p><a href=\"https:\/\/szelkialto.hu\/?attachment_id=1809\" rel=\"attachment wp-att-1809\"><img loading=\"lazy\" decoding=\"async\" class=\"aligncenter  wp-image-1809\" title=\"gombos-hegyi_pincesor\" src=\"https:\/\/szelkialto.hu\/wp-content\/uploads\/gombos-hegyi_pincesor-300x99.jpg\" alt=\"Gombos hegyi pincesor, Hercegk\u00fat\" width=\"450\" height=\"149\" srcset=\"https:\/\/szelkialto.hu\/wp-content\/uploads\/gombos-hegyi_pincesor-300x99.jpg 300w, https:\/\/szelkialto.hu\/wp-content\/uploads\/gombos-hegyi_pincesor.jpg 600w\" sizes=\"auto, (max-width: 450px) 100vw, 450px\" \/><\/a><\/p>\n<p>A pincesor a kult\u00fart\u00e1j kateg\u00f3ri\u00e1ban vil\u00e1g\u00f6r\u00f6ks\u00e9gi c\u00edmmel rendelkezik.<br \/> <a href=\"https:\/\/szelkialto.hu\/?attachment_id=1810\" rel=\"attachment wp-att-1810\"><img loading=\"lazy\" decoding=\"async\" class=\"aligncenter size-full wp-image-1810\" title=\"gombos-hegyi_pincesor2\" src=\"https:\/\/szelkialto.hu\/wp-content\/uploads\/gombos-hegyi_pincesor2.jpg\" alt=\"Gomboshegyi pincesor, Hercegk\u00fat\" width=\"450\" height=\"181\" srcset=\"https:\/\/szelkialto.hu\/wp-content\/uploads\/gombos-hegyi_pincesor2.jpg 600w, https:\/\/szelkialto.hu\/wp-content\/uploads\/gombos-hegyi_pincesor2-300x120.jpg 300w\" sizes=\"auto, (max-width: 450px) 100vw, 450px\" \/><\/a><\/p>\n<p>A pinc\u00e9ben azt\u00e1n valami ilyesmit fogunk csin\u00e1lni:<\/p>\n<p><a href=\"https:\/\/szelkialto.hu\/?attachment_id=1808\" rel=\"attachment wp-att-1808\"><img loading=\"lazy\" decoding=\"async\" class=\"aligncenter  wp-image-1808\" title=\"bor\" src=\"https:\/\/szelkialto.hu\/wp-content\/uploads\/bor.jpg\" alt=\"\" width=\"450\" height=\"465\" srcset=\"https:\/\/szelkialto.hu\/wp-content\/uploads\/bor.jpg 400w, https:\/\/szelkialto.hu\/wp-content\/uploads\/bor-290x300.jpg 290w\" sizes=\"auto, (max-width: 450px) 100vw, 450px\" \/><\/a><\/p>\n","protected":false},"excerpt":{"rendered":"<p>A Zempl\u00e9ni Fesztiv\u00e1l 1992 \u00f3ta l\u00e9tezik \u00e9s \u00c9szak-Magyarorsz\u00e1g legnagyobb kultur\u00e1lis \/ turisztikai \/ gasztron\u00f3miai rendezv\u00e9nysorozata. S\u00e1rospatak, Tokaj, S\u00e1toralja\u00fajhely, Szerencs \u00e9s t\u00f6bb m\u00e1s zempl\u00e9ni telep\u00fcl\u00e9s legszebb m\u0171eml\u00e9ki \u00e9s szabadt\u00e9ri helysz\u00ednein rangos komolyzenei koncertek, sz\u00ednh\u00e1zi-, t\u00e1ncos- \u00e9s jazz estek, kir\u00e1ndul\u00e1sok, ki\u00e1ll\u00edt\u00e1sok v\u00e1rj\u00e1k&#46;&#46;&#46;<\/p>\n","protected":false},"author":3,"featured_media":0,"comment_status":"open","ping_status":"closed","sticky":false,"template":"","format":"standard","meta":{"footnotes":"","_links_to":"","_links_to_target":""},"categories":[53,54,4],"tags":[69,33,71,70,68,67],"class_list":["post-1782","post","type-post","status-publish","format-standard","hentry","category-enekelt-vers","category-fesztival","category-koncertek","tag-bodrogkisfalud","tag-bor","tag-gombos-hegyi-pincesor","tag-hercegkut","tag-pusztafalu","tag-zempleni-fesztival"],"rttpg_featured_image_url":null,"rttpg_author":{"display_name":"Fenyvesi B\u00e9la","author_link":"https:\/\/szelkialto.hu\/?author=3"},"rttpg_comment":0,"rttpg_category":"<a href=\"https:\/\/szelkialto.hu\/?cat=53\" rel=\"category\">\u00e9nekelt vers<\/a> <a href=\"https:\/\/szelkialto.hu\/?cat=54\" rel=\"category\">fesztiv\u00e1l<\/a> <a href=\"https:\/\/szelkialto.hu\/?cat=4\" rel=\"category\">koncertek<\/a>","rttpg_excerpt":"A Zempl\u00e9ni Fesztiv\u00e1l 1992 \u00f3ta l\u00e9tezik \u00e9s \u00c9szak-Magyarorsz\u00e1g legnagyobb kultur\u00e1lis \/ turisztikai \/ gasztron\u00f3miai rendezv\u00e9nysorozata. S\u00e1rospatak, Tokaj, S\u00e1toralja\u00fajhely, Szerencs \u00e9s t\u00f6bb m\u00e1s zempl\u00e9ni telep\u00fcl\u00e9s legszebb m\u0171eml\u00e9ki \u00e9s szabadt\u00e9ri helysz\u00ednein rangos komolyzenei koncertek, sz\u00ednh\u00e1zi-, t\u00e1ncos- \u00e9s jazz estek, kir\u00e1ndul\u00e1sok, ki\u00e1ll\u00edt\u00e1sok v\u00e1rj\u00e1k&#46;&#46;&#46;","_links":{"self":[{"href":"https:\/\/szelkialto.hu\/index.php?rest_route=\/wp\/v2\/posts\/1782","targetHints":{"allow":["GET"]}}],"collection":[{"href":"https:\/\/szelkialto.hu\/index.php?rest_route=\/wp\/v2\/posts"}],"about":[{"href":"https:\/\/szelkialto.hu\/index.php?rest_route=\/wp\/v2\/types\/post"}],"author":[{"embeddable":true,"href":"https:\/\/szelkialto.hu\/index.php?rest_route=\/wp\/v2\/users\/3"}],"replies":[{"embeddable":true,"href":"https:\/\/szelkialto.hu\/index.php?rest_route=%2Fwp%2Fv2%2Fcomments&post=1782"}],"version-history":[{"count":1,"href":"https:\/\/szelkialto.hu\/index.php?rest_route=\/wp\/v2\/posts\/1782\/revisions"}],"predecessor-version":[{"id":2921,"href":"https:\/\/szelkialto.hu\/index.php?rest_route=\/wp\/v2\/posts\/1782\/revisions\/2921"}],"wp:attachment":[{"href":"https:\/\/szelkialto.hu\/index.php?rest_route=%2Fwp%2Fv2%2Fmedia&parent=1782"}],"wp:term":[{"taxonomy":"category","embeddable":true,"href":"https:\/\/szelkialto.hu\/index.php?rest_route=%2Fwp%2Fv2%2Fcategories&post=1782"},{"taxonomy":"post_tag","embeddable":true,"href":"https:\/\/szelkialto.hu\/index.php?rest_route=%2Fwp%2Fv2%2Ftags&post=1782"}],"curies":[{"name":"wp","href":"https:\/\/api.w.org\/{rel}","templated":true}]}}