{"id":1833,"date":"2011-08-23T14:45:56","date_gmt":"2011-08-23T12:45:56","guid":{"rendered":"https:\/\/szelkialto.hu\/?p=1833"},"modified":"2023-08-08T15:09:15","modified_gmt":"2023-08-08T13:09:15","slug":"a-szelkialto-lengyeltotiban","status":"publish","type":"post","link":"https:\/\/szelkialto.hu\/?p=1833","title":{"rendered":"A Sz\u00e9lki\u00e1lt\u00f3 Lengyelt\u00f3tiban"},"content":{"rendered":"<p><a title=\"Lengyelt\u00f3ti honlapja\" href=\"http:\/\/www.lengyeltoti.hu\" target=\"_blank\" rel=\"noopener\"><img loading=\"lazy\" decoding=\"async\" class=\"aligncenter\" src=\"https:\/\/szelkialto.hu\/wp-content\/uploads\/toti_diofesztival-2011.jpg\" alt=\"VII. T\u00f3ti Di\u00f3fesztiv\u00e1l\" width=\"450\" height=\"149\" \/><\/a><\/p>\n<p><strong>A Sz\u00e9lki\u00e1lt\u00f3 koncertje <\/strong><strong>gyerekeknek <\/strong>2011. szeptember 10-\u00e9n 18:00 \u00f3rakor lesz.<\/p>\n<p>A napi programok k\u00f6z\u00f6tt szerepel di\u00f3termeszt\u00e9si tan\u00e1csad\u00e1s, di\u00f3s telep\u00fcl\u00e9sek bemutatkoz\u00e1sa, v\u00e1r\u00e9p\u00edt\u00e9s szilv\u00e1s gomb\u00f3cb\u00f3l, kocsik\u00e1z\u00e1s a di\u00f3sba, cs\u0151szkunyh\u00f3 \u00e9s mad\u00e1rijeszt\u0151 \u00e9p\u00edt\u0151 verseny.<\/p>\n<p>Fell\u00e9pnek:<\/p>\n<p style=\"padding-left: 30px;\">&#8211; az \u00d6rd\u00f6ng\u00f6s N\u00e9pt\u00e1ncegy\u00fcttes<br \/>\n&#8211; a Lengyelt\u00f3ti Brass Band<br \/>\n&#8211; a Sz\u00e9lki\u00e1lt\u00f3 egy\u00fcttes<\/p>\n<p>Tov\u00e1bbi inform\u00e1ci\u00f3k a fesztiv\u00e1lr\u00f3l \u00e9s Lengyelt\u00f3tir\u00f3l <a title=\"Lengyelt\u00f3ti honlapja\" href=\"http:\/\/www.lengyeltoti.hu\"><strong>itt<\/strong><\/a> tal\u00e1lhat\u00f3k.<\/p>\n","protected":false},"excerpt":{"rendered":"<p>A Sz\u00e9lki\u00e1lt\u00f3 koncertje gyerekeknek 2011. szeptember 10-\u00e9n 18:00 \u00f3rakor lesz. A napi programok k\u00f6z\u00f6tt szerepel di\u00f3termeszt\u00e9si tan\u00e1csad\u00e1s, di\u00f3s telep\u00fcl\u00e9sek bemutatkoz\u00e1sa, v\u00e1r\u00e9p\u00edt\u00e9s szilv\u00e1s gomb\u00f3cb\u00f3l, kocsik\u00e1z\u00e1s a di\u00f3sba, cs\u0151szkunyh\u00f3 \u00e9s mad\u00e1rijeszt\u0151 \u00e9p\u00edt\u0151 verseny. Fell\u00e9pnek: &#8211; az \u00d6rd\u00f6ng\u00f6s N\u00e9pt\u00e1ncegy\u00fcttes &#8211; a Lengyelt\u00f3ti Brass&#46;&#46;&#46;<\/p>\n","protected":false},"author":3,"featured_media":5362,"comment_status":"open","ping_status":"closed","sticky":false,"template":"","format":"standard","meta":{"footnotes":"","_links_to":"","_links_to_target":""},"categories":[53,54,12,7],"tags":[73,74,72],"class_list":["post-1833","post","type-post","status-publish","format-standard","has-post-thumbnail","hentry","category-enekelt-vers","category-fesztival","category-irodalom-2","category-zenekar","tag-diofesztival","tag-gyermekkoncert","tag-lengyeltoti"],"rttpg_featured_image_url":{"full":["https:\/\/szelkialto.hu\/wp-content\/uploads\/lengyeltoti_diofesztival.png",633,301,false],"landscape":["https:\/\/szelkialto.hu\/wp-content\/uploads\/lengyeltoti_diofesztival.png",633,301,false],"portraits":["https:\/\/szelkialto.hu\/wp-content\/uploads\/lengyeltoti_diofesztival.png",633,301,false],"thumbnail":["https:\/\/szelkialto.hu\/wp-content\/uploads\/lengyeltoti_diofesztival-150x150.png",150,150,true],"medium":["https:\/\/szelkialto.hu\/wp-content\/uploads\/lengyeltoti_diofesztival-300x143.png",300,143,true],"large":["https:\/\/szelkialto.hu\/wp-content\/uploads\/lengyeltoti_diofesztival.png",633,301,false],"1536x1536":["https:\/\/szelkialto.hu\/wp-content\/uploads\/lengyeltoti_diofesztival.png",633,301,false],"2048x2048":["https:\/\/szelkialto.hu\/wp-content\/uploads\/lengyeltoti_diofesztival.png",633,301,false],"thumb-small":["https:\/\/szelkialto.hu\/wp-content\/uploads\/lengyeltoti_diofesztival-80x80.png",80,80,true],"thumb-standard":["https:\/\/szelkialto.hu\/wp-content\/uploads\/lengyeltoti_diofesztival-320x301.png",320,301,true],"thumb-medium":["https:\/\/szelkialto.hu\/wp-content\/uploads\/lengyeltoti_diofesztival-520x245.png",520,245,true],"thumb-large":["https:\/\/szelkialto.hu\/wp-content\/uploads\/lengyeltoti_diofesztival.png",633,301,false],"thumb-xlarge":["https:\/\/szelkialto.hu\/wp-content\/uploads\/lengyeltoti_diofesztival.png",633,301,false],"thumb-xxlarge":["https:\/\/szelkialto.hu\/wp-content\/uploads\/lengyeltoti_diofesztival.png",633,301,false]},"rttpg_author":{"display_name":"Fenyvesi B\u00e9la","author_link":"https:\/\/szelkialto.hu\/?author=3"},"rttpg_comment":0,"rttpg_category":"<a href=\"https:\/\/szelkialto.hu\/?cat=53\" rel=\"category\">\u00e9nekelt vers<\/a> <a href=\"https:\/\/szelkialto.hu\/?cat=54\" rel=\"category\">fesztiv\u00e1l<\/a> <a href=\"https:\/\/szelkialto.hu\/?cat=12\" rel=\"category\">irodalom<\/a> <a href=\"https:\/\/szelkialto.hu\/?cat=7\" rel=\"category\">zenekar<\/a>","rttpg_excerpt":"A Sz\u00e9lki\u00e1lt\u00f3 koncertje gyerekeknek 2011. szeptember 10-\u00e9n 18:00 \u00f3rakor lesz. A napi programok k\u00f6z\u00f6tt szerepel di\u00f3termeszt\u00e9si tan\u00e1csad\u00e1s, di\u00f3s telep\u00fcl\u00e9sek bemutatkoz\u00e1sa, v\u00e1r\u00e9p\u00edt\u00e9s szilv\u00e1s gomb\u00f3cb\u00f3l, kocsik\u00e1z\u00e1s a di\u00f3sba, cs\u0151szkunyh\u00f3 \u00e9s mad\u00e1rijeszt\u0151 \u00e9p\u00edt\u0151 verseny. Fell\u00e9pnek: &#8211; az \u00d6rd\u00f6ng\u00f6s N\u00e9pt\u00e1ncegy\u00fcttes &#8211; a Lengyelt\u00f3ti Brass&#46;&#46;&#46;","_links":{"self":[{"href":"https:\/\/szelkialto.hu\/index.php?rest_route=\/wp\/v2\/posts\/1833","targetHints":{"allow":["GET"]}}],"collection":[{"href":"https:\/\/szelkialto.hu\/index.php?rest_route=\/wp\/v2\/posts"}],"about":[{"href":"https:\/\/szelkialto.hu\/index.php?rest_route=\/wp\/v2\/types\/post"}],"author":[{"embeddable":true,"href":"https:\/\/szelkialto.hu\/index.php?rest_route=\/wp\/v2\/users\/3"}],"replies":[{"embeddable":true,"href":"https:\/\/szelkialto.hu\/index.php?rest_route=%2Fwp%2Fv2%2Fcomments&post=1833"}],"version-history":[{"count":2,"href":"https:\/\/szelkialto.hu\/index.php?rest_route=\/wp\/v2\/posts\/1833\/revisions"}],"predecessor-version":[{"id":5363,"href":"https:\/\/szelkialto.hu\/index.php?rest_route=\/wp\/v2\/posts\/1833\/revisions\/5363"}],"wp:featuredmedia":[{"embeddable":true,"href":"https:\/\/szelkialto.hu\/index.php?rest_route=\/wp\/v2\/media\/5362"}],"wp:attachment":[{"href":"https:\/\/szelkialto.hu\/index.php?rest_route=%2Fwp%2Fv2%2Fmedia&parent=1833"}],"wp:term":[{"taxonomy":"category","embeddable":true,"href":"https:\/\/szelkialto.hu\/index.php?rest_route=%2Fwp%2Fv2%2Fcategories&post=1833"},{"taxonomy":"post_tag","embeddable":true,"href":"https:\/\/szelkialto.hu\/index.php?rest_route=%2Fwp%2Fv2%2Ftags&post=1833"}],"curies":[{"name":"wp","href":"https:\/\/api.w.org\/{rel}","templated":true}]}}