{"id":1891,"date":"2011-10-23T18:07:52","date_gmt":"2011-10-23T16:07:52","guid":{"rendered":"https:\/\/szelkialto.hu\/?p=1891"},"modified":"2014-11-10T05:57:13","modified_gmt":"2014-11-10T04:57:13","slug":"szelkialto-koncert-a-vii-harkanyi-szabadegyetemen","status":"publish","type":"post","link":"https:\/\/szelkialto.hu\/?p=1891","title":{"rendered":"VII. Hark\u00e1nyi Szabadegyetem"},"content":{"rendered":"<p><span style=\"font-size: small;\">2011. november 10., cs\u00fct\u00f6rt\u00f6k 18:30 Hark\u00e1ny<\/span><br \/><span style=\"font-size: small;\"><strong><span style=\"font-size: medium;\">Hotel Korona<\/span><br \/><span style=\"font-size: large;\">M\u00e1rai \u2013 Sz\u00e9lki\u00e1lt\u00f3<\/span><\/strong><\/span><\/p>\n<p><span style=\"font-size: small;\">El\u0151tte 17:00 \u00f3r\u00e1t\u00f3l <strong>dr. Szigethi G\u00e1bor<\/strong> irodalomt\u00f6rt\u00e9n\u00e9sz besz\u00e9l M\u00e1rai S\u00e1ndorr\u00f3l.<\/span><\/p>\n<p><span style=\"font-size: small;\">A szabadegyetem r\u00e9szletes programja <a title=\"A VII. Hark\u00e1nyi Szabadegyetem r\u00e9szletes programja\" href=\"http:\/\/www.harkany.hu\/new-site\/rendezvenyek.php?nyid=1#ide419\" target=\"_blank\"><strong>itt<\/strong><\/a> \u00e9rhet\u0151 el.<\/span><\/p>\n<p><img loading=\"lazy\" decoding=\"async\" class=\"aligncenter\" src=\"https:\/\/szelkialto.hu\/wp-content\/uploads\/hotel_korona_harkany.jpg\" alt=\"Hotel Korona - Hark\u00e1ny\" width=\"450\" height=\"314\" \/><\/p>\n<p>&nbsp;<\/p>\n","protected":false},"excerpt":{"rendered":"<p>2011. november 10., cs\u00fct\u00f6rt\u00f6k 18:30 Hark\u00e1nyHotel KoronaM\u00e1rai \u2013 Sz\u00e9lki\u00e1lt\u00f3 El\u0151tte 17:00 \u00f3r\u00e1t\u00f3l dr. Szigethi G\u00e1bor irodalomt\u00f6rt\u00e9n\u00e9sz besz\u00e9l M\u00e1rai S\u00e1ndorr\u00f3l. A szabadegyetem r\u00e9szletes programja itt \u00e9rhet\u0151 el. &nbsp;<\/p>\n","protected":false},"author":3,"featured_media":0,"comment_status":"open","ping_status":"closed","sticky":false,"template":"","format":"standard","meta":{"footnotes":"","_links_to":"","_links_to_target":""},"categories":[53,12,4],"tags":[77,30,78],"class_list":["post-1891","post","type-post","status-publish","format-standard","hentry","category-enekelt-vers","category-irodalom-2","category-koncertek","tag-harkany","tag-marai-sandor","tag-szabadegyetem"],"rttpg_featured_image_url":null,"rttpg_author":{"display_name":"Fenyvesi B\u00e9la","author_link":"https:\/\/szelkialto.hu\/?author=3"},"rttpg_comment":0,"rttpg_category":"<a href=\"https:\/\/szelkialto.hu\/?cat=53\" rel=\"category\">\u00e9nekelt vers<\/a> <a href=\"https:\/\/szelkialto.hu\/?cat=12\" rel=\"category\">irodalom<\/a> <a href=\"https:\/\/szelkialto.hu\/?cat=4\" rel=\"category\">koncertek<\/a>","rttpg_excerpt":"2011. november 10., cs\u00fct\u00f6rt\u00f6k 18:30 Hark\u00e1nyHotel KoronaM\u00e1rai \u2013 Sz\u00e9lki\u00e1lt\u00f3 El\u0151tte 17:00 \u00f3r\u00e1t\u00f3l dr. Szigethi G\u00e1bor irodalomt\u00f6rt\u00e9n\u00e9sz besz\u00e9l M\u00e1rai S\u00e1ndorr\u00f3l. A szabadegyetem r\u00e9szletes programja itt \u00e9rhet\u0151 el. &nbsp;","_links":{"self":[{"href":"https:\/\/szelkialto.hu\/index.php?rest_route=\/wp\/v2\/posts\/1891","targetHints":{"allow":["GET"]}}],"collection":[{"href":"https:\/\/szelkialto.hu\/index.php?rest_route=\/wp\/v2\/posts"}],"about":[{"href":"https:\/\/szelkialto.hu\/index.php?rest_route=\/wp\/v2\/types\/post"}],"author":[{"embeddable":true,"href":"https:\/\/szelkialto.hu\/index.php?rest_route=\/wp\/v2\/users\/3"}],"replies":[{"embeddable":true,"href":"https:\/\/szelkialto.hu\/index.php?rest_route=%2Fwp%2Fv2%2Fcomments&post=1891"}],"version-history":[{"count":1,"href":"https:\/\/szelkialto.hu\/index.php?rest_route=\/wp\/v2\/posts\/1891\/revisions"}],"predecessor-version":[{"id":2969,"href":"https:\/\/szelkialto.hu\/index.php?rest_route=\/wp\/v2\/posts\/1891\/revisions\/2969"}],"wp:attachment":[{"href":"https:\/\/szelkialto.hu\/index.php?rest_route=%2Fwp%2Fv2%2Fmedia&parent=1891"}],"wp:term":[{"taxonomy":"category","embeddable":true,"href":"https:\/\/szelkialto.hu\/index.php?rest_route=%2Fwp%2Fv2%2Fcategories&post=1891"},{"taxonomy":"post_tag","embeddable":true,"href":"https:\/\/szelkialto.hu\/index.php?rest_route=%2Fwp%2Fv2%2Ftags&post=1891"}],"curies":[{"name":"wp","href":"https:\/\/api.w.org\/{rel}","templated":true}]}}