{"id":1921,"date":"2011-10-24T12:05:52","date_gmt":"2011-10-24T10:05:52","guid":{"rendered":"https:\/\/szelkialto.hu\/?p=1921"},"modified":"2014-11-10T05:58:45","modified_gmt":"2014-11-10T04:58:45","slug":"szelkialto-koncert-a-kodaly-kozpontban","status":"publish","type":"post","link":"https:\/\/szelkialto.hu\/?p=1921","title":{"rendered":"Sz\u00e9lki\u00e1lt\u00f3 koncert a Kod\u00e1ly K\u00f6zpontban"},"content":{"rendered":"<p><img loading=\"lazy\" decoding=\"async\" style=\"float: right;\" src=\"https:\/\/szelkialto.hu\/wp-content\/uploads\/szelkialto.jpg\" alt=\"Sz\u00e9lki\u00e1lt\u00f3\" width=\"250\" height=\"164\" \/>2011. december 4. 19:00 Kod\u00e1ly K\u00f6zpont<br \/><strong><span style=\"font-size: large;\">Hol vagyok?<\/span><\/strong><br \/><strong><span style=\"font-size: large;\">A Sz\u00e9lki\u00e1lt\u00f3 egy\u00fcttes koncertje<\/span><\/strong><br \/><strong><span style=\"font-size: medium;\">Vend\u00e9g: Gerend\u00e1s P\u00e9ter (Liszt-d\u00edjas)<\/span><\/strong><\/p>\n<p>R\u00e9gi v\u00e1gyunk teljes\u00fcl most, hiszen most el\u0151sz\u00f6r l\u00e9phet\u00fcnk fel a <a title=\"Kod\u00e1ly K\u00f6zpont - P\u00e9cs\" href=\"http:\/\/www.kodalykozpont.hu\/\" target=\"_blank\"><strong>Kod\u00e1ly K\u00f6zpont<\/strong> <\/a>sz\u00ednpad\u00e1n.<\/p>\n<p>Sok m\u00e1s k\u00f6ltem\u00e9ny t\u00e1rsas\u00e1g\u00e1ban a m\u0171sor c\u00edmad\u00f3 vers\u00e9n k\u00edv\u00fcl t\u00f6bb dal is elhangzik az egy\u00fcttes leg\u00fajabb, a <a title=\"A Hangz\u00f3 Helikon sorozat\" href=\"http:\/\/www.helikon.hu\/termekek\/hangzo-helikon\/32\/\" target=\"_blank\"><strong>Hangz\u00f3 Helikon<\/strong><\/a> sorozatban megjelent <a title=\"Sz\u00e9lki\u00e1lt\u00f3 - M\u00e1rai\" href=\"http:\/\/www.helikon.hu\/termek\/hangzo-helikon\/Marai-Sandor\/1640\/\" target=\"_blank\"><strong>M\u00e1rai lemez\u00e9r\u0151l<\/strong><\/a>.<\/p>\n<p>A Sz\u00e9lki\u00e1lt\u00f3 egy\u00fcttes tagjai:<\/p>\n<p style=\"padding-left: 30px;\"><strong>Lakner Tam\u00e1s<\/strong> (Liszt d\u00edjas) \u2013 heged\u0171, git\u00e1r, \u00e9nek<br \/><strong>Fenyvesi B\u00e9la<\/strong> \u2013 tamburica, git\u00e1r, blockfl\u00f6te, \u00e9nek<br \/><strong>Kereszt\u00e9ny B\u00e9la<\/strong> \u2013 \u00fct\u0151hangszerek, git\u00e1r, \u00e9nek<br \/><strong>Rozs Tam\u00e1s<\/strong> \u2013 csell\u00f3, git\u00e1r, \u00e9nek<\/p>\n<p><img loading=\"lazy\" decoding=\"async\" style=\"float: right;\" src=\"https:\/\/szelkialto.hu\/wp-content\/uploads\/gerendas_peter.jpg\" alt=\"Gerend\u00e1s P\u00e9ter\" width=\"166\" height=\"250\" \/>Az \u00e9nekelt versek mellett ez\u00fattal a Liszt-d\u00edjas<strong> <a title=\"Gerend\u00e1s P\u00e9ter honlapja\" href=\"http:\/\/www.gerendaspeter.hu\" target=\"_blank\">Gerend\u00e1s P\u00e9ter<\/a><\/strong> saj\u00e1tosan k\u00f6lt\u0151i zenei vil\u00e1g\u00e1ba tekinthet be a k\u00f6z\u00f6ns\u00e9g.<\/p>\n<p><strong>Bel\u00e9p\u0151jegy:<\/strong><\/p>\n<p style=\"padding-left: 30px;\">I. hely: 2.500 Ft <br \/>II. hely: 2.000 Ft<\/p>\n<p>Jegyek el\u0151v\u00e9telben v\u00e1lthat\u00f3k a <a title=\"Jegymester\" href=\"http:\/\/http:\/\/www.jegymester.hu\/hun\/Event\/38000491\/A-Szelkialto-egyuttes-koncertje---Hol-vagyok?\" target=\"_blank\"><strong>Jegymester<\/strong><\/a> web\u00e1ruh\u00e1z\u00e1ban, a <a title=\"A P\u00e9csi Kultur\u00e1lis K\u00f6zpont honlapja\" href=\"http:\/\/www.pecsikult.hu\" target=\"_blank\"><strong>P\u00e9csi Kultur\u00e1lis K\u00f6zpont Inform\u00e1ci\u00f3s Irod\u00e1j\u00e1n<\/strong><\/a> (P\u00e9cs, Sz\u00e9chenyi t\u00e9r 1.), valamint az ismert jegyirod\u00e1kban.<\/p>\n<p>Rendez\u0151<br \/>P\u00e9csi Kultur\u00e1lis K\u00f6zpont<\/p>\n<p>\u00a0<img loading=\"lazy\" decoding=\"async\" class=\"aligncenter\" src=\"https:\/\/szelkialto.hu\/wp-content\/uploads\/kodaly_kozpont3.jpg\" alt=\"A Kod\u00e1ly K\u00f6zpont\" width=\"450\" height=\"338\" \/><\/p>\n<p><img loading=\"lazy\" decoding=\"async\" class=\"aligncenter\" src=\"https:\/\/szelkialto.hu\/wp-content\/uploads\/kodaly_kozpont2.jpg\" alt=\"A Kod\u00e1ly K\u00f6zpont\" width=\"450\" height=\"299\" \/><\/p>\n<p>&nbsp;<\/p>\n","protected":false},"excerpt":{"rendered":"<p>2011. december 4. 19:00 Kod\u00e1ly K\u00f6zpontHol vagyok?A Sz\u00e9lki\u00e1lt\u00f3 egy\u00fcttes koncertjeVend\u00e9g: Gerend\u00e1s P\u00e9ter (Liszt-d\u00edjas) R\u00e9gi v\u00e1gyunk teljes\u00fcl most, hiszen most el\u0151sz\u00f6r l\u00e9phet\u00fcnk fel a Kod\u00e1ly K\u00f6zpont sz\u00ednpad\u00e1n. Sok m\u00e1s k\u00f6ltem\u00e9ny t\u00e1rsas\u00e1g\u00e1ban a m\u0171sor c\u00edmad\u00f3 vers\u00e9n k\u00edv\u00fcl t\u00f6bb dal is elhangzik az&#46;&#46;&#46;<\/p>\n","protected":false},"author":3,"featured_media":0,"comment_status":"open","ping_status":"closed","sticky":false,"template":"","format":"standard","meta":{"footnotes":"","_links_to":"","_links_to_target":""},"categories":[53,12,4],"tags":[81,49,82,30],"class_list":["post-1921","post","type-post","status-publish","format-standard","hentry","category-enekelt-vers","category-irodalom-2","category-koncertek","tag-gerendas-peter","tag-hangzo-helikon","tag-kodaly-kozpont","tag-marai-sandor"],"rttpg_featured_image_url":null,"rttpg_author":{"display_name":"Fenyvesi B\u00e9la","author_link":"https:\/\/szelkialto.hu\/?author=3"},"rttpg_comment":2,"rttpg_category":"<a href=\"https:\/\/szelkialto.hu\/?cat=53\" rel=\"category\">\u00e9nekelt vers<\/a> <a href=\"https:\/\/szelkialto.hu\/?cat=12\" rel=\"category\">irodalom<\/a> <a href=\"https:\/\/szelkialto.hu\/?cat=4\" rel=\"category\">koncertek<\/a>","rttpg_excerpt":"2011. december 4. 19:00 Kod\u00e1ly K\u00f6zpontHol vagyok?A Sz\u00e9lki\u00e1lt\u00f3 egy\u00fcttes koncertjeVend\u00e9g: Gerend\u00e1s P\u00e9ter (Liszt-d\u00edjas) R\u00e9gi v\u00e1gyunk teljes\u00fcl most, hiszen most el\u0151sz\u00f6r l\u00e9phet\u00fcnk fel a Kod\u00e1ly K\u00f6zpont sz\u00ednpad\u00e1n. Sok m\u00e1s k\u00f6ltem\u00e9ny t\u00e1rsas\u00e1g\u00e1ban a m\u0171sor c\u00edmad\u00f3 vers\u00e9n k\u00edv\u00fcl t\u00f6bb dal is elhangzik az&#46;&#46;&#46;","_links":{"self":[{"href":"https:\/\/szelkialto.hu\/index.php?rest_route=\/wp\/v2\/posts\/1921","targetHints":{"allow":["GET"]}}],"collection":[{"href":"https:\/\/szelkialto.hu\/index.php?rest_route=\/wp\/v2\/posts"}],"about":[{"href":"https:\/\/szelkialto.hu\/index.php?rest_route=\/wp\/v2\/types\/post"}],"author":[{"embeddable":true,"href":"https:\/\/szelkialto.hu\/index.php?rest_route=\/wp\/v2\/users\/3"}],"replies":[{"embeddable":true,"href":"https:\/\/szelkialto.hu\/index.php?rest_route=%2Fwp%2Fv2%2Fcomments&post=1921"}],"version-history":[{"count":1,"href":"https:\/\/szelkialto.hu\/index.php?rest_route=\/wp\/v2\/posts\/1921\/revisions"}],"predecessor-version":[{"id":2971,"href":"https:\/\/szelkialto.hu\/index.php?rest_route=\/wp\/v2\/posts\/1921\/revisions\/2971"}],"wp:attachment":[{"href":"https:\/\/szelkialto.hu\/index.php?rest_route=%2Fwp%2Fv2%2Fmedia&parent=1921"}],"wp:term":[{"taxonomy":"category","embeddable":true,"href":"https:\/\/szelkialto.hu\/index.php?rest_route=%2Fwp%2Fv2%2Fcategories&post=1921"},{"taxonomy":"post_tag","embeddable":true,"href":"https:\/\/szelkialto.hu\/index.php?rest_route=%2Fwp%2Fv2%2Ftags&post=1921"}],"curies":[{"name":"wp","href":"https:\/\/api.w.org\/{rel}","templated":true}]}}