{"id":1998,"date":"2011-12-21T07:31:52","date_gmt":"2011-12-21T06:31:52","guid":{"rendered":"https:\/\/szelkialto.hu\/?p=1998"},"modified":"2014-08-09T05:51:24","modified_gmt":"2014-08-09T03:51:24","slug":"kis-karacsonyi-koncert-a-pecsi-arkadban","status":"publish","type":"post","link":"https:\/\/szelkialto.hu\/?p=1998","title":{"rendered":"Kis kar\u00e1csonyi koncert a p\u00e9csi \u00c1rk\u00e1dban"},"content":{"rendered":"<p>M\u00e1r-m\u00e1r hagyom\u00e1nyosnak mondhat\u00f3, hogy nem sokkal kar\u00e1csony el\u0151tt &#8211; sok m\u00e1s program t\u00e1rsas\u00e1g\u00e1ban &#8211; <strong>Sz\u00e9lki\u00e1lt\u00f3 koncert<\/strong> van az <strong>\u00c1rk\u00e1dban<\/strong>. Id\u00e9n is \u00edgy lesz ez <strong>december 21-\u00e9n 16:00 \u00f3rakor<\/strong>. Mindenkit szeretettel v\u00e1runk!<\/p>\n<p>\u00a0<img loading=\"lazy\" decoding=\"async\" class=\"aligncenter\" src=\"https:\/\/szelkialto.hu\/wp-content\/uploads\/arkad.jpg\" alt=\"\u00c1rk\u00e1d - P\u00e9cs\" width=\"450\" height=\"370\" \/><\/p>\n<p>A r\u00e9szletes program <a href=\"http:\/\/www.arkadpecs.hu\/oldalak\/karacsonyiszinpad\" target=\"_blank\"><strong>itt<\/strong><\/a> olvashat\u00f3.<\/p>\n<p>&nbsp;<\/p>\n","protected":false},"excerpt":{"rendered":"<p>M\u00e1r-m\u00e1r hagyom\u00e1nyosnak mondhat\u00f3, hogy nem sokkal kar\u00e1csony el\u0151tt &#8211; sok m\u00e1s program t\u00e1rsas\u00e1g\u00e1ban &#8211; Sz\u00e9lki\u00e1lt\u00f3 koncert van az \u00c1rk\u00e1dban. Id\u00e9n is \u00edgy lesz ez december 21-\u00e9n 16:00 \u00f3rakor. Mindenkit szeretettel v\u00e1runk! \u00a0 A r\u00e9szletes program itt olvashat\u00f3. &nbsp;<\/p>\n","protected":false},"author":3,"featured_media":0,"comment_status":"open","ping_status":"closed","sticky":false,"template":"","format":"standard","meta":{"footnotes":"","_links_to":"","_links_to_target":""},"categories":[53,4],"tags":[86,87],"class_list":["post-1998","post","type-post","status-publish","format-standard","hentry","category-enekelt-vers","category-koncertek","tag-arkad","tag-karacsonyi-koncert"],"rttpg_featured_image_url":null,"rttpg_author":{"display_name":"Fenyvesi B\u00e9la","author_link":"https:\/\/szelkialto.hu\/?author=3"},"rttpg_comment":0,"rttpg_category":"<a href=\"https:\/\/szelkialto.hu\/?cat=53\" rel=\"category\">\u00e9nekelt vers<\/a> <a href=\"https:\/\/szelkialto.hu\/?cat=4\" rel=\"category\">koncertek<\/a>","rttpg_excerpt":"M\u00e1r-m\u00e1r hagyom\u00e1nyosnak mondhat\u00f3, hogy nem sokkal kar\u00e1csony el\u0151tt &#8211; sok m\u00e1s program t\u00e1rsas\u00e1g\u00e1ban &#8211; Sz\u00e9lki\u00e1lt\u00f3 koncert van az \u00c1rk\u00e1dban. Id\u00e9n is \u00edgy lesz ez december 21-\u00e9n 16:00 \u00f3rakor. Mindenkit szeretettel v\u00e1runk! \u00a0 A r\u00e9szletes program itt olvashat\u00f3. &nbsp;","_links":{"self":[{"href":"https:\/\/szelkialto.hu\/index.php?rest_route=\/wp\/v2\/posts\/1998","targetHints":{"allow":["GET"]}}],"collection":[{"href":"https:\/\/szelkialto.hu\/index.php?rest_route=\/wp\/v2\/posts"}],"about":[{"href":"https:\/\/szelkialto.hu\/index.php?rest_route=\/wp\/v2\/types\/post"}],"author":[{"embeddable":true,"href":"https:\/\/szelkialto.hu\/index.php?rest_route=\/wp\/v2\/users\/3"}],"replies":[{"embeddable":true,"href":"https:\/\/szelkialto.hu\/index.php?rest_route=%2Fwp%2Fv2%2Fcomments&post=1998"}],"version-history":[{"count":1,"href":"https:\/\/szelkialto.hu\/index.php?rest_route=\/wp\/v2\/posts\/1998\/revisions"}],"predecessor-version":[{"id":2916,"href":"https:\/\/szelkialto.hu\/index.php?rest_route=\/wp\/v2\/posts\/1998\/revisions\/2916"}],"wp:attachment":[{"href":"https:\/\/szelkialto.hu\/index.php?rest_route=%2Fwp%2Fv2%2Fmedia&parent=1998"}],"wp:term":[{"taxonomy":"category","embeddable":true,"href":"https:\/\/szelkialto.hu\/index.php?rest_route=%2Fwp%2Fv2%2Fcategories&post=1998"},{"taxonomy":"post_tag","embeddable":true,"href":"https:\/\/szelkialto.hu\/index.php?rest_route=%2Fwp%2Fv2%2Ftags&post=1998"}],"curies":[{"name":"wp","href":"https:\/\/api.w.org\/{rel}","templated":true}]}}