{"id":2024,"date":"2011-12-31T16:41:03","date_gmt":"2011-12-31T15:41:03","guid":{"rendered":"https:\/\/szelkialto.hu\/?p=2024"},"modified":"2014-06-04T08:41:05","modified_gmt":"2014-06-04T06:41:05","slug":"2024","status":"publish","type":"post","link":"https:\/\/szelkialto.hu\/?p=2024","title":{"rendered":"Boldog \u00faj \u00e9vet mindenkinek!"},"content":{"rendered":"<p style=\"text-align: center;\"><a title=\"Arany J\u00e1nos\" href=\"http:\/\/www.literatura.hu\/irok\/romantik\/arany.htm\" target=\"_blank\"><img loading=\"lazy\" decoding=\"async\" src=\"https:\/\/szelkialto.hu\/wp-content\/uploads\/arany_janos.jpg\" alt=\"Arany J\u00e1nos\" width=\"200\" height=\"257\" \/><\/a><\/p>\n<p style=\"text-align: center;\"><span style=\"font-size: medium;\"><strong>Arany J\u00e1nos: Alkalmi vers<\/strong><\/span><\/p>\n<table style=\"width: 400px; vertical-align: top; margin: 0 auto;\">\n<tbody>\n<tr>\n<td style=\"width: 50%; vertical-align: top;\">\n<p>Az uj \u00e9vet (\u00f3cska t\u00e1rgy!)<br \/>Kell meg\u00e9nekelnem,<br \/>H\u00e1l\u00e1lkodva, ahogy illik,<br \/>Poharat emelnem.<br \/>Mit van mit kiv\u00e1nni m\u00e9g<br \/>Ily \u00e1ldott id\u0151ben? &#8211;<br \/>Adjon Isten, ami nincs,<br \/>Ez uj esztend\u0151ben.<\/p>\n<p>Olcs\u00f3 legyen a keny\u00e9r,<br \/>A gabona \u00e1ros;<br \/>J\u00f3l fizesse a tin\u00f3t<br \/>S nyerjen a m\u00e9sz\u00e1ros,<br \/>M\u00e9rje pedig sz\u00f6sz\u00f6n-boron,<br \/>Font kij\u00e1rja b\u0151ven.<br \/>Adjon Isten, ami nincs,<br \/>Ez uj esztend\u0151ben.<\/p>\n<p>Senkinek a nyak\u00e1ra<br \/>Ne vigyenek kont\u00f3t;<br \/>Valaki csak r\u00e1teszen,<br \/>Nyerje meg a lott\u00f3t;<br \/>Annyi p\u00e9nz\u00fcnk legyen, hogy!<br \/>M\u00e9g pedig peng\u0151ben.<br \/>Adjon Isten, ami nincs,<br \/>Ez uj esztend\u0151ben.<\/p>\n<p>Szeg\u00e9ny ember malac\u00e1nak<br \/>Egy h\u00edja se ess\u00e9k;<br \/>Messze j\u00e1rjon d\u00f6g, hal\u00e1l,<br \/>Burgonya-betegs\u00e9g;<br \/>Orvos, bak\u00f3 a d\u00edj\u00e1t<br \/>Kapja hever\u0151ben.<br \/>Adjon Isten, ami nincs,<br \/>Ez uj esztend\u0151ben.<\/p>\n<p>T\u00fccski-hajcski baromnak<br \/>Sokasuljon l\u00e1ba;<br \/>Boci j\u00e1rjon mez\u0151re,<br \/>Gyermek iskol\u00e1ba;<br \/>Gyarapodj\u00e9k a magyar<br \/>Sz\u00e1mra, mint er\u0151ben.<br \/>Adjon Isten, ami nincs,<br \/>Ez uj esztend\u0151ben.<\/p>\n<p>K\u00edv\u00fcl, bel\u00fcl maradjon<br \/>B\u00e9k\u00e9ben az orsz\u00e1g;<br \/>A v\u00e1s\u00e1rra men\u0151ket<br \/>Sehol ki ne fossz\u00e1k.<br \/>B\u00e9ke legyen a h\u00e1zn\u00e1l<br \/>\u00c9s a sz\u00edvred\u0151ben.<br \/>Adjon Isten, ami nincs,<br \/>Ez uj esztend\u0151ben.<\/p>\n<\/td>\n<td style=\"width: 50%; vertical-align: top;\">\n<p>A bir\u00f3 is, mint eddig,<br \/>Tiszt\u00e9t j\u00f3l bet\u00f6ltse:<br \/>V\u00edz kedvi\u00e9rt a bab\u00e1t<br \/>Soha ki ne \u00f6ntse;<br \/>Emberis\u00e9g, igazs\u00e1g<br \/>Egyik serpeny\u0151ben.<br \/>Adjon Isten, ami nincs,<br \/>Ez uj esztend\u0151ben.<\/p>\n<p>Zenebona, babona,<br \/>Huzavona vesszen!<br \/>Visszavon\u00e1s, levon\u00e1s<br \/>Minket ne epesszen.<br \/>Legyen egys\u00e9g, t\u00fcrelem,<br \/>Hit a j\u00f6vend\u0151ben.<br \/>Adjon Isten, ami nincs,<br \/>Ez uj esztend\u0151ben.<\/p>\n<p>Nagy uraink (ha \u00e9lnek)<br \/>N\u0151jenek nagyobbra;<br \/>\u00c1ldozzanak, legyen is mit,<br \/>M\u00e9gse \u00fcss\u00e9k dobra;<br \/>Nemzetis\u00e9g\u00fcnk mellett<br \/>Buzogjanak h\u0151en.<br \/>Adjon Isten, ami nincs,<br \/>Ez uj esztend\u0151ben.<\/p>\n<p>\u00cdr\u00f3 pedig \u00edr\u00f3nak<br \/>Szem\u00e9t ki ne \u00e1ssa, &#8211;<br \/>Ne is legyen az id\u00e9n<br \/>Napfogyatkoz\u00e1sa<br \/>J\u00f3 erk\u00f6lcs-, eszme-, h\u00edrn\u00e9v-,<br \/>S el\u0151fizet\u0151ben.<br \/>Adjon Isten, ami nincs,<br \/>Ez uj esztend\u0151ben.<\/p>\n<p>Mire \u00fcssek m\u00e9g poh\u00e1rt?<br \/>Asszonyi h\u0171s\u00e9gre?<br \/>Bar\u00e1ts\u00e1g-, polg\u00e1r-er\u00e9ny-,<br \/>Vagy mi m\u00e1s egy\u00e9bre?<br \/>Hiszen ezek k\u00f6z\u00f6tt\u00fcnk<br \/>Vannak kelend\u0151ben.<br \/>Tudj` Isten, mi minden nincs<br \/>Ez uj esztend\u0151ben!<\/p>\n<\/td>\n<\/tr>\n<\/tbody>\n<\/table>\n","protected":false},"excerpt":{"rendered":"<p>Arany J\u00e1nos: Alkalmi vers Az uj \u00e9vet (\u00f3cska t\u00e1rgy!)Kell meg\u00e9nekelnem,H\u00e1l\u00e1lkodva, ahogy illik,Poharat emelnem.Mit van mit kiv\u00e1nni m\u00e9gIly \u00e1ldott id\u0151ben? &#8211;Adjon Isten, ami nincs,Ez uj esztend\u0151ben. Olcs\u00f3 legyen a keny\u00e9r,A gabona \u00e1ros;J\u00f3l fizesse a tin\u00f3tS nyerjen a m\u00e9sz\u00e1ros,M\u00e9rje pedig sz\u00f6sz\u00f6n-boron,Font kij\u00e1rja&#46;&#46;&#46;<\/p>\n","protected":false},"author":3,"featured_media":0,"comment_status":"open","ping_status":"closed","sticky":false,"template":"","format":"standard","meta":{"footnotes":"","_links_to":"","_links_to_target":""},"categories":[53,88],"tags":[93,92,90,91],"class_list":["post-2024","post","type-post","status-publish","format-standard","hentry","category-enekelt-vers","category-jokivansag","tag-alkalmi-vers","tag-arany-janos","tag-szilveszter","tag-uj-ev"],"rttpg_featured_image_url":null,"rttpg_author":{"display_name":"Fenyvesi B\u00e9la","author_link":"https:\/\/szelkialto.hu\/?author=3"},"rttpg_comment":0,"rttpg_category":"<a href=\"https:\/\/szelkialto.hu\/?cat=53\" rel=\"category\">\u00e9nekelt vers<\/a> <a href=\"https:\/\/szelkialto.hu\/?cat=88\" rel=\"category\">j\u00f3k\u00edv\u00e1ns\u00e1g<\/a>","rttpg_excerpt":"Arany J\u00e1nos: Alkalmi vers Az uj \u00e9vet (\u00f3cska t\u00e1rgy!)Kell meg\u00e9nekelnem,H\u00e1l\u00e1lkodva, ahogy illik,Poharat emelnem.Mit van mit kiv\u00e1nni m\u00e9gIly \u00e1ldott id\u0151ben? &#8211;Adjon Isten, ami nincs,Ez uj esztend\u0151ben. Olcs\u00f3 legyen a keny\u00e9r,A gabona \u00e1ros;J\u00f3l fizesse a tin\u00f3tS nyerjen a m\u00e9sz\u00e1ros,M\u00e9rje pedig sz\u00f6sz\u00f6n-boron,Font kij\u00e1rja&#46;&#46;&#46;","_links":{"self":[{"href":"https:\/\/szelkialto.hu\/index.php?rest_route=\/wp\/v2\/posts\/2024","targetHints":{"allow":["GET"]}}],"collection":[{"href":"https:\/\/szelkialto.hu\/index.php?rest_route=\/wp\/v2\/posts"}],"about":[{"href":"https:\/\/szelkialto.hu\/index.php?rest_route=\/wp\/v2\/types\/post"}],"author":[{"embeddable":true,"href":"https:\/\/szelkialto.hu\/index.php?rest_route=\/wp\/v2\/users\/3"}],"replies":[{"embeddable":true,"href":"https:\/\/szelkialto.hu\/index.php?rest_route=%2Fwp%2Fv2%2Fcomments&post=2024"}],"version-history":[{"count":1,"href":"https:\/\/szelkialto.hu\/index.php?rest_route=\/wp\/v2\/posts\/2024\/revisions"}],"predecessor-version":[{"id":2850,"href":"https:\/\/szelkialto.hu\/index.php?rest_route=\/wp\/v2\/posts\/2024\/revisions\/2850"}],"wp:attachment":[{"href":"https:\/\/szelkialto.hu\/index.php?rest_route=%2Fwp%2Fv2%2Fmedia&parent=2024"}],"wp:term":[{"taxonomy":"category","embeddable":true,"href":"https:\/\/szelkialto.hu\/index.php?rest_route=%2Fwp%2Fv2%2Fcategories&post=2024"},{"taxonomy":"post_tag","embeddable":true,"href":"https:\/\/szelkialto.hu\/index.php?rest_route=%2Fwp%2Fv2%2Ftags&post=2024"}],"curies":[{"name":"wp","href":"https:\/\/api.w.org\/{rel}","templated":true}]}}