{"id":2050,"date":"2012-03-11T07:43:45","date_gmt":"2012-03-11T06:43:45","guid":{"rendered":"https:\/\/szelkialto.hu\/?p=2050"},"modified":"2014-08-09T05:52:38","modified_gmt":"2014-08-09T03:52:38","slug":"xxii-pecsi-folknapok","status":"publish","type":"post","link":"https:\/\/szelkialto.hu\/?p=2050","title":{"rendered":"Sz\u00e9lki\u00e1lt\u00f3 koncert a XXII. P\u00e9csi Folknapokon"},"content":{"rendered":"<p><strong><span style=\"font-size: medium;\"><a title=\"P\u00e9csi Tavaszi Fesztiv\u00e1l - 2012\" href=\"http:\/\/www.pecsitavaszifesztival.hu\" target=\"_blank\"><img loading=\"lazy\" decoding=\"async\" style=\"float: right; margin-left: 10px; margin-right: 10px;\" src=\"https:\/\/szelkialto.hu\/wp-content\/uploads\/ptf-logo-2012.jpg\" alt=\"P\u00e9csi Tavaszi Fesztiv\u00e1l - 2012\" width=\"130\" height=\"130\" \/><\/a>Zsolnay Kultur\u00e1lis Negyed, \u00c978<\/span><\/strong><br \/><strong>2012. m\u00e1rcius 29-31.<\/strong><\/p>\n<p>A <strong>Sz\u00e9lki\u00e1lt\u00f3<\/strong> \u00e1ltal majd&#8217; 30 \u00e9vvel ezel\u0151tt kital\u00e1lt \u00e9s alap\u00edtott, m\u00e1ra m\u00e1r nagy hagyom\u00e1nyokkal rendelkez\u0151 h\u00e1rom napos rendezv\u00e9nysorozat \u00faj kultur\u00e1lis sz\u00ednt\u00e9r bekapcsol\u00e1s\u00e1val, a <strong>Zsolnay Kultur\u00e1lis Negyed<\/strong> <strong>\u00c978-as<\/strong> \u00e9p\u00fcletegy\u00fcttes\u00e9ben ker\u00fcl megrendez\u00e9sre a <strong>P\u00e9csi Tavaszi Fesztiv\u00e1l<\/strong> keret\u00e9ben.<\/p>\n<p><a title=\"Zsolnay Kultur\u00e1lis Negyed\" href=\"http:\/\/www.zsolnaynegyed.hu\" target=\"_blank\"><img loading=\"lazy\" decoding=\"async\" class=\"aligncenter\" src=\"https:\/\/szelkialto.hu\/wp-content\/uploads\/zsolnay_negyed.jpg\" alt=\"Zsolnay Kultur\u00e1lis Negyed\" width=\"450\" height=\"359\" \/><\/a><\/p>\n<p>A koncertekkel p\u00e1rhuzamosan az <strong>\u00c9teludvarban<\/strong>, az <strong>\u00c978<\/strong> el\u0151tt, <strong>kedvcsin\u00e1l\u00f3 p\u00e1linka<\/strong> \u00e9s <strong>t\u00fczes borok<\/strong> k\u00f3stol\u00f3ja, helyben k\u00edn\u00e1lt falusi \u201ediszn\u00f3s\u00e1gok\u201d \u00e9s minden egy\u00e9b, mi szem-sz\u00e1jnak ingere.<\/p>\n<p><strong>Program:<\/strong><\/p>\n<p><strong>2012. m\u00e1rcius 29.<\/strong><\/p>\n<p style=\"padding-left: 30px;\"><strong><\/strong>18.00 Hangol\u00f3 &#8211; a <strong>Hanga Banda<\/strong> vend\u00e9gv\u00e1r\u00e1sa<br \/>19.00 A <strong>B\u00edr\u00f3 Eszter Quintet<\/strong> koncertje<br \/>20:30 A <strong>CimbaliBand<\/strong> koncertje<br \/>22.00 T\u00e1nch\u00e1z a CimbaliBanddel \u00e9s a Hanga Band\u00e1val<br \/>A Pirogr\u00e1nit udvarban Folk kocsma Zolt\u00e1n Csab\u00e1val \u00e9s bar\u00e1taival<\/p>\n<p><strong>2012. m\u00e1rcius 30.<\/strong><\/p>\n<p style=\"padding-left: 30px;\">18.00 Hangol\u00f3 &#8211; a <strong>B\u00fcd\u00f6s Vornyik<\/strong> zenekar vend\u00e9gv\u00e1r\u00e1sa<br \/>19.00 A <strong>Calcutta Tri\u00f3<\/strong> koncertje<br \/>20:30 A <strong>Buda Folk Band<\/strong> koncertje<br \/>22.00 T\u00e1nch\u00e1z a Buda Folk Banddel \u00e9s a Vizin zenekarral<br \/>A Pirogr\u00e1nit udvarban Folk kocsma a B\u00fcd\u00f6s Vornyikkal<\/p>\n<p><strong>2012. m\u00e1rcius 31.<\/strong><\/p>\n<p style=\"padding-left: 30px;\"><span style=\"color: #ff0000;\"><strong>15.00 Sz\u00e9lki\u00e1lt\u00f3 koncert gyerekeknek<\/strong><\/span><br \/>16.30 \u201eIciri-piciri&#8221; gyermekprogramok &#8211; Gyermekj\u00e1tsz\u00f3 \u00e9s apr\u00f3k t\u00e1nch\u00e1za<br \/>18.00 Hangol\u00f3 &#8211; <strong>Hunyadi Peti \u00e9s bar\u00e1tai<\/strong> vend\u00e9gv\u00e1r\u00e1sa<br \/>19.00 A <strong>Folk Error<\/strong> koncertje<br \/>20:30 Az <strong>Orkestar Picikato Ko\u010dani Strumica<\/strong> koncertje<br \/>22.00 T\u00e1nch\u00e1z a Folk Errorral \u00e9s balk\u00e1ni roma orient\u00e1l party<br \/>A Pirogr\u00e1nit udvarban Folk kocsma Hunyadi Petivel \u00e9s bar\u00e1taival<\/p>\n<p><strong>Jegy\u00e1rak:<\/strong><\/p>\n<p style=\"padding-left: 30px;\">Napijegy: <strong>1.500 Ft<\/strong><br \/>Di\u00e1k \/ nyugd\u00edjas napijegy: <strong>900 Ft<\/strong><\/p>\n<p style=\"padding-left: 30px;\">Sz\u00e9lki\u00e1lt\u00f3 koncert: <strong>600 Ft<\/strong><\/p>\n<p style=\"padding-left: 30px;\">Gyermekj\u00e1tsz\u00f3 \u00e9s apr\u00f3k t\u00e1nch\u00e1za:<br \/>Feln\u0151tt: <strong>100 Ft<\/strong><br \/>Gyermek: <strong>200 Ft<\/strong><br \/>Csal\u00e1di: <strong>500 Ft<\/strong><\/p>\n<p style=\"padding-left: 30px;\">3 napos b\u00e9rlet: <strong>3.900 Ft<\/strong><\/p>\n<p style=\"padding-left: 30px;\">Bel\u00e9p\u0151jegyek el\u0151v\u00e9telben kaphat\u00f3k a <strong>P\u00e9csi Kultur\u00e1lis K\u00f6zpont Inform\u00e1ci\u00f3s Irod\u00e1j\u00e1ban<\/strong> (Sz\u00e9chenyi t\u00e9r 1.), a <a title=\"Jegymester\" href=\"http:\/\/www.jegymester.hu\/hun\/Festival\/38000782\/XXII-Pecsi-Folknapok\" target=\"_blank\"><strong>Jegymester<\/strong><\/a> internetes rendszer\u00e9n kereszt\u00fcl, az ismert jegyirod\u00e1kban, valamint a helysz\u00ednen.<\/p>\n<p><strong>Rendez\u0151: <a title=\"A P\u00e9csi Kultur\u00e1lis K\u00f6zpont honlapja\" href=\"http:\/\/www.pecsikult.hu\" target=\"_blank\">P\u00e9csi Kultur\u00e1lis K\u00f6zpont<\/a><\/strong><\/p>\n","protected":false},"excerpt":{"rendered":"<p>Zsolnay Kultur\u00e1lis Negyed, \u00c9782012. m\u00e1rcius 29-31. A Sz\u00e9lki\u00e1lt\u00f3 \u00e1ltal majd&#8217; 30 \u00e9vvel ezel\u0151tt kital\u00e1lt \u00e9s alap\u00edtott, m\u00e1ra m\u00e1r nagy hagyom\u00e1nyokkal rendelkez\u0151 h\u00e1rom napos rendezv\u00e9nysorozat \u00faj kultur\u00e1lis sz\u00ednt\u00e9r bekapcsol\u00e1s\u00e1val, a Zsolnay Kultur\u00e1lis Negyed \u00c978-as \u00e9p\u00fcletegy\u00fcttes\u00e9ben ker\u00fcl megrendez\u00e9sre a P\u00e9csi Tavaszi Fesztiv\u00e1l&#46;&#46;&#46;<\/p>\n","protected":false},"author":3,"featured_media":0,"comment_status":"open","ping_status":"closed","sticky":false,"template":"","format":"standard","meta":{"footnotes":"","_links_to":"","_links_to_target":""},"categories":[54,4,51,7],"tags":[96,142,94,95],"class_list":["post-2050","post","type-post","status-publish","format-standard","hentry","category-fesztival","category-koncertek","category-zene-2","category-zenekar","tag-e78","tag-enekelt-vers","tag-pecsi-folknapok","tag-zsolnay-negyed"],"rttpg_featured_image_url":null,"rttpg_author":{"display_name":"Fenyvesi B\u00e9la","author_link":"https:\/\/szelkialto.hu\/?author=3"},"rttpg_comment":0,"rttpg_category":"<a href=\"https:\/\/szelkialto.hu\/?cat=54\" rel=\"category\">fesztiv\u00e1l<\/a> <a href=\"https:\/\/szelkialto.hu\/?cat=4\" rel=\"category\">koncertek<\/a> <a href=\"https:\/\/szelkialto.hu\/?cat=51\" rel=\"category\">zene<\/a> <a href=\"https:\/\/szelkialto.hu\/?cat=7\" rel=\"category\">zenekar<\/a>","rttpg_excerpt":"Zsolnay Kultur\u00e1lis Negyed, \u00c9782012. m\u00e1rcius 29-31. A Sz\u00e9lki\u00e1lt\u00f3 \u00e1ltal majd&#8217; 30 \u00e9vvel ezel\u0151tt kital\u00e1lt \u00e9s alap\u00edtott, m\u00e1ra m\u00e1r nagy hagyom\u00e1nyokkal rendelkez\u0151 h\u00e1rom napos rendezv\u00e9nysorozat \u00faj kultur\u00e1lis sz\u00ednt\u00e9r bekapcsol\u00e1s\u00e1val, a Zsolnay Kultur\u00e1lis Negyed \u00c978-as \u00e9p\u00fcletegy\u00fcttes\u00e9ben ker\u00fcl megrendez\u00e9sre a P\u00e9csi Tavaszi Fesztiv\u00e1l&#46;&#46;&#46;","_links":{"self":[{"href":"https:\/\/szelkialto.hu\/index.php?rest_route=\/wp\/v2\/posts\/2050","targetHints":{"allow":["GET"]}}],"collection":[{"href":"https:\/\/szelkialto.hu\/index.php?rest_route=\/wp\/v2\/posts"}],"about":[{"href":"https:\/\/szelkialto.hu\/index.php?rest_route=\/wp\/v2\/types\/post"}],"author":[{"embeddable":true,"href":"https:\/\/szelkialto.hu\/index.php?rest_route=\/wp\/v2\/users\/3"}],"replies":[{"embeddable":true,"href":"https:\/\/szelkialto.hu\/index.php?rest_route=%2Fwp%2Fv2%2Fcomments&post=2050"}],"version-history":[{"count":1,"href":"https:\/\/szelkialto.hu\/index.php?rest_route=\/wp\/v2\/posts\/2050\/revisions"}],"predecessor-version":[{"id":2915,"href":"https:\/\/szelkialto.hu\/index.php?rest_route=\/wp\/v2\/posts\/2050\/revisions\/2915"}],"wp:attachment":[{"href":"https:\/\/szelkialto.hu\/index.php?rest_route=%2Fwp%2Fv2%2Fmedia&parent=2050"}],"wp:term":[{"taxonomy":"category","embeddable":true,"href":"https:\/\/szelkialto.hu\/index.php?rest_route=%2Fwp%2Fv2%2Fcategories&post=2050"},{"taxonomy":"post_tag","embeddable":true,"href":"https:\/\/szelkialto.hu\/index.php?rest_route=%2Fwp%2Fv2%2Ftags&post=2050"}],"curies":[{"name":"wp","href":"https:\/\/api.w.org\/{rel}","templated":true}]}}