{"id":2118,"date":"2012-06-09T07:29:25","date_gmt":"2012-06-09T05:29:25","guid":{"rendered":"https:\/\/szelkialto.hu\/?p=2118"},"modified":"2014-06-02T06:29:31","modified_gmt":"2014-06-02T04:29:31","slug":"koncert-a-szigligeti-varban","status":"publish","type":"post","link":"https:\/\/szelkialto.hu\/?p=2118","title":{"rendered":"Zen\u00e9s ny\u00e1ri est\u00e9k a Szigligeti v\u00e1rban"},"content":{"rendered":"<p><span style=\"font-size: medium;\">2012. j\u00fanius 23. 19:00<\/span><br \/><strong><span style=\"font-size: large;\">A Sz\u00e9lki\u00e1lt\u00f3 egy\u00fcttes koncertje<\/span><\/strong><\/p>\n<p><img loading=\"lazy\" decoding=\"async\" src=\"https:\/\/szelkialto.hu\/wp-content\/uploads\/szigligeti_plakat.jpg\" alt=\"Sz\u00e9lki\u00e1lt\u00f3 plak\u00e1t\" width=\"450\" height=\"600\" \/><\/p>\n<p>A sorozat teljes programja:<\/p>\n<p style=\"padding-left: 30px;\">2012. j\u00fanius 16. 19:00<br \/><strong>A Magyar Dudazenekar koncertje<\/strong><\/p>\n<p style=\"padding-left: 30px;\">2012. j\u00fanius 23. 19:00<br \/><strong>A Sz\u00e9lki\u00e1lt\u00f3 egy\u00fcttes koncertje<\/strong><\/p>\n<p style=\"padding-left: 30px;\">2012. j\u00fanius 30. 20:00<br \/><strong>A Balk\u00e1n Fanatik egy\u00fcttes koncertje<\/strong><\/p>\n<p style=\"padding-left: 30px;\">2012. j\u00falius 7. 19:00<br \/><strong>Megarox Produkci\u00f3: \u201eAz \u00e1llamalap\u00edt\u00e1st\u00f3l Eur\u00f3p\u00e1ig\u201d &#8230;<\/strong><\/p>\n<p style=\"padding-left: 30px;\">2012. j\u00falius 14. 20:00<br \/><strong>A Papa Jazz Seven egy\u00fcttes koncertje<\/strong><\/p>\n<p style=\"padding-left: 30px;\">2012. j\u00falius 21. 20:00<br \/><strong>A Holdviola egy\u00fcttes koncertje<\/strong><\/p>\n<p style=\"padding-left: 30px;\">2012. j\u00falius 28. 20:00<br \/><strong>A Benk\u00f3 Dixieland Band egy\u00fcttes koncertje<\/strong><\/p>\n<p style=\"padding-left: 30px;\">2012. augusztus 11. 20:00<br \/><strong>A Cs\u00edk zenekar koncertje<\/strong><\/p>\n<p>\u00a0<a title=\"A Szigligeti v\u00e1r\" href=\"http:\/\/szigliget.hu\/var\" target=\"_blank\"><img loading=\"lazy\" decoding=\"async\" src=\"https:\/\/szelkialto.hu\/wp-content\/uploads\/szigliget.jpg\" alt=\"A szigligeti v\u00e1r\" width=\"450\" height=\"334\" \/><\/a><\/p>\n","protected":false},"excerpt":{"rendered":"<p>2012. j\u00fanius 23. 19:00A Sz\u00e9lki\u00e1lt\u00f3 egy\u00fcttes koncertje A sorozat teljes programja: 2012. j\u00fanius 16. 19:00A Magyar Dudazenekar koncertje 2012. j\u00fanius 23. 19:00A Sz\u00e9lki\u00e1lt\u00f3 egy\u00fcttes koncertje 2012. j\u00fanius 30. 20:00A Balk\u00e1n Fanatik egy\u00fcttes koncertje 2012. j\u00falius 7. 19:00Megarox Produkci\u00f3: \u201eAz \u00e1llamalap\u00edt\u00e1st\u00f3l&#46;&#46;&#46;<\/p>\n","protected":false},"author":3,"featured_media":0,"comment_status":"open","ping_status":"closed","sticky":false,"template":"","format":"standard","meta":{"footnotes":"","_links_to":"","_links_to_target":""},"categories":[53,12,4,7],"tags":[142,99,100],"class_list":["post-2118","post","type-post","status-publish","format-standard","hentry","category-enekelt-vers","category-irodalom-2","category-koncertek","category-zenekar","tag-enekelt-vers","tag-szigliget","tag-var"],"rttpg_featured_image_url":null,"rttpg_author":{"display_name":"Fenyvesi B\u00e9la","author_link":"https:\/\/szelkialto.hu\/?author=3"},"rttpg_comment":0,"rttpg_category":"<a href=\"https:\/\/szelkialto.hu\/?cat=53\" rel=\"category\">\u00e9nekelt vers<\/a> <a href=\"https:\/\/szelkialto.hu\/?cat=12\" rel=\"category\">irodalom<\/a> <a href=\"https:\/\/szelkialto.hu\/?cat=4\" rel=\"category\">koncertek<\/a> <a href=\"https:\/\/szelkialto.hu\/?cat=7\" rel=\"category\">zenekar<\/a>","rttpg_excerpt":"2012. j\u00fanius 23. 19:00A Sz\u00e9lki\u00e1lt\u00f3 egy\u00fcttes koncertje A sorozat teljes programja: 2012. j\u00fanius 16. 19:00A Magyar Dudazenekar koncertje 2012. j\u00fanius 23. 19:00A Sz\u00e9lki\u00e1lt\u00f3 egy\u00fcttes koncertje 2012. j\u00fanius 30. 20:00A Balk\u00e1n Fanatik egy\u00fcttes koncertje 2012. j\u00falius 7. 19:00Megarox Produkci\u00f3: \u201eAz \u00e1llamalap\u00edt\u00e1st\u00f3l&#46;&#46;&#46;","_links":{"self":[{"href":"https:\/\/szelkialto.hu\/index.php?rest_route=\/wp\/v2\/posts\/2118","targetHints":{"allow":["GET"]}}],"collection":[{"href":"https:\/\/szelkialto.hu\/index.php?rest_route=\/wp\/v2\/posts"}],"about":[{"href":"https:\/\/szelkialto.hu\/index.php?rest_route=\/wp\/v2\/types\/post"}],"author":[{"embeddable":true,"href":"https:\/\/szelkialto.hu\/index.php?rest_route=\/wp\/v2\/users\/3"}],"replies":[{"embeddable":true,"href":"https:\/\/szelkialto.hu\/index.php?rest_route=%2Fwp%2Fv2%2Fcomments&post=2118"}],"version-history":[{"count":1,"href":"https:\/\/szelkialto.hu\/index.php?rest_route=\/wp\/v2\/posts\/2118\/revisions"}],"predecessor-version":[{"id":2836,"href":"https:\/\/szelkialto.hu\/index.php?rest_route=\/wp\/v2\/posts\/2118\/revisions\/2836"}],"wp:attachment":[{"href":"https:\/\/szelkialto.hu\/index.php?rest_route=%2Fwp%2Fv2%2Fmedia&parent=2118"}],"wp:term":[{"taxonomy":"category","embeddable":true,"href":"https:\/\/szelkialto.hu\/index.php?rest_route=%2Fwp%2Fv2%2Fcategories&post=2118"},{"taxonomy":"post_tag","embeddable":true,"href":"https:\/\/szelkialto.hu\/index.php?rest_route=%2Fwp%2Fv2%2Ftags&post=2118"}],"curies":[{"name":"wp","href":"https:\/\/api.w.org\/{rel}","templated":true}]}}