{"id":2140,"date":"2012-06-25T08:55:17","date_gmt":"2012-06-25T06:55:17","guid":{"rendered":"https:\/\/szelkialto.hu\/?p=2140"},"modified":"2014-11-10T06:02:20","modified_gmt":"2014-11-10T05:02:20","slug":"ohegy-fesztival-2012-budapest-kobanya","status":"publish","type":"post","link":"https:\/\/szelkialto.hu\/?p=2140","title":{"rendered":"\u00d3hegy Fesztiv\u00e1l 2012 \u2013 Budapest, K\u0151b\u00e1nya"},"content":{"rendered":"<p><strong><span style=\"font-size: medium;\">2012. j\u00falius 14. 16:00 \u00d3hegy Sportpark<br \/> <span style=\"font-size: large;\">SZ\u00c9LKI\u00c1LT\u00d3 KONCERT GYEREKEKNEK<\/span><\/span><\/strong><\/p>\n<p><a title=\"\u00d3hegy Fesztiv\u00e1l\" href=\"http:\/\/ohegyfesztival.hu\" target=\"_blank\"><img loading=\"lazy\" decoding=\"async\" src=\"https:\/\/szelkialto.hu\/wp-content\/uploads\/ohegy_fesztival.jpg\" alt=\"\u00d3hegy Fesztiv\u00e1l - 2012\" width=\"450\" height=\"81\" \/><\/a><\/p>\n<p><strong>2012. j\u00fanius 8 &#8211; augusztus 20.<\/strong><\/p>\n<p>Az <strong>\u00d3hegy fesztiv\u00e1l K\u0151b\u00e1ny\u00e1n<\/strong> id\u00e9n, els\u0151 alkalommal ker\u00fcl megrendez\u00e9sre. A fesztiv\u00e1l nem titkolt c\u00e9lja, hogy a ker\u00fclet lak\u00f3i ne csak a bej\u00e1ratott helyein \u2013 Kossuth t\u00e9r, Szabads\u00e1g t\u00e9r \u2013 megrendez\u00e9sre ker\u00fcl\u0151 esem\u00e9nyeket l\u00e1togass\u00e1k. A szervez\u0151k szeretn\u00e9nek e fesztiv\u00e1l megrendez\u00e9s\u00e9vel hagyom\u00e1nyt teremteni \u00e9s sz\u00ednesebb\u00e9 tenni K\u0151b\u00e1nya lak\u00f3inak h\u00e9tk\u00f6znapjait.<\/p>\n<p>A fesztiv\u00e1l mott\u00f3ja: \u201e\u00c9rt\u00e9ket keres\u00fcnk \u00e9s \u00e9rt\u00e9ket teremt\u00fcnk!\u201d \u201eA m\u0171v\u00e9szet mindenki\u00e9!\u201d<\/p>\n<p>A programoknak az \u00d3hegy Sportpark ad otthont. Minden nap 16 \u00f3r\u00e1t\u00f3l, \u00e1lland\u00f3 gyermekprogramok v\u00e1rj\u00e1k az idel\u00e1togat\u00f3kat \u00e9s a fesztiv\u00e1l term\u00e9szetesen, a kulin\u00e1ris \u00e9lvezetek kedvel\u0151inek sem okoz majd csal\u00f3d\u00e1st.<\/p>\n<p>A <a title=\"\u00d3hegy Fesztiv\u00e1l\" href=\"http:\/\/ohegyfesztival.hu\" target=\"_blank\"><strong>programok<\/strong><\/a> l\u00e1togat\u00e1sa ingyenes.<\/p>\n<p>&nbsp;<\/p>\n","protected":false},"excerpt":{"rendered":"<p>2012. j\u00falius 14. 16:00 \u00d3hegy Sportpark SZ\u00c9LKI\u00c1LT\u00d3 KONCERT GYEREKEKNEK 2012. j\u00fanius 8 &#8211; augusztus 20. Az \u00d3hegy fesztiv\u00e1l K\u0151b\u00e1ny\u00e1n id\u00e9n, els\u0151 alkalommal ker\u00fcl megrendez\u00e9sre. A fesztiv\u00e1l nem titkolt c\u00e9lja, hogy a ker\u00fclet lak\u00f3i ne csak a bej\u00e1ratott helyein \u2013 Kossuth&#46;&#46;&#46;<\/p>\n","protected":false},"author":3,"featured_media":0,"comment_status":"open","ping_status":"closed","sticky":false,"template":"","format":"standard","meta":{"footnotes":"","_links_to":"","_links_to_target":""},"categories":[53,54,12,4,7],"tags":[101,143,104,102,103],"class_list":["post-2140","post","type-post","status-publish","format-standard","hentry","category-enekelt-vers","category-fesztival","category-irodalom-2","category-koncertek","category-zenekar","tag-budapest","tag-fesztival","tag-gyerekkoncert","tag-kobanya","tag-ohegy-fesztival"],"rttpg_featured_image_url":null,"rttpg_author":{"display_name":"Fenyvesi B\u00e9la","author_link":"https:\/\/szelkialto.hu\/?author=3"},"rttpg_comment":0,"rttpg_category":"<a href=\"https:\/\/szelkialto.hu\/?cat=53\" rel=\"category\">\u00e9nekelt vers<\/a> <a href=\"https:\/\/szelkialto.hu\/?cat=54\" rel=\"category\">fesztiv\u00e1l<\/a> <a href=\"https:\/\/szelkialto.hu\/?cat=12\" rel=\"category\">irodalom<\/a> <a href=\"https:\/\/szelkialto.hu\/?cat=4\" rel=\"category\">koncertek<\/a> <a href=\"https:\/\/szelkialto.hu\/?cat=7\" rel=\"category\">zenekar<\/a>","rttpg_excerpt":"2012. j\u00falius 14. 16:00 \u00d3hegy Sportpark SZ\u00c9LKI\u00c1LT\u00d3 KONCERT GYEREKEKNEK 2012. j\u00fanius 8 &#8211; augusztus 20. Az \u00d3hegy fesztiv\u00e1l K\u0151b\u00e1ny\u00e1n id\u00e9n, els\u0151 alkalommal ker\u00fcl megrendez\u00e9sre. A fesztiv\u00e1l nem titkolt c\u00e9lja, hogy a ker\u00fclet lak\u00f3i ne csak a bej\u00e1ratott helyein \u2013 Kossuth&#46;&#46;&#46;","_links":{"self":[{"href":"https:\/\/szelkialto.hu\/index.php?rest_route=\/wp\/v2\/posts\/2140","targetHints":{"allow":["GET"]}}],"collection":[{"href":"https:\/\/szelkialto.hu\/index.php?rest_route=\/wp\/v2\/posts"}],"about":[{"href":"https:\/\/szelkialto.hu\/index.php?rest_route=\/wp\/v2\/types\/post"}],"author":[{"embeddable":true,"href":"https:\/\/szelkialto.hu\/index.php?rest_route=\/wp\/v2\/users\/3"}],"replies":[{"embeddable":true,"href":"https:\/\/szelkialto.hu\/index.php?rest_route=%2Fwp%2Fv2%2Fcomments&post=2140"}],"version-history":[{"count":1,"href":"https:\/\/szelkialto.hu\/index.php?rest_route=\/wp\/v2\/posts\/2140\/revisions"}],"predecessor-version":[{"id":2981,"href":"https:\/\/szelkialto.hu\/index.php?rest_route=\/wp\/v2\/posts\/2140\/revisions\/2981"}],"wp:attachment":[{"href":"https:\/\/szelkialto.hu\/index.php?rest_route=%2Fwp%2Fv2%2Fmedia&parent=2140"}],"wp:term":[{"taxonomy":"category","embeddable":true,"href":"https:\/\/szelkialto.hu\/index.php?rest_route=%2Fwp%2Fv2%2Fcategories&post=2140"},{"taxonomy":"post_tag","embeddable":true,"href":"https:\/\/szelkialto.hu\/index.php?rest_route=%2Fwp%2Fv2%2Ftags&post=2140"}],"curies":[{"name":"wp","href":"https:\/\/api.w.org\/{rel}","templated":true}]}}