{"id":2264,"date":"2013-02-09T12:58:31","date_gmt":"2013-02-09T11:58:31","guid":{"rendered":"https:\/\/szelkialto.hu\/?p=2264"},"modified":"2014-08-18T05:36:37","modified_gmt":"2014-08-18T03:36:37","slug":"a-szelkialto-a-gasztroangyal-cimu-tv-musorban","status":"publish","type":"post","link":"https:\/\/szelkialto.hu\/?p=2264","title":{"rendered":"Sz\u00e9lki\u00e1lt\u00f3 a Gasztroangyal c\u00edm\u0171 TV-m\u0171sorban&#8230;"},"content":{"rendered":"<p><strong><span style=\"font-size: medium;\"><br \/>2013. febru\u00e1r 9-\u00e9n 17:35-kor az M1-en<\/span><\/strong><\/p>\n<p><span style=\"font-size: small;\">A felv\u00e9telek Kishars\u00e1nyban \u00e9s Vill\u00e1nyban k\u00e9sz\u00fcltek.<\/span><a href=\"https:\/\/szelkialto.hu\/?attachment_id=2265\" rel=\"attachment wp-att-2265\"><img decoding=\"async\" class=\"alignright size-full wp-image-2265\" alt=\"gasztroangyal\" src=\"https:\/\/szelkialto.hu\/wp-content\/uploads\/gasztroangyal.jpg\" width=\"450\" srcset=\"https:\/\/szelkialto.hu\/wp-content\/uploads\/gasztroangyal.jpg 500w, https:\/\/szelkialto.hu\/wp-content\/uploads\/gasztroangyal-300x165.jpg 300w\" sizes=\"(max-width: 500px) 100vw, 500px\" \/><\/a><\/p>\n<p>&nbsp;<\/p>\n","protected":false},"excerpt":{"rendered":"<p>2013. febru\u00e1r 9-\u00e9n 17:35-kor az M1-en A felv\u00e9telek Kishars\u00e1nyban \u00e9s Vill\u00e1nyban k\u00e9sz\u00fcltek. &nbsp;<\/p>\n","protected":false},"author":3,"featured_media":0,"comment_status":"open","ping_status":"closed","sticky":false,"template":"","format":"standard","meta":{"footnotes":"","_links_to":"","_links_to_target":""},"categories":[13,51],"tags":[33,35,108],"class_list":["post-2264","post","type-post","status-publish","format-standard","hentry","category-tv","category-zene-2","tag-bor","tag-kisharsany","tag-villany"],"rttpg_featured_image_url":null,"rttpg_author":{"display_name":"Fenyvesi B\u00e9la","author_link":"https:\/\/szelkialto.hu\/?author=3"},"rttpg_comment":0,"rttpg_category":"<a href=\"https:\/\/szelkialto.hu\/?cat=13\" rel=\"category\">telev\u00edzi\u00f3<\/a> <a href=\"https:\/\/szelkialto.hu\/?cat=51\" rel=\"category\">zene<\/a>","rttpg_excerpt":"2013. febru\u00e1r 9-\u00e9n 17:35-kor az M1-en A felv\u00e9telek Kishars\u00e1nyban \u00e9s Vill\u00e1nyban k\u00e9sz\u00fcltek. &nbsp;","_links":{"self":[{"href":"https:\/\/szelkialto.hu\/index.php?rest_route=\/wp\/v2\/posts\/2264","targetHints":{"allow":["GET"]}}],"collection":[{"href":"https:\/\/szelkialto.hu\/index.php?rest_route=\/wp\/v2\/posts"}],"about":[{"href":"https:\/\/szelkialto.hu\/index.php?rest_route=\/wp\/v2\/types\/post"}],"author":[{"embeddable":true,"href":"https:\/\/szelkialto.hu\/index.php?rest_route=\/wp\/v2\/users\/3"}],"replies":[{"embeddable":true,"href":"https:\/\/szelkialto.hu\/index.php?rest_route=%2Fwp%2Fv2%2Fcomments&post=2264"}],"version-history":[{"count":1,"href":"https:\/\/szelkialto.hu\/index.php?rest_route=\/wp\/v2\/posts\/2264\/revisions"}],"predecessor-version":[{"id":2924,"href":"https:\/\/szelkialto.hu\/index.php?rest_route=\/wp\/v2\/posts\/2264\/revisions\/2924"}],"wp:attachment":[{"href":"https:\/\/szelkialto.hu\/index.php?rest_route=%2Fwp%2Fv2%2Fmedia&parent=2264"}],"wp:term":[{"taxonomy":"category","embeddable":true,"href":"https:\/\/szelkialto.hu\/index.php?rest_route=%2Fwp%2Fv2%2Fcategories&post=2264"},{"taxonomy":"post_tag","embeddable":true,"href":"https:\/\/szelkialto.hu\/index.php?rest_route=%2Fwp%2Fv2%2Ftags&post=2264"}],"curies":[{"name":"wp","href":"https:\/\/api.w.org\/{rel}","templated":true}]}}