{"id":2299,"date":"2013-04-18T11:39:52","date_gmt":"2013-04-18T09:39:52","guid":{"rendered":"https:\/\/szelkialto.hu\/?p=2299"},"modified":"2014-11-10T06:04:01","modified_gmt":"2014-11-10T05:04:01","slug":"megszuletett-az-elso-szelkialto-unoka","status":"publish","type":"post","link":"https:\/\/szelkialto.hu\/?p=2299","title":{"rendered":"Megsz\u00fcletett az els\u0151 Sz\u00e9lki\u00e1lt\u00f3 unoka"},"content":{"rendered":"<p>Alig t\u00f6bb, mint egy h\u00f3napja megsz\u00fcletett az els\u0151 <strong>Sz\u00e9lki\u00e1lt\u00f3 unoka<\/strong>, nagypapa lett az egy\u00fcttes vezet\u0151je, <strong>Lakner Tam\u00e1s<\/strong>.<\/p>\n<p>Unok\u00e1j\u00e1t, <strong>Lakner Zs\u00f3fi<\/strong> kisl\u00e1ny\u00e1t <strong>L\u00e9n\u00e1nak<\/strong> h\u00edvj\u00e1k.<\/p>\n<p><img loading=\"lazy\" decoding=\"async\" class=\"wp-image-2300 alignleft\" style=\"border: 1px solid lightgrey; float: left;\" title=\"Schrauf L\u00e9na\" alt=\"Schrauf L\u00e9na\" src=\"https:\/\/szelkialto.hu\/wp-content\/uploads\/lena01.jpg\" width=\"450\" height=\"300\" srcset=\"https:\/\/szelkialto.hu\/wp-content\/uploads\/lena01.jpg 900w, https:\/\/szelkialto.hu\/wp-content\/uploads\/lena01-300x200.jpg 300w\" sizes=\"auto, (max-width: 450px) 100vw, 450px\" \/><\/p>\n<p>&nbsp;<\/p>\n","protected":false},"excerpt":{"rendered":"<p>Alig t\u00f6bb, mint egy h\u00f3napja megsz\u00fcletett az els\u0151 Sz\u00e9lki\u00e1lt\u00f3 unoka, nagypapa lett az egy\u00fcttes vezet\u0151je, Lakner Tam\u00e1s. Unok\u00e1j\u00e1t, Lakner Zs\u00f3fi kisl\u00e1ny\u00e1t L\u00e9n\u00e1nak h\u00edvj\u00e1k. &nbsp;<\/p>\n","protected":false},"author":3,"featured_media":0,"comment_status":"open","ping_status":"closed","sticky":false,"template":"","format":"standard","meta":{"footnotes":"","_links_to":"","_links_to_target":""},"categories":[7],"tags":[111,110,109],"class_list":["post-2299","post","type-post","status-publish","format-standard","hentry","category-zenekar","tag-gyerekek","tag-szelkialto","tag-unoka"],"rttpg_featured_image_url":null,"rttpg_author":{"display_name":"Fenyvesi B\u00e9la","author_link":"https:\/\/szelkialto.hu\/?author=3"},"rttpg_comment":0,"rttpg_category":"<a href=\"https:\/\/szelkialto.hu\/?cat=7\" rel=\"category\">zenekar<\/a>","rttpg_excerpt":"Alig t\u00f6bb, mint egy h\u00f3napja megsz\u00fcletett az els\u0151 Sz\u00e9lki\u00e1lt\u00f3 unoka, nagypapa lett az egy\u00fcttes vezet\u0151je, Lakner Tam\u00e1s. Unok\u00e1j\u00e1t, Lakner Zs\u00f3fi kisl\u00e1ny\u00e1t L\u00e9n\u00e1nak h\u00edvj\u00e1k. &nbsp;","_links":{"self":[{"href":"https:\/\/szelkialto.hu\/index.php?rest_route=\/wp\/v2\/posts\/2299","targetHints":{"allow":["GET"]}}],"collection":[{"href":"https:\/\/szelkialto.hu\/index.php?rest_route=\/wp\/v2\/posts"}],"about":[{"href":"https:\/\/szelkialto.hu\/index.php?rest_route=\/wp\/v2\/types\/post"}],"author":[{"embeddable":true,"href":"https:\/\/szelkialto.hu\/index.php?rest_route=\/wp\/v2\/users\/3"}],"replies":[{"embeddable":true,"href":"https:\/\/szelkialto.hu\/index.php?rest_route=%2Fwp%2Fv2%2Fcomments&post=2299"}],"version-history":[{"count":1,"href":"https:\/\/szelkialto.hu\/index.php?rest_route=\/wp\/v2\/posts\/2299\/revisions"}],"predecessor-version":[{"id":2983,"href":"https:\/\/szelkialto.hu\/index.php?rest_route=\/wp\/v2\/posts\/2299\/revisions\/2983"}],"wp:attachment":[{"href":"https:\/\/szelkialto.hu\/index.php?rest_route=%2Fwp%2Fv2%2Fmedia&parent=2299"}],"wp:term":[{"taxonomy":"category","embeddable":true,"href":"https:\/\/szelkialto.hu\/index.php?rest_route=%2Fwp%2Fv2%2Fcategories&post=2299"},{"taxonomy":"post_tag","embeddable":true,"href":"https:\/\/szelkialto.hu\/index.php?rest_route=%2Fwp%2Fv2%2Ftags&post=2299"}],"curies":[{"name":"wp","href":"https:\/\/api.w.org\/{rel}","templated":true}]}}