{"id":2315,"date":"2013-05-06T14:00:46","date_gmt":"2013-05-06T12:00:46","guid":{"rendered":"https:\/\/szelkialto.hu\/?p=2315"},"modified":"2014-11-10T06:02:00","modified_gmt":"2014-11-10T05:02:00","slug":"palkonya-punkosdi-nyitott-pincek","status":"publish","type":"post","link":"https:\/\/szelkialto.hu\/?p=2315","title":{"rendered":"Palkonya, p\u00fcnk\u00f6sdi nyitott pinc\u00e9k&#8230;"},"content":{"rendered":"<p><span style=\"font-size: large;\"><strong>2013. m\u00e1jus 19. 13:00 Malom Park<\/strong><\/span><br \/><span style=\"font-size: large;\"><strong> Hymnus a borhoz<\/strong><\/span><br \/><span style=\"font-size: large;\"><strong> Sz\u00e9lki\u00e1lt\u00f3 koncert<\/strong><\/span><\/p>\n<p><a href=\"http:\/\/www.palkonya.hu\/kepgaleriak\" target=\"_blank\"><img loading=\"lazy\" decoding=\"async\" style=\"border: 1px solid lightgray;\" title=\"P\u00fcnk\u00f6sdi Palkonyai Nyitott pinc\u00e9k\" alt=\"P\u00fcnk\u00f6sdi Palkonyai Nyitott pinc\u00e9k\" src=\"https:\/\/szelkialto.hu\/wp-content\/uploads\/palkonya.png\" width=\"450\" height=\"156\" \/><\/a><\/p>\n<p style=\"text-align: right; width: 450px; font-style: italic; font-size: 10px; margin-top: -10px;\">Fot\u00f3: Opitz Tomas<\/p>\n<p><strong>Tov\u00e1bbi programok:<\/strong><\/p>\n<p><strong>Ki\u00e1ll\u00edt\u00e1sok:<\/strong><\/p>\n<p style=\"padding-left: 30px;\"><strong>13:00 Faluh\u00e1z (F\u0151 u. 40)<\/strong><\/p>\n<p style=\"padding-left: 60px;\"><strong>\u201eK\u00e9kfest\u0151nek lenni Isten \u00e1ld\u00e1sa\u201d S\u00e1rdi J\u00e1nos, nagyny\u00e1r\u00e1di k\u00e9kfest\u0151mester \u00e9letm\u0171 ki\u00e1ll\u00edt\u00e1sa.<\/strong><br \/>A \u201eN\u00e9pm\u0171v\u00e9szet Mester\u00e9nek\u201d munk\u00e1ss\u00e1g\u00e1t feldolgoz\u00f3 kutat\u00e1s \u00e9s civil \u00f6sszefog\u00e1s eredm\u00e9ny\u00e9t, \u00e9s J\u00e1nos b\u00e1csit bemutatja Szipl Mara textiltervez\u0151. A megnyit\u00f3n k\u00f6zrem\u0171k\u00f6dik Czinz\u00e1r Attila \u00e9s a Vill\u00e1nyi Asszonyk\u00f3rus.<\/p>\n<p style=\"padding-left: 30px;\"><strong>13:00-20:00 K\u00f6z\u00f6ss\u00e9gi H\u00e1z (F\u0151 u. 35)<\/strong><\/p>\n<p style=\"padding-left: 60px;\"><strong>\u201e\u00c1lombor\u201d<\/strong><br \/>A HATOK m\u0171v\u00e9szeti csoport tematikus ki\u00e1ll\u00edt\u00e1sa, az alkot\u00f3k eg\u00e9sz napos, megtisztel\u0151 jelenl\u00e9t\u00e9vel.<\/p>\n<p><a href=\"http:\/\/www.palkonya.hu\/kepgaleriak\" target=\"_blank\"><img loading=\"lazy\" decoding=\"async\" style=\"border: 1px solid lightgray;\" title=\"P\u00fcnk\u00f6sdi Palkonyai Nyitott pinc\u00e9k\" alt=\"P\u00fcnk\u00f6sdi Palkonyai Nyitott pinc\u00e9k\" src=\"https:\/\/szelkialto.hu\/wp-content\/uploads\/palkonya02.png\" width=\"450\" height=\"156\" \/><\/a><\/p>\n<p style=\"text-align: right; width: 450px; font-style: italic; font-size: 10px; margin-top: -10px;\">Fot\u00f3: Opitz Tomas<\/p>\n<p><strong>Gyermekbar\u00e1t programok:<\/strong><\/p>\n<p style=\"padding-left: 30px;\"><strong>10:00 Focip\u00e1lya<\/strong> (a j\u00e1tsz\u00f3t\u00e9r m\u00f6g\u00f6tt)<\/p>\n<p style=\"padding-left: 60px;\">Eg\u00e9sz napos lovas- \u00e9s \u00edj\u00e1sztal\u00e1lkoz\u00f3, a sikl\u00f3si Apr\u00f3 Pat\u00e1k lovas sportegyes\u00fclet szervez\u00e9s\u00e9ben. Ingyenes p\u00f3ni lovagl\u00e1s.<\/p>\n<p style=\"padding-left: 30px;\"><strong>14:00-19:00 A Faluh\u00e1z udvar\u00e1n<\/strong><\/p>\n<p style=\"padding-left: 60px;\">Mocorg\u00f3 j\u00e1t\u00e9ksziget gyerekeknek<\/p>\n<p style=\"padding-left: 30px;\"><strong>16:00 L\u00e1z\u00e1r Ervin: Gyere haza, Mikkamakka!<\/strong><\/p>\n<p style=\"padding-left: 60px;\">Mesej\u00e1t\u00e9k sz\u00ednel\u0151ad\u00e1s a balatonszabadi Kreat\u00edv Sz\u00ednpadt\u00f3l, majd<\/p>\n<p style=\"padding-left: 30px;\"><strong>19:00 BOSS<\/strong><\/p>\n<p style=\"padding-left: 60px;\">f\u00fav\u00f3s utcazene<\/p>\n<p><a href=\"http:\/\/www.palkonya.hu\/kepgaleriak\" target=\"_blank\"><img loading=\"lazy\" decoding=\"async\" style=\"border: 1px solid lightgray;\" title=\"P\u00fcnk\u00f6sdi Palkonyai Nyitott pinc\u00e9k\" alt=\"P\u00fcnk\u00f6sdi Palkonyai Nyitott pinc\u00e9k\" src=\"https:\/\/szelkialto.hu\/wp-content\/uploads\/palkonya03.png\" width=\"450\" height=\"217\" \/><\/a><\/p>\n<p style=\"text-align: right; width: 450px; font-style: italic; font-size: 10px; margin-top: -10px;\">Fot\u00f3: Opitz Tomas<\/p>\n<p><strong>Malom Park \u2013 Sz\u00ednpad \u00e9s pincesor:<\/strong><\/p>\n<p style=\"padding-left: 30px;\"><strong>13:00 Sz\u00e9lki\u00e1lt\u00f3 koncert \u2013 Hymnus a borhoz<\/strong><\/p>\n<p style=\"padding-left: 60px;\">Megzen\u00e9s\u00edtett versek<\/p>\n<p style=\"padding-left: 30px;\"><strong>15:00 A k\u00f3rusolimpia t\u00f6bbsz\u00f6r\u00f6s gy\u0151ztes\u00e9nek, a p\u00e9csi Bart\u00f3k B\u00e9la F\u00e9rfikarnak bordalaival, a fesztiv\u00e1lt megnyitja Becker Leon\u00f3ra polg\u00e1rmester<\/strong><\/p>\n<p style=\"padding-left: 30px;\"><strong>16:00 A Zeng\u0151 Egy\u00fcttes koncertje<\/strong><\/p>\n<p style=\"padding-left: 60px;\">Autentikus \u00e9s bor ihlette n\u00e9pzene \u00e9s t\u00e1nch\u00e1z mindenkinek.<\/p>\n<p style=\"padding-left: 30px;\"><strong>17:45 A Harp-Agon Zenei T\u00e1rsul\u00e1s el\u0151ad\u00e1sa<\/strong><\/p>\n<p style=\"padding-left: 60px;\">A k\u00f6z\u00e9p-eur\u00f3pai l\u00e9lek \u00e9s a kelta n\u00e9pzene tal\u00e1lkozik mai m\u0171fajokkal<\/p>\n<p style=\"padding-left: 30px;\"><strong>18:45 ZeneBoja<\/strong><\/p>\n<p style=\"padding-left: 60px;\">A 2011-es Budapest Fringe Fesztiv\u00e1l k\u00fcl\u00f6nd\u00edjas\u00e1nak, a p\u00e9csi Boja zenekarnak lemezbemutat\u00f3 koncertje.<\/p>\n<p style=\"padding-left: 30px;\"><strong>19:45 A BOSS (Band of Streets) j\u00e1tszik<\/strong><\/p>\n<p style=\"padding-left: 60px;\">P\u00f6rg\u0151s utcazene \u00e9s sl\u00e1gerek f\u00fav\u00f3sokra.<br \/>A banda a Malompark ut\u00e1n a Pincesor akusztik\u00e1j\u00e1t is kipr\u00f3b\u00e1lja.<\/p>\n<p style=\"padding-left: 30px;\"><strong>20:30 F\u00e9nyfest\u00e9s a pincesoron<\/strong><\/p>\n<p style=\"padding-left: 60px;\">A p\u00e9csi Labor Lumen Squad \u201eL\u00e9legz\u0151 F\u00e9nyfalak\u201d-at k\u00e9sz\u00edt, k\u00e9pz\u0151- \u00e9s iparm\u0171v\u00e9szek, grafikusok k\u00f6zrem\u0171k\u00f6d\u00e9s\u00e9vel.<\/p>\n<p style=\"padding-left: 30px;\"><strong>21.30 Utcab\u00e1l a P\u00f3ker Zenekarral<\/strong><\/p>\n<p><a href=\"http:\/\/www.palkonya.hu\" target=\"_blank\"><img loading=\"lazy\" decoding=\"async\" style=\"border: 1px solid lightgray;\" title=\"Palkonya\" alt=\"Palkonya\" src=\"https:\/\/szelkialto.hu\/wp-content\/uploads\/palkonya04.png\" width=\"450\" height=\"247\" \/><\/a><\/p>\n<p><strong>Eg\u00e9sz d\u00e9lut\u00e1n nyitott pinc\u00e9k!<\/strong><\/p>\n<p>Borjegyek \u00e9s a k\u00f3stol\u00f3 poh\u00e1r \u00e1ra 2.000 Ft amely a helysz\u00ednen megv\u00e1s\u00e1rolhat\u00f3.<br \/> A pinc\u00e9k 12:00 \u00f3r\u00e1t\u00f3l 20:00 \u00f3r\u00e1ig tartanak nyitva, poharat 19:00-ig lehet v\u00e1s\u00e1rolni.<\/p>\n<p>Eg\u00e9sz d\u00e9lut\u00e1n Palkonyai Port\u00e9ka kirakod\u00f3 v\u00e1s\u00e1r a Malom Parkban.<br \/> Temploml\u00e1togat\u00e1s 15:00-18:00-ig<br \/> <a href=\"mailto:palkonya.onk@last-mile.hu\">palkonya.onk@last-mile.hu<\/a><br \/>K\u00f6rny\u00e9k: <a title=\"Vill\u00e1nyi borvid\u00e9k\" href=\"http:\/\/www.villanyiborvidek.hu\" target=\"_blank\">www.villanyiborvidek.hu<\/a><\/p>\n<p><a href=\"http:\/\/www.palkonya.hu\" target=\"_blank\"><img loading=\"lazy\" decoding=\"async\" style=\"border: 1px solid lightgray;\" title=\"P\u00fcnk\u00f6sdi Palkonyai Nyitott pinc\u00e9k\" alt=\"P\u00fcnk\u00f6sdi Palkonyai Nyitott pinc\u00e9k\" src=\"https:\/\/szelkialto.hu\/wp-content\/uploads\/palkonya05.png\" width=\"450\" height=\"338\" \/><\/a><\/p>\n<p>&nbsp;<\/p>\n","protected":false},"excerpt":{"rendered":"<p>2013. m\u00e1jus 19. 13:00 Malom Park Hymnus a borhoz Sz\u00e9lki\u00e1lt\u00f3 koncert Fot\u00f3: Opitz Tomas Tov\u00e1bbi programok: Ki\u00e1ll\u00edt\u00e1sok: 13:00 Faluh\u00e1z (F\u0151 u. 40) \u201eK\u00e9kfest\u0151nek lenni Isten \u00e1ld\u00e1sa\u201d S\u00e1rdi J\u00e1nos, nagyny\u00e1r\u00e1di k\u00e9kfest\u0151mester \u00e9letm\u0171 ki\u00e1ll\u00edt\u00e1sa.A \u201eN\u00e9pm\u0171v\u00e9szet Mester\u00e9nek\u201d munk\u00e1ss\u00e1g\u00e1t feldolgoz\u00f3 kutat\u00e1s \u00e9s civil \u00f6sszefog\u00e1s&#46;&#46;&#46;<\/p>\n","protected":false},"author":3,"featured_media":0,"comment_status":"open","ping_status":"closed","sticky":false,"template":"","format":"standard","meta":{"footnotes":"","_links_to":"","_links_to_target":""},"categories":[53,54,12,4,7],"tags":[114,112,113],"class_list":["post-2315","post","type-post","status-publish","format-standard","hentry","category-enekelt-vers","category-fesztival","category-irodalom-2","category-koncertek","category-zenekar","tag-nyitott-pincek","tag-palkonya","tag-punkosd"],"rttpg_featured_image_url":null,"rttpg_author":{"display_name":"Fenyvesi B\u00e9la","author_link":"https:\/\/szelkialto.hu\/?author=3"},"rttpg_comment":0,"rttpg_category":"<a href=\"https:\/\/szelkialto.hu\/?cat=53\" rel=\"category\">\u00e9nekelt vers<\/a> <a href=\"https:\/\/szelkialto.hu\/?cat=54\" rel=\"category\">fesztiv\u00e1l<\/a> <a href=\"https:\/\/szelkialto.hu\/?cat=12\" rel=\"category\">irodalom<\/a> <a href=\"https:\/\/szelkialto.hu\/?cat=4\" rel=\"category\">koncertek<\/a> <a href=\"https:\/\/szelkialto.hu\/?cat=7\" rel=\"category\">zenekar<\/a>","rttpg_excerpt":"2013. m\u00e1jus 19. 13:00 Malom Park Hymnus a borhoz Sz\u00e9lki\u00e1lt\u00f3 koncert Fot\u00f3: Opitz Tomas Tov\u00e1bbi programok: Ki\u00e1ll\u00edt\u00e1sok: 13:00 Faluh\u00e1z (F\u0151 u. 40) \u201eK\u00e9kfest\u0151nek lenni Isten \u00e1ld\u00e1sa\u201d S\u00e1rdi J\u00e1nos, nagyny\u00e1r\u00e1di k\u00e9kfest\u0151mester \u00e9letm\u0171 ki\u00e1ll\u00edt\u00e1sa.A \u201eN\u00e9pm\u0171v\u00e9szet Mester\u00e9nek\u201d munk\u00e1ss\u00e1g\u00e1t feldolgoz\u00f3 kutat\u00e1s \u00e9s civil \u00f6sszefog\u00e1s&#46;&#46;&#46;","_links":{"self":[{"href":"https:\/\/szelkialto.hu\/index.php?rest_route=\/wp\/v2\/posts\/2315","targetHints":{"allow":["GET"]}}],"collection":[{"href":"https:\/\/szelkialto.hu\/index.php?rest_route=\/wp\/v2\/posts"}],"about":[{"href":"https:\/\/szelkialto.hu\/index.php?rest_route=\/wp\/v2\/types\/post"}],"author":[{"embeddable":true,"href":"https:\/\/szelkialto.hu\/index.php?rest_route=\/wp\/v2\/users\/3"}],"replies":[{"embeddable":true,"href":"https:\/\/szelkialto.hu\/index.php?rest_route=%2Fwp%2Fv2%2Fcomments&post=2315"}],"version-history":[{"count":1,"href":"https:\/\/szelkialto.hu\/index.php?rest_route=\/wp\/v2\/posts\/2315\/revisions"}],"predecessor-version":[{"id":2980,"href":"https:\/\/szelkialto.hu\/index.php?rest_route=\/wp\/v2\/posts\/2315\/revisions\/2980"}],"wp:attachment":[{"href":"https:\/\/szelkialto.hu\/index.php?rest_route=%2Fwp%2Fv2%2Fmedia&parent=2315"}],"wp:term":[{"taxonomy":"category","embeddable":true,"href":"https:\/\/szelkialto.hu\/index.php?rest_route=%2Fwp%2Fv2%2Fcategories&post=2315"},{"taxonomy":"post_tag","embeddable":true,"href":"https:\/\/szelkialto.hu\/index.php?rest_route=%2Fwp%2Fv2%2Ftags&post=2315"}],"curies":[{"name":"wp","href":"https:\/\/api.w.org\/{rel}","templated":true}]}}