{"id":2357,"date":"2013-05-06T13:01:42","date_gmt":"2013-05-06T11:01:42","guid":{"rendered":"https:\/\/szelkialto.hu\/?p=2357"},"modified":"2014-06-04T08:41:42","modified_gmt":"2014-06-04T06:41:42","slug":"egy-diszpolgar-vallomasai","status":"publish","type":"post","link":"https:\/\/szelkialto.hu\/?p=2357","title":{"rendered":"Egy Sz\u00e9lki\u00e1lt\u00f3s d\u00edszpolg\u00e1r&#8230;"},"content":{"rendered":"<p style=\"margin-top: 10px;\"><span style=\"font-size: small;\"><strong>R\u00e9szletek egy h\u00edrb\u0151l a Domb\u00f3v\u00e1r H\u00edrcentrum honlapj\u00e1r\u00f3l:<\/strong><\/span><\/p>\n<p><a title=\"Domb\u00f3v\u00e1r H\u00edrcentrum\" href=\"http:\/\/www.domb\u00f3v\u00e1r.hu\/hircentrum\/index.php?azon=4451&amp;menu=22\" target=\"_blank\"><img loading=\"lazy\" decoding=\"async\" style=\"border: 1px solid lightgrey;\" title=\"Domb\u00f3v\u00e1r H\u00edrcentrum\" alt=\"Domb\u00f3v\u00e1r H\u00edrcentrum\" src=\"https:\/\/szelkialto.hu\/wp-content\/uploads\/dombovari_hircentrum.png\" width=\"450\" height=\"52\" \/><\/a><\/p>\n<p><span style=\"font-size: small;\"><strong>V\u00c1ROSI G\u00c1LA<\/strong><\/span><\/p>\n<p>2013.04.12. \u2022 szerz\u0151: Kurucz G\u00e1bor<\/p>\n<p>A <strong>Domb\u00f3v\u00e1r Hete 2013<\/strong> rendezv\u00e9nysorozat z\u00e1r\u00f3 g\u00e1l\u00e1j\u00e1ra a m\u0171vel\u0151d\u00e9si h\u00e1z sz\u00ednh\u00e1zterm\u00e9ben ker\u00fclt sor. Ezen az esem\u00e9nyen tartott\u00e1k a <strong>\u201ePro Oppido Domb\u00f3v\u00e1r\u201d d\u00edszpolg\u00e1ri c\u00edm<\/strong>, a <strong>Domb\u00f3v\u00e1r V\u00e1ros Elismer\u0151 D\u00edszjelv\u00e9nye<\/strong> \u00e9s a <strong>Domb\u00f3v\u00e1r V\u00e1ros D\u00edszoklevele<\/strong> \u00e1tad\u00e1s\u00e1t is.<br \/>&#8230;<br \/>A <strong>\u201ePro Oppido Domb\u00f3v\u00e1r\u201d d\u00edszpolg\u00e1ri c\u00edmet<\/strong> a k\u00e9pvisel\u0151-test\u00fclet d\u00f6nt\u00e9se alapj\u00e1n id\u00e9n <strong>Fenyvesi B\u00e9la, a Sz\u00e9lki\u00e1lt\u00f3 egy\u00fcttes zen\u00e9sze vehette \u00e1t<\/strong>.<br \/>&#8230;<\/p>\n<p><img loading=\"lazy\" decoding=\"async\" title=\"A &quot;Pro Oppido Domb\u00f3v\u00e1r&quot; d\u00edszpolg\u00e1ri c\u00edm \u00e1tad\u00f3 \u00fcnneps\u00e9ge\" alt=\"A &quot;Pro Oppido Domb\u00f3v\u00e1r&quot; d\u00edszpolg\u00e1ri c\u00edm \u00e1tad\u00f3 \u00fcnneps\u00e9ge\" src=\"https:\/\/szelkialto.hu\/wp-content\/uploads\/diszpolgar.png\" width=\"450\" height=\"360\" \/><\/p>\n<p><strong>K\u00f6sz\u00f6n\u00f6m sz\u00e9pen a megtisztel\u0151 c\u00edmet kedves Domb\u00f3v\u00e1riak!<\/strong><\/p>\n<p><a title=\"D\u00edszpolg\u00e1r lett Fenyvesi B\u00e9la, a Sz\u00e9lki\u00e1lt\u00f3 egy\u00fcttes tagja\" href=\"http:\/\/www.teol.hu\/tolna\/kultura\/diszpolgar-lett-fenyvesi-bela-a-szelkialto-egyuttes-tagja-498582\" target=\"_blank\"><strong>Cikk<\/strong><\/a> a Tolnai N\u00e9p\u00fajs\u00e1gban 2013. m\u00e1jus 22-\u00e9n.<\/p>\n<p>&nbsp;<\/p>\n","protected":false},"excerpt":{"rendered":"<p>R\u00e9szletek egy h\u00edrb\u0151l a Domb\u00f3v\u00e1r H\u00edrcentrum honlapj\u00e1r\u00f3l: V\u00c1ROSI G\u00c1LA 2013.04.12. \u2022 szerz\u0151: Kurucz G\u00e1bor A Domb\u00f3v\u00e1r Hete 2013 rendezv\u00e9nysorozat z\u00e1r\u00f3 g\u00e1l\u00e1j\u00e1ra a m\u0171vel\u0151d\u00e9si h\u00e1z sz\u00ednh\u00e1zterm\u00e9ben ker\u00fclt sor. Ezen az esem\u00e9nyen tartott\u00e1k a \u201ePro Oppido Domb\u00f3v\u00e1r\u201d d\u00edszpolg\u00e1ri c\u00edm, a Domb\u00f3v\u00e1r V\u00e1ros&#46;&#46;&#46;<\/p>\n","protected":false},"author":3,"featured_media":0,"comment_status":"open","ping_status":"closed","sticky":false,"template":"","format":"standard","meta":{"footnotes":"","_links_to":"","_links_to_target":""},"categories":[118,7],"tags":[115,116,117],"class_list":["post-2357","post","type-post","status-publish","format-standard","hentry","category-dijak","category-zenekar","tag-diszpolgar","tag-dombovar","tag-pro-oppido"],"rttpg_featured_image_url":null,"rttpg_author":{"display_name":"Fenyvesi B\u00e9la","author_link":"https:\/\/szelkialto.hu\/?author=3"},"rttpg_comment":0,"rttpg_category":"<a href=\"https:\/\/szelkialto.hu\/?cat=118\" rel=\"category\">d\u00edjak<\/a> <a href=\"https:\/\/szelkialto.hu\/?cat=7\" rel=\"category\">zenekar<\/a>","rttpg_excerpt":"R\u00e9szletek egy h\u00edrb\u0151l a Domb\u00f3v\u00e1r H\u00edrcentrum honlapj\u00e1r\u00f3l: V\u00c1ROSI G\u00c1LA 2013.04.12. \u2022 szerz\u0151: Kurucz G\u00e1bor A Domb\u00f3v\u00e1r Hete 2013 rendezv\u00e9nysorozat z\u00e1r\u00f3 g\u00e1l\u00e1j\u00e1ra a m\u0171vel\u0151d\u00e9si h\u00e1z sz\u00ednh\u00e1zterm\u00e9ben ker\u00fclt sor. Ezen az esem\u00e9nyen tartott\u00e1k a \u201ePro Oppido Domb\u00f3v\u00e1r\u201d d\u00edszpolg\u00e1ri c\u00edm, a Domb\u00f3v\u00e1r V\u00e1ros&#46;&#46;&#46;","_links":{"self":[{"href":"https:\/\/szelkialto.hu\/index.php?rest_route=\/wp\/v2\/posts\/2357","targetHints":{"allow":["GET"]}}],"collection":[{"href":"https:\/\/szelkialto.hu\/index.php?rest_route=\/wp\/v2\/posts"}],"about":[{"href":"https:\/\/szelkialto.hu\/index.php?rest_route=\/wp\/v2\/types\/post"}],"author":[{"embeddable":true,"href":"https:\/\/szelkialto.hu\/index.php?rest_route=\/wp\/v2\/users\/3"}],"replies":[{"embeddable":true,"href":"https:\/\/szelkialto.hu\/index.php?rest_route=%2Fwp%2Fv2%2Fcomments&post=2357"}],"version-history":[{"count":1,"href":"https:\/\/szelkialto.hu\/index.php?rest_route=\/wp\/v2\/posts\/2357\/revisions"}],"predecessor-version":[{"id":2853,"href":"https:\/\/szelkialto.hu\/index.php?rest_route=\/wp\/v2\/posts\/2357\/revisions\/2853"}],"wp:attachment":[{"href":"https:\/\/szelkialto.hu\/index.php?rest_route=%2Fwp%2Fv2%2Fmedia&parent=2357"}],"wp:term":[{"taxonomy":"category","embeddable":true,"href":"https:\/\/szelkialto.hu\/index.php?rest_route=%2Fwp%2Fv2%2Fcategories&post=2357"},{"taxonomy":"post_tag","embeddable":true,"href":"https:\/\/szelkialto.hu\/index.php?rest_route=%2Fwp%2Fv2%2Ftags&post=2357"}],"curies":[{"name":"wp","href":"https:\/\/api.w.org\/{rel}","templated":true}]}}