{"id":2390,"date":"2013-05-10T08:51:17","date_gmt":"2013-05-10T06:51:17","guid":{"rendered":"https:\/\/szelkialto.hu\/?p=2390"},"modified":"2014-06-04T08:42:56","modified_gmt":"2014-06-04T06:42:56","slug":"hymnus-a-borhoz","status":"publish","type":"post","link":"https:\/\/szelkialto.hu\/?p=2390","title":{"rendered":"Hymnus a borhoz&#8230;"},"content":{"rendered":"<p><a title=\"23. P\u00e9csi Nemzetk\u00f6zi Kamarak\u00f3rus Verseny\" href=\"http:\/\/korusverseny.ckh.hu\" target=\"_blank\"><img loading=\"lazy\" decoding=\"async\" style=\"border: 1px solid lightgray;\" title=\"23. P\u00e9csi Nemzetk\u00f6zi Kamarak\u00f3rus Verseny\" alt=\"23. P\u00e9csi Nemzetk\u00f6zi Kamarak\u00f3rus Verseny\" src=\"https:\/\/szelkialto.hu\/wp-content\/uploads\/kamarakorus_fesztival-2013_header.jpg\" width=\"450\" height=\"239\" \/><\/a><\/p>\n<p><strong><span style=\"font-size: medium;\"><a href=\"http:\/\/korusverseny.ckh.hu\" target=\"_blank\"><img loading=\"lazy\" decoding=\"async\" style=\"float: right; margin-left: 10px; margin-right: 10px; border: 1px solid lightgray;\" title=\"23. P\u00e9csi Nemzetk\u00f6zi Kamarak\u00f3rus Verseny - logo\" alt=\"23. P\u00e9csi Nemzetk\u00f6zi Kamarak\u00f3rus Verseny - logo\" src=\"https:\/\/szelkialto.hu\/wp-content\/uploads\/Pecsi_Nemzetkozi_Kamarakorus_Verseny-2013-logo.jpg\" width=\"65\" height=\"130\" \/><\/a>2013. m\u00e1jus 19. 20:30 Civil K\u00f6z\u00f6ss\u00e9gek H\u00e1za<br \/><\/span><\/strong><strong><span style=\"font-size: medium;\">Hymnus a borhoz<\/span><\/strong><br \/><strong><span style=\"font-size: medium;\">Sz\u00e9lki\u00e1lt\u00f3 koncert<br \/><\/span><\/strong><\/p>\n<p><span style=\"font-size: medium;\">A 23. P\u00e9csi Nemzetk\u00f6zi Kamarak\u00f3rus Verseny alkalm\u00e1b\u00f3l.<\/span><strong><span style=\"font-size: medium;\"><br \/><\/span><\/strong><\/p>\n<p>Az el\u0151ad\u00e1s nyilv\u00e1nos!<\/p>\n<p>&nbsp;<\/p>\n","protected":false},"excerpt":{"rendered":"<p>2013. m\u00e1jus 19. 20:30 Civil K\u00f6z\u00f6ss\u00e9gek H\u00e1zaHymnus a borhozSz\u00e9lki\u00e1lt\u00f3 koncert A 23. P\u00e9csi Nemzetk\u00f6zi Kamarak\u00f3rus Verseny alkalm\u00e1b\u00f3l. Az el\u0151ad\u00e1s nyilv\u00e1nos! &nbsp;<\/p>\n","protected":false},"author":3,"featured_media":0,"comment_status":"open","ping_status":"closed","sticky":false,"template":"","format":"standard","meta":{"footnotes":"","_links_to":"","_links_to_target":""},"categories":[53,54,4,51,7],"tags":[120,121,119],"class_list":["post-2390","post","type-post","status-publish","format-standard","hentry","category-enekelt-vers","category-fesztival","category-koncertek","category-zene-2","category-zenekar","tag-civil-kozossegek-haza","tag-hymnus-a-borhoz","tag-pecsi-nemzetkozi-kamarakorus-verseny"],"rttpg_featured_image_url":null,"rttpg_author":{"display_name":"Fenyvesi B\u00e9la","author_link":"https:\/\/szelkialto.hu\/?author=3"},"rttpg_comment":0,"rttpg_category":"<a href=\"https:\/\/szelkialto.hu\/?cat=53\" rel=\"category\">\u00e9nekelt vers<\/a> <a href=\"https:\/\/szelkialto.hu\/?cat=54\" rel=\"category\">fesztiv\u00e1l<\/a> <a href=\"https:\/\/szelkialto.hu\/?cat=4\" rel=\"category\">koncertek<\/a> <a href=\"https:\/\/szelkialto.hu\/?cat=51\" rel=\"category\">zene<\/a> <a href=\"https:\/\/szelkialto.hu\/?cat=7\" rel=\"category\">zenekar<\/a>","rttpg_excerpt":"2013. m\u00e1jus 19. 20:30 Civil K\u00f6z\u00f6ss\u00e9gek H\u00e1zaHymnus a borhozSz\u00e9lki\u00e1lt\u00f3 koncert A 23. P\u00e9csi Nemzetk\u00f6zi Kamarak\u00f3rus Verseny alkalm\u00e1b\u00f3l. Az el\u0151ad\u00e1s nyilv\u00e1nos! &nbsp;","_links":{"self":[{"href":"https:\/\/szelkialto.hu\/index.php?rest_route=\/wp\/v2\/posts\/2390","targetHints":{"allow":["GET"]}}],"collection":[{"href":"https:\/\/szelkialto.hu\/index.php?rest_route=\/wp\/v2\/posts"}],"about":[{"href":"https:\/\/szelkialto.hu\/index.php?rest_route=\/wp\/v2\/types\/post"}],"author":[{"embeddable":true,"href":"https:\/\/szelkialto.hu\/index.php?rest_route=\/wp\/v2\/users\/3"}],"replies":[{"embeddable":true,"href":"https:\/\/szelkialto.hu\/index.php?rest_route=%2Fwp%2Fv2%2Fcomments&post=2390"}],"version-history":[{"count":1,"href":"https:\/\/szelkialto.hu\/index.php?rest_route=\/wp\/v2\/posts\/2390\/revisions"}],"predecessor-version":[{"id":2856,"href":"https:\/\/szelkialto.hu\/index.php?rest_route=\/wp\/v2\/posts\/2390\/revisions\/2856"}],"wp:attachment":[{"href":"https:\/\/szelkialto.hu\/index.php?rest_route=%2Fwp%2Fv2%2Fmedia&parent=2390"}],"wp:term":[{"taxonomy":"category","embeddable":true,"href":"https:\/\/szelkialto.hu\/index.php?rest_route=%2Fwp%2Fv2%2Fcategories&post=2390"},{"taxonomy":"post_tag","embeddable":true,"href":"https:\/\/szelkialto.hu\/index.php?rest_route=%2Fwp%2Fv2%2Ftags&post=2390"}],"curies":[{"name":"wp","href":"https:\/\/api.w.org\/{rel}","templated":true}]}}