{"id":2449,"date":"2013-09-08T16:54:43","date_gmt":"2013-09-08T14:54:43","guid":{"rendered":"https:\/\/szelkialto.hu\/?p=2449"},"modified":"2014-06-20T07:39:52","modified_gmt":"2014-06-20T05:39:52","slug":"kulinaris-kavalkad-nagyvenyimen","status":"publish","type":"post","link":"https:\/\/szelkialto.hu\/?p=2449","title":{"rendered":"Kulin\u00e1ris Kavalk\u00e1d Nagyvenyimen"},"content":{"rendered":"<p><strong><span style=\"font-size: medium;\"><br \/>Sz\u00e9lki\u00e1lt\u00f3 koncert 15:00 \u00f3rakor<\/span><\/strong><\/p>\n<p><img loading=\"lazy\" decoding=\"async\" title=\"Kulin\u00e1ris Kavalk\u00e1d, Nagyvenyim\" alt=\"Kulin\u00e1ris Kavalk\u00e1d, Nagyvenyim\" src=\"https:\/\/szelkialto.hu\/wp-content\/uploads\/nagyvenyimi_plakat_fejlec.jpg\" width=\"450\" height=\"200\" \/><\/p>\n<p style=\"text-align: center;\"><span style=\"font-size: small;\"><strong>2013. szeptember 14. szombat 10:00 \u00f3r\u00e1t\u00f3l napestig<\/strong><\/span><br \/><span style=\"font-size: small;\"><strong>a Nagyvenyimi Sportcentrumban<\/strong><\/span><\/p>\n<p style=\"text-align: center;\">A rendezv\u00e9ny szervez\u0151je:<\/p>\n<p style=\"text-align: center;\"><img loading=\"lazy\" decoding=\"async\" title=\"Nagyvenyim \u00e9s T\u00e9rs\u00e9ge Fejleszt\u00e9s\u00e9\u00e9rt Egyes\u00fclet\" alt=\"Nagyvenyim \u00e9s T\u00e9rs\u00e9ge Fejleszt\u00e9s\u00e9\u00e9rt Egyes\u00fclet\" src=\"https:\/\/szelkialto.hu\/wp-content\/uploads\/ntfe.jpg\" width=\"150\" height=\"150\" \/><\/p>\n<p style=\"text-align: center;\">A rendezv\u00e9ny v\u00e9dn\u00f6ke: <strong>Szab\u00f3n\u00e9 L\u0151rincz Ilona polg\u00e1rmester<\/strong><\/p>\n<p style=\"margin-top: 20px;\"><span style=\"text-decoration: underline;\">A tervezett program:<\/span><\/p>\n<p style=\"padding-left: 30px;\">09.00 A f\u0151z\u0151helyek elfoglal\u00e1sa, a versenyz\u0151 borok \u00e9s p\u00e1link\u00e1k regisztr\u00e1ci\u00f3ja<br \/>10.00 A versenyz\u0151 italok regisztr\u00e1ci\u00f3j\u00e1nak z\u00e1r\u00e1sa<br \/>11.00 Megnyit\u00f3<br \/>11.30 A <strong>Pitypang B\u00e1bcsoport<\/strong> el\u0151ad\u00e1sa<br \/>12.00 A <strong>Nagyvenyimi Mazsorett Csoport<\/strong> m\u0171sora<br \/>14.00 V\u00e9dn\u00f6ki k\u00f6sz\u00f6nt\u0151 \u00e9s a versenyek eredm\u00e9nyhirdet\u00e9se<br \/>15.00 A <strong>Sz\u00e9lki\u00e1lt\u00f3<\/strong> egy\u00fcttes koncertje<br \/>17.00 A t\u00e1mogat\u00f3k k\u00f6sz\u00f6nt\u00e9se \u00e9s tombolasorsol\u00e1s<br \/>19.00 Disco <strong>DJ Norbeeboy<\/strong>-jal<\/p>\n<p style=\"margin-top: 20px;\"><span style=\"text-decoration: underline;\">A nap \u00e1lland\u00f3 programjai:<\/span><\/p>\n<ul>\n<li>Ki\u00e1ll\u00edt\u00e1s <strong>Egresi Zsuzsanna<\/strong> grafikus m\u0171v\u00e9sz munk\u00e1ib\u00f3l<\/li>\n<li><strong>Brummogda<\/strong> Nagyvenyimen: Ki\u00e1ll\u00edt\u00e1s <strong>Horv\u00e1th Annam\u00e1ria<\/strong> p\u00e9csi m\u0171v\u00e9szetterapeuta mack\u00f3ib\u00f3l<\/li>\n<li>Faj\u00e1t\u00e9kok bemutat\u00f3ja &#8211; <strong>Budai \u00c1rp\u00e1d<\/strong> j\u00e1t\u00e9kk\u00e9sz\u00edt\u0151 m\u0171hely\u00e9b\u0151l<\/li>\n<li>K\u00fcrt\u0151s kal\u00e1cs, arcfest\u00e9s, ugr\u00e1l\u00f3v\u00e1r, csill\u00e1mtetov\u00e1l\u00e1s, kos\u00e1rfon\u00f3, k\u00e9zm\u0171ves aj\u00e1nd\u00e9kok v\u00e1s\u00e1ra<\/li>\n<\/ul>\n<style type=\"text\/css\"><!--\nP { margin-bottom: 0.21cm; }\n--><\/style>\n<p style=\"margin-top: 20px;\">\u2013 A Sportcentrumban l\u00e1ngossal, palacsint\u00e1val v\u00e1rj\u00e1k a bet\u00e9r\u0151 vend\u00e9geket<br \/>\u2013 Az arra v\u00e1llalkoz\u00f3 csapatok versenyz\u0151 \u00e9telei k\u00f3stol\u00f3jegy ellen\u00e9ben k\u00f3stolhat\u00f3k<br \/>\u2013 Az ugr\u00e1l\u00f3v\u00e1r 500 Ft-os regisztr\u00e1ci\u00f3 ellen\u00e9ben korl\u00e1tlanul vehet\u0151 ig\u00e9nybe<br \/>\u2013 Az egyes\u00fclet m\u0171k\u00f6d\u00e9s\u00e9t \u00e9s a programot t\u00e1mogat\u00f3 jegyek v\u00e1s\u00e1rl\u00e1s\u00e1val seg\u00edthetik<\/p>\n<p style=\"margin-top: 20px;\"><span style=\"text-decoration: underline;\">\u00c9rdekl\u0151d\u00e9s \u00e9s jelentkez\u00e9s:<\/span><\/p>\n<p style=\"padding-left: 30px;\"><strong><\/strong><strong>Varg\u00e1n\u00e9 Kaiser Katalin<\/strong><br \/>+36 30 492 4099<strong><br \/><\/strong>vkaiserk@freemail.hu<\/p>\n<p>&nbsp;<\/p>\n","protected":false},"excerpt":{"rendered":"<p>Sz\u00e9lki\u00e1lt\u00f3 koncert 15:00 \u00f3rakor 2013. szeptember 14. szombat 10:00 \u00f3r\u00e1t\u00f3l napestiga Nagyvenyimi Sportcentrumban A rendezv\u00e9ny szervez\u0151je: A rendezv\u00e9ny v\u00e9dn\u00f6ke: Szab\u00f3n\u00e9 L\u0151rincz Ilona polg\u00e1rmester A tervezett program: 09.00 A f\u0151z\u0151helyek elfoglal\u00e1sa, a versenyz\u0151 borok \u00e9s p\u00e1link\u00e1k regisztr\u00e1ci\u00f3ja10.00 A versenyz\u0151 italok regisztr\u00e1ci\u00f3j\u00e1nak&#46;&#46;&#46;<\/p>\n","protected":false},"author":3,"featured_media":0,"comment_status":"open","ping_status":"closed","sticky":false,"template":"","format":"standard","meta":{"footnotes":"","_links_to":"","_links_to_target":""},"categories":[54,4],"tags":[122,123],"class_list":["post-2449","post","type-post","status-publish","format-standard","hentry","category-fesztival","category-koncertek","tag-kulinaris-kavalkad","tag-nagyvenyim"],"rttpg_featured_image_url":null,"rttpg_author":{"display_name":"Fenyvesi B\u00e9la","author_link":"https:\/\/szelkialto.hu\/?author=3"},"rttpg_comment":0,"rttpg_category":"<a href=\"https:\/\/szelkialto.hu\/?cat=54\" rel=\"category\">fesztiv\u00e1l<\/a> <a href=\"https:\/\/szelkialto.hu\/?cat=4\" rel=\"category\">koncertek<\/a>","rttpg_excerpt":"Sz\u00e9lki\u00e1lt\u00f3 koncert 15:00 \u00f3rakor 2013. szeptember 14. szombat 10:00 \u00f3r\u00e1t\u00f3l napestiga Nagyvenyimi Sportcentrumban A rendezv\u00e9ny szervez\u0151je: A rendezv\u00e9ny v\u00e9dn\u00f6ke: Szab\u00f3n\u00e9 L\u0151rincz Ilona polg\u00e1rmester A tervezett program: 09.00 A f\u0151z\u0151helyek elfoglal\u00e1sa, a versenyz\u0151 borok \u00e9s p\u00e1link\u00e1k regisztr\u00e1ci\u00f3ja10.00 A versenyz\u0151 italok regisztr\u00e1ci\u00f3j\u00e1nak&#46;&#46;&#46;","_links":{"self":[{"href":"https:\/\/szelkialto.hu\/index.php?rest_route=\/wp\/v2\/posts\/2449","targetHints":{"allow":["GET"]}}],"collection":[{"href":"https:\/\/szelkialto.hu\/index.php?rest_route=\/wp\/v2\/posts"}],"about":[{"href":"https:\/\/szelkialto.hu\/index.php?rest_route=\/wp\/v2\/types\/post"}],"author":[{"embeddable":true,"href":"https:\/\/szelkialto.hu\/index.php?rest_route=\/wp\/v2\/users\/3"}],"replies":[{"embeddable":true,"href":"https:\/\/szelkialto.hu\/index.php?rest_route=%2Fwp%2Fv2%2Fcomments&post=2449"}],"version-history":[{"count":1,"href":"https:\/\/szelkialto.hu\/index.php?rest_route=\/wp\/v2\/posts\/2449\/revisions"}],"predecessor-version":[{"id":2901,"href":"https:\/\/szelkialto.hu\/index.php?rest_route=\/wp\/v2\/posts\/2449\/revisions\/2901"}],"wp:attachment":[{"href":"https:\/\/szelkialto.hu\/index.php?rest_route=%2Fwp%2Fv2%2Fmedia&parent=2449"}],"wp:term":[{"taxonomy":"category","embeddable":true,"href":"https:\/\/szelkialto.hu\/index.php?rest_route=%2Fwp%2Fv2%2Fcategories&post=2449"},{"taxonomy":"post_tag","embeddable":true,"href":"https:\/\/szelkialto.hu\/index.php?rest_route=%2Fwp%2Fv2%2Ftags&post=2449"}],"curies":[{"name":"wp","href":"https:\/\/api.w.org\/{rel}","templated":true}]}}