{"id":2519,"date":"2013-09-08T18:55:48","date_gmt":"2013-09-08T16:55:48","guid":{"rendered":"https:\/\/szelkialto.hu\/?p=2519"},"modified":"2014-06-04T08:40:21","modified_gmt":"2014-06-04T06:40:21","slug":"a-szelkialto-titok-cikk-a-pecsma-hu-portalon","status":"publish","type":"post","link":"https:\/\/szelkialto.hu\/?p=2519","title":{"rendered":"A Sz\u00e9lki\u00e1lt\u00f3-titok \u2013 cikk a pecsma.hu port\u00e1lon&#8230;"},"content":{"rendered":"<p>&nbsp;<\/p>\n<p><a href=\"http:\/\/www.pecsma.hu\" target=\"_blank\"><img loading=\"lazy\" decoding=\"async\" style=\"float: right;\" title=\"pecsma.hu\" alt=\"pecsma.hu\" src=\"https:\/\/szelkialto.hu\/wp-content\/uploads\/pecsma-logo.jpg\" width=\"200\" height=\"66\" \/><\/a>Nemr\u00e9g jelent meg a pecsma.hu port\u00e1lon Csat\u00f3 Andrea cikke a Sz\u00e9lki\u00e1lt\u00f3 egy\u00fcttes tagj\u00e1r\u00f3l, Fenyvesi B\u00e9l\u00e1r\u00f3l.<br \/>Az \u00edr\u00e1s <a title=\"A Sz\u00e9lki\u00e1lt\u00f3-titok\" href=\"http:\/\/www.pecsma.hu\/abszolut-pecs\/a-szelkialto-titok\/\" target=\"_blank\"><strong>itt<\/strong><\/a> \u00e9rhet\u0151 el.<\/p>\n<p>&nbsp;<\/p>\n","protected":false},"excerpt":{"rendered":"<p>&nbsp; Nemr\u00e9g jelent meg a pecsma.hu port\u00e1lon Csat\u00f3 Andrea cikke a Sz\u00e9lki\u00e1lt\u00f3 egy\u00fcttes tagj\u00e1r\u00f3l, Fenyvesi B\u00e9l\u00e1r\u00f3l.Az \u00edr\u00e1s itt \u00e9rhet\u0151 el. &nbsp;<\/p>\n","protected":false},"author":3,"featured_media":0,"comment_status":"open","ping_status":"closed","sticky":false,"template":"","format":"standard","meta":{"footnotes":"","_links_to":"","_links_to_target":""},"categories":[46],"tags":[116,124,47],"class_list":["post-2519","post","type-post","status-publish","format-standard","hentry","category-sajto","tag-dombovar","tag-fenyvesi-bela","tag-pecsma-hu"],"rttpg_featured_image_url":null,"rttpg_author":{"display_name":"Fenyvesi B\u00e9la","author_link":"https:\/\/szelkialto.hu\/?author=3"},"rttpg_comment":0,"rttpg_category":"<a href=\"https:\/\/szelkialto.hu\/?cat=46\" rel=\"category\">sajt\u00f3<\/a>","rttpg_excerpt":"&nbsp; Nemr\u00e9g jelent meg a pecsma.hu port\u00e1lon Csat\u00f3 Andrea cikke a Sz\u00e9lki\u00e1lt\u00f3 egy\u00fcttes tagj\u00e1r\u00f3l, Fenyvesi B\u00e9l\u00e1r\u00f3l.Az \u00edr\u00e1s itt \u00e9rhet\u0151 el. &nbsp;","_links":{"self":[{"href":"https:\/\/szelkialto.hu\/index.php?rest_route=\/wp\/v2\/posts\/2519","targetHints":{"allow":["GET"]}}],"collection":[{"href":"https:\/\/szelkialto.hu\/index.php?rest_route=\/wp\/v2\/posts"}],"about":[{"href":"https:\/\/szelkialto.hu\/index.php?rest_route=\/wp\/v2\/types\/post"}],"author":[{"embeddable":true,"href":"https:\/\/szelkialto.hu\/index.php?rest_route=\/wp\/v2\/users\/3"}],"replies":[{"embeddable":true,"href":"https:\/\/szelkialto.hu\/index.php?rest_route=%2Fwp%2Fv2%2Fcomments&post=2519"}],"version-history":[{"count":1,"href":"https:\/\/szelkialto.hu\/index.php?rest_route=\/wp\/v2\/posts\/2519\/revisions"}],"predecessor-version":[{"id":2846,"href":"https:\/\/szelkialto.hu\/index.php?rest_route=\/wp\/v2\/posts\/2519\/revisions\/2846"}],"wp:attachment":[{"href":"https:\/\/szelkialto.hu\/index.php?rest_route=%2Fwp%2Fv2%2Fmedia&parent=2519"}],"wp:term":[{"taxonomy":"category","embeddable":true,"href":"https:\/\/szelkialto.hu\/index.php?rest_route=%2Fwp%2Fv2%2Fcategories&post=2519"},{"taxonomy":"post_tag","embeddable":true,"href":"https:\/\/szelkialto.hu\/index.php?rest_route=%2Fwp%2Fv2%2Ftags&post=2519"}],"curies":[{"name":"wp","href":"https:\/\/api.w.org\/{rel}","templated":true}]}}