{"id":2604,"date":"2014-01-27T10:33:03","date_gmt":"2014-01-27T09:33:03","guid":{"rendered":"https:\/\/szelkialto.hu\/?p=2604"},"modified":"2014-06-02T06:28:17","modified_gmt":"2014-06-02T04:28:17","slug":"hymnus-a-borhoz-megjelent-a-szelkialto-legujabb-lemeze","status":"publish","type":"post","link":"https:\/\/szelkialto.hu\/?p=2604","title":{"rendered":"Hymnus a borhoz &#8211; megjelent az \u00faj Sz\u00e9lki\u00e1lt\u00f3 lemez"},"content":{"rendered":"<p style=\"text-align: center;\"><a title=\"Sz\u00e9lki\u00e1lt\u00f3: Hymnus a borhoz\" href=\"https:\/\/szelkialto.hu\/?page_id=2586\"><img loading=\"lazy\" decoding=\"async\" class=\"size-full wp-image-2606  aligncenter\" alt=\"Sz\u00e9lki\u00e1lt\u00f3: Hymnus a borhoz - CD\" src=\"https:\/\/szelkialto.hu\/wp-content\/uploads\/hymnus_a_borhoz02.jpg\" width=\"450\" height=\"294\" srcset=\"https:\/\/szelkialto.hu\/wp-content\/uploads\/hymnus_a_borhoz02.jpg 450w, https:\/\/szelkialto.hu\/wp-content\/uploads\/hymnus_a_borhoz02-300x196.jpg 300w\" sizes=\"auto, (max-width: 450px) 100vw, 450px\" \/><\/a><\/p>\n<p style=\"text-align: center;\"><span style=\"font-size: medium;\"><strong>Megv\u00e1s\u00e1rolhat\u00f3 a <a title=\"Sz\u00e9lki\u00e1lt\u00f3: Hymnus a borhoz\" href=\"http:\/\/www.kalakazenebolt.hu\/component\/virtuemart\/cd-lemezek\/sz%C3%A9lki%C3%A1lt%C3%B3-hymnus-a-borhoz\" target=\"_blank\">Kal\u00e1ka Zeneboltban<\/a>, \u00e9s a Sz\u00e9lki\u00e1lt\u00f3 koncertjein. R\u00e9szleteket a k\u00e9pekre kattintva olvashat.<br \/><\/strong><\/span><\/p>\n<p style=\"text-align: center;\"><a title=\"Sz\u00e9lki\u00e1lt\u00f3: Hymnus a borhoz\" href=\"https:\/\/szelkialto.hu\/?page_id=2586\" rel=\"attachment wp-att-2608\"><img loading=\"lazy\" decoding=\"async\" class=\"size-full wp-image-2608 aligncenter\" alt=\"hymnus_a_borhoz04\" src=\"https:\/\/szelkialto.hu\/wp-content\/uploads\/hymnus_a_borhoz04.jpg\" width=\"450\" height=\"351\" srcset=\"https:\/\/szelkialto.hu\/wp-content\/uploads\/hymnus_a_borhoz04.jpg 450w, https:\/\/szelkialto.hu\/wp-content\/uploads\/hymnus_a_borhoz04-300x234.jpg 300w\" sizes=\"auto, (max-width: 450px) 100vw, 450px\" \/><\/a><\/p>\n<p style=\"text-align: center;\">\u00a0<\/p>\n","protected":false},"excerpt":{"rendered":"<p>Megv\u00e1s\u00e1rolhat\u00f3 a Kal\u00e1ka Zeneboltban, \u00e9s a Sz\u00e9lki\u00e1lt\u00f3 koncertjein. R\u00e9szleteket a k\u00e9pekre kattintva olvashat. \u00a0<\/p>\n","protected":false},"author":3,"featured_media":0,"comment_status":"open","ping_status":"closed","sticky":false,"template":"","format":"standard","meta":{"footnotes":"","_links_to":"","_links_to_target":""},"categories":[17,53],"tags":[121,130],"class_list":["post-2604","post","type-post","status-publish","format-standard","hentry","category-cd","category-enekelt-vers","tag-hymnus-a-borhoz","tag-uj-cd"],"rttpg_featured_image_url":null,"rttpg_author":{"display_name":"Fenyvesi B\u00e9la","author_link":"https:\/\/szelkialto.hu\/?author=3"},"rttpg_comment":0,"rttpg_category":"<a href=\"https:\/\/szelkialto.hu\/?cat=17\" rel=\"category\">CD<\/a> <a href=\"https:\/\/szelkialto.hu\/?cat=53\" rel=\"category\">\u00e9nekelt vers<\/a>","rttpg_excerpt":"Megv\u00e1s\u00e1rolhat\u00f3 a Kal\u00e1ka Zeneboltban, \u00e9s a Sz\u00e9lki\u00e1lt\u00f3 koncertjein. R\u00e9szleteket a k\u00e9pekre kattintva olvashat. \u00a0","_links":{"self":[{"href":"https:\/\/szelkialto.hu\/index.php?rest_route=\/wp\/v2\/posts\/2604","targetHints":{"allow":["GET"]}}],"collection":[{"href":"https:\/\/szelkialto.hu\/index.php?rest_route=\/wp\/v2\/posts"}],"about":[{"href":"https:\/\/szelkialto.hu\/index.php?rest_route=\/wp\/v2\/types\/post"}],"author":[{"embeddable":true,"href":"https:\/\/szelkialto.hu\/index.php?rest_route=\/wp\/v2\/users\/3"}],"replies":[{"embeddable":true,"href":"https:\/\/szelkialto.hu\/index.php?rest_route=%2Fwp%2Fv2%2Fcomments&post=2604"}],"version-history":[{"count":18,"href":"https:\/\/szelkialto.hu\/index.php?rest_route=\/wp\/v2\/posts\/2604\/revisions"}],"predecessor-version":[{"id":2627,"href":"https:\/\/szelkialto.hu\/index.php?rest_route=\/wp\/v2\/posts\/2604\/revisions\/2627"}],"wp:attachment":[{"href":"https:\/\/szelkialto.hu\/index.php?rest_route=%2Fwp%2Fv2%2Fmedia&parent=2604"}],"wp:term":[{"taxonomy":"category","embeddable":true,"href":"https:\/\/szelkialto.hu\/index.php?rest_route=%2Fwp%2Fv2%2Fcategories&post=2604"},{"taxonomy":"post_tag","embeddable":true,"href":"https:\/\/szelkialto.hu\/index.php?rest_route=%2Fwp%2Fv2%2Ftags&post=2604"}],"curies":[{"name":"wp","href":"https:\/\/api.w.org\/{rel}","templated":true}]}}