{"id":2947,"date":"2014-10-28T20:48:53","date_gmt":"2014-10-28T19:48:53","guid":{"rendered":"https:\/\/szelkialto.hu\/?p=2947"},"modified":"2022-12-10T12:12:15","modified_gmt":"2022-12-10T11:12:15","slug":"vegso-bucsu-kereszteny-belatol","status":"publish","type":"post","link":"https:\/\/szelkialto.hu\/?p=2947","title":{"rendered":"V\u00e9gs\u0151 b\u00facs\u00fa Kereszt\u00e9ny B\u00e9l\u00e1t\u00f3l"},"content":{"rendered":"<p><span style=\"font-size: 12pt;\">Bar\u00e1tunk \u00e9s zen\u00e9szt\u00e1rsunk v\u00e9gs\u0151 b\u00facs\u00faztat\u00e1sa <strong>2014. november 14-\u00e9n<\/strong>, p\u00e9nteken <strong>15:00 \u00f3rakor<\/strong> lesz a sz\u00fcl\u0151v\u00e1ros\u00e1ban, Mosonmagyar\u00f3v\u00e1ron, a <strong>magyar\u00f3v\u00e1ri r\u00e9gi temet\u0151ben<\/strong> (V\u00e1roskapu t\u00e9r).<\/span><\/p>\n<p><span style=\"font-size: 12pt;\">El\u0151tte <strong>14:00 \u00f3rakor gy\u00e1szmise a Piarista\u00a0 k\u00e1poln\u00e1ban<\/strong> (F\u0151 utca 4.).<\/span><\/p>\n<p><img loading=\"lazy\" decoding=\"async\" class=\"aligncenter wp-image-2952\" src=\"https:\/\/szelkialto.hu\/wp-content\/uploads\/Kereszteny_Bela.jpg\" alt=\"Kereszteny_Bela\" width=\"450\" height=\"472\" srcset=\"https:\/\/szelkialto.hu\/wp-content\/uploads\/Kereszteny_Bela.jpg 579w, https:\/\/szelkialto.hu\/wp-content\/uploads\/Kereszteny_Bela-286x300.jpg 286w\" sizes=\"auto, (max-width: 450px) 100vw, 450px\" \/><\/p>\n<p>&nbsp;<\/p>\n","protected":false},"excerpt":{"rendered":"<p>Bar\u00e1tunk \u00e9s zen\u00e9szt\u00e1rsunk v\u00e9gs\u0151 b\u00facs\u00faztat\u00e1sa 2014. november 14-\u00e9n, p\u00e9nteken 15:00 \u00f3rakor lesz a sz\u00fcl\u0151v\u00e1ros\u00e1ban, Mosonmagyar\u00f3v\u00e1ron, a magyar\u00f3v\u00e1ri r\u00e9gi temet\u0151ben (V\u00e1roskapu t\u00e9r). El\u0151tte 14:00 \u00f3rakor gy\u00e1szmise a Piarista\u00a0 k\u00e1poln\u00e1ban (F\u0151 utca 4.). &nbsp;<\/p>\n","protected":false},"author":3,"featured_media":5123,"comment_status":"open","ping_status":"closed","sticky":false,"template":"","format":"standard","meta":{"footnotes":"","_links_to":"","_links_to_target":""},"categories":[1],"tags":[],"class_list":["post-2947","post","type-post","status-publish","format-standard","has-post-thumbnail","hentry","category-nincs-kategorizalva"],"rttpg_featured_image_url":{"full":["https:\/\/szelkialto.hu\/wp-content\/uploads\/kereszteny_bela02.jpg",400,340,false],"landscape":["https:\/\/szelkialto.hu\/wp-content\/uploads\/kereszteny_bela02.jpg",400,340,false],"portraits":["https:\/\/szelkialto.hu\/wp-content\/uploads\/kereszteny_bela02.jpg",400,340,false],"thumbnail":["https:\/\/szelkialto.hu\/wp-content\/uploads\/kereszteny_bela02-150x150.jpg",150,150,true],"medium":["https:\/\/szelkialto.hu\/wp-content\/uploads\/kereszteny_bela02-300x255.jpg",300,255,true],"large":["https:\/\/szelkialto.hu\/wp-content\/uploads\/kereszteny_bela02.jpg",400,340,false],"1536x1536":["https:\/\/szelkialto.hu\/wp-content\/uploads\/kereszteny_bela02.jpg",400,340,false],"2048x2048":["https:\/\/szelkialto.hu\/wp-content\/uploads\/kereszteny_bela02.jpg",400,340,false],"thumb-small":["https:\/\/szelkialto.hu\/wp-content\/uploads\/kereszteny_bela02-80x80.jpg",80,80,true],"thumb-standard":["https:\/\/szelkialto.hu\/wp-content\/uploads\/kereszteny_bela02-320x320.jpg",320,320,true],"thumb-medium":["https:\/\/szelkialto.hu\/wp-content\/uploads\/kereszteny_bela02-400x245.jpg",400,245,true],"thumb-large":["https:\/\/szelkialto.hu\/wp-content\/uploads\/kereszteny_bela02.jpg",400,340,false],"thumb-xlarge":["https:\/\/szelkialto.hu\/wp-content\/uploads\/kereszteny_bela02.jpg",400,340,false],"thumb-xxlarge":["https:\/\/szelkialto.hu\/wp-content\/uploads\/kereszteny_bela02.jpg",400,340,false]},"rttpg_author":{"display_name":"Fenyvesi B\u00e9la","author_link":"https:\/\/szelkialto.hu\/?author=3"},"rttpg_comment":1,"rttpg_category":"<a href=\"https:\/\/szelkialto.hu\/?cat=1\" rel=\"category\">Nincs kategoriz\u00e1lva<\/a>","rttpg_excerpt":"Bar\u00e1tunk \u00e9s zen\u00e9szt\u00e1rsunk v\u00e9gs\u0151 b\u00facs\u00faztat\u00e1sa 2014. november 14-\u00e9n, p\u00e9nteken 15:00 \u00f3rakor lesz a sz\u00fcl\u0151v\u00e1ros\u00e1ban, Mosonmagyar\u00f3v\u00e1ron, a magyar\u00f3v\u00e1ri r\u00e9gi temet\u0151ben (V\u00e1roskapu t\u00e9r). El\u0151tte 14:00 \u00f3rakor gy\u00e1szmise a Piarista\u00a0 k\u00e1poln\u00e1ban (F\u0151 utca 4.). &nbsp;","_links":{"self":[{"href":"https:\/\/szelkialto.hu\/index.php?rest_route=\/wp\/v2\/posts\/2947","targetHints":{"allow":["GET"]}}],"collection":[{"href":"https:\/\/szelkialto.hu\/index.php?rest_route=\/wp\/v2\/posts"}],"about":[{"href":"https:\/\/szelkialto.hu\/index.php?rest_route=\/wp\/v2\/types\/post"}],"author":[{"embeddable":true,"href":"https:\/\/szelkialto.hu\/index.php?rest_route=\/wp\/v2\/users\/3"}],"replies":[{"embeddable":true,"href":"https:\/\/szelkialto.hu\/index.php?rest_route=%2Fwp%2Fv2%2Fcomments&post=2947"}],"version-history":[{"count":11,"href":"https:\/\/szelkialto.hu\/index.php?rest_route=\/wp\/v2\/posts\/2947\/revisions"}],"predecessor-version":[{"id":2960,"href":"https:\/\/szelkialto.hu\/index.php?rest_route=\/wp\/v2\/posts\/2947\/revisions\/2960"}],"wp:featuredmedia":[{"embeddable":true,"href":"https:\/\/szelkialto.hu\/index.php?rest_route=\/wp\/v2\/media\/5123"}],"wp:attachment":[{"href":"https:\/\/szelkialto.hu\/index.php?rest_route=%2Fwp%2Fv2%2Fmedia&parent=2947"}],"wp:term":[{"taxonomy":"category","embeddable":true,"href":"https:\/\/szelkialto.hu\/index.php?rest_route=%2Fwp%2Fv2%2Fcategories&post=2947"},{"taxonomy":"post_tag","embeddable":true,"href":"https:\/\/szelkialto.hu\/index.php?rest_route=%2Fwp%2Fv2%2Ftags&post=2947"}],"curies":[{"name":"wp","href":"https:\/\/api.w.org\/{rel}","templated":true}]}}